{"id":49341,"date":"2024-05-27T22:37:56","date_gmt":"2024-05-27T20:37:56","guid":{"rendered":"https:\/\/www.invarena.cz\/?p=49341"},"modified":"2024-05-28T05:37:17","modified_gmt":"2024-05-28T03:37:17","slug":"trinactileta-kristynka-nema-ruku-ale-zavodne-sportuje-navzdory-handicapu","status":"publish","type":"post","link":"https:\/\/www.invarena.cz\/?p=49341","title":{"rendered":"T\u0159in\u00e1ctilet\u00e1 Krist\u00fdnka nem\u00e1 ruku, ale z\u00e1vodn\u011b sportuje navzdory handicapu"},"content":{"rendered":"\n<p>Nadace Na\u0161e d\u00edt\u011b chce T\u00fdnu podpo\u0159it jak v\u00a0l\u00e9\u010db\u011b pah\u00fdlku, tak v\u00a0jej\u00edch sportovn\u00edch aktivit\u00e1ch.<\/p>\n\n\n\n<p>Pom\u016f\u017eete spole\u010dn\u011b s\u00a0n\u00e1mi Krist\u00fdn\u011b? Narodila se toti\u017e s\u00a0v\u00fdvojovou vadou\u00a0\u2013 deformovan\u00fdm prav\u00fdm p\u0159edlokt\u00edm. Hned po narozen\u00ed j\u00ed \u010d\u00e1st ruky musela b\u00fdt amputovan\u00e1. Bohu\u017eel nem\u00e1 nad\u011bji na prot\u00e9zu, proto\u017ee jej\u00ed r\u00e1na se nehoj\u00ed a pah\u00fdlek, kter\u00fd ji napadl z\u00e1ke\u0159n\u00fd zlat\u00fd stafylokok, j\u00ed je nad\u00e1le amputacemi zkracov\u00e1n. Progn\u00f3za nen\u00ed dobr\u00e1. T\u00fdna to v\u0161ak nevzd\u00e1v\u00e1 a navzdory osudu je aktivn\u00ed sportovkyn\u011b. Podpo\u0159me state\u010dnou t\u0159in\u00e1ctiletou sle\u010dnu v\u00a0boji s\u00a0jej\u00edm handicapem.<\/p>\n\n\n\n<p>Krist\u00fdna se narodila jako star\u0161\u00ed z&nbsp;dvoj\u010dat, m\u00e1 sestru Terezu a tak\u00e9 mlad\u0161\u00edho br\u00e1\u0161ku Kristi\u00e1na. Maminka je v&nbsp;invalidn\u00edm d\u016fchodu a na 3&nbsp;d\u011bti z\u016fstala sama. Nadace Na\u0161e d\u00edt\u011b chce T\u00fdnu podpo\u0159it jak v&nbsp;l\u00e9\u010db\u011b pah\u00fdlku, tak v&nbsp;jej\u00edch sportovn\u00edch aktivit\u00e1ch.&nbsp;<a href=\"https:\/\/www.donio.cz\/pro-tynu-bez-ruky\" target=\"_blank\" rel=\"noreferrer noopener\">https:\/\/www.donio.cz\/pro-tynu-bez-ruky<\/a><\/p>\n\n\n\n<p>T\u00fdn\u011b byla hned po narozen\u00ed amputov\u00e1na \u010d\u00e1st prav\u00e9 ruky. Pot\u00e9 n\u00e1sledovala transplantace kostn\u00edho \u0161t\u011bpu, aby mohla dostat prot\u00e9zku.\u00a0\u0160t\u011bp se v\u0161ak neujal a\u00a0Krist\u00fdn\u010din pah\u00fdlek napadla z\u00e1ke\u0159n\u00e1 infekce\u00a0\u2013 zlat\u00fd stafylokok. Ten ji od t\u00e9 doby st\u00e1le ohro\u017euje, r\u00e1na se nehoj\u00ed a\u00a0n\u011bkolik t\u00fddn\u016f v\u00a0roce mus\u00ed T\u00fdnka str\u00e1vit v\u00a0nemocnici, kde je\u00a0pah\u00fdlek postupn\u011b dal\u0161\u00edmi amputacemi zkracov\u00e1n.\u00a0Kv\u016fli nehoj\u00edc\u00ed se r\u00e1n\u011b nem\u00e1 Krist\u00fdna nad\u011bji na prot\u00e9zu. L\u00e9\u010dba otev\u0159en\u00e9 r\u00e1ny na pah\u00fdlu je bohu\u017eel slo\u017eit\u00e1,\u00a0klasick\u00e1 medic\u00edna v\u00a0tomto p\u0159\u00edpad\u011b nen\u00ed p\u0159\u00edli\u0161 \u00fasp\u011b\u0161n\u00e1, proto zkou\u0161\u00ed maminka s\u00a0Krist\u00fdnou i\u00a0dal\u0161\u00ed alternativn\u00ed mo\u017enosti.<\/p>\n\n\n\n<p>Sb\u00edrku pro T\u00fdnu m\u016f\u017eete podpo\u0159it na Donio.cz:&nbsp;<a href=\"https:\/\/www.donio.cz\/pro-tynu-bez-ruky\" target=\"_blank\" rel=\"noreferrer noopener\">https:\/\/www.donio.cz\/pro-tynu-bez-ruky<\/a><\/p>\n\n\n\n<p>T\u00fdna se sv\u00fdm osudem pere state\u010dn\u011b a\u00a0p\u0159es sv\u016fj\u00a0zdravotn\u00ed handicap a\u00a0neust\u00e1l\u00e9 bolesti dosahuje \u00fasp\u011bch\u016f.\u00a0Spolu se svou sestrou\u00a0\u2013 dvoj\u010detem Terezkou tr\u00e9nuj\u00ed z\u00e1vodn\u011b\u00a0sportovn\u00ed aerobik,\u00a0jezd\u00ed na sout\u011b\u017ee a\u00a0nyn\u00ed je \u010dek\u00e1\u00a0kvalifikace na Mistrovstv\u00ed \u010cR. Krom\u011b aerobiku s\u00a0Terezkou chod\u00ed tak\u00e9 na fotbal a\u00a0spolu s\u00a0mlad\u0161\u00edm bratrem Kristi\u00e1nkem tr\u00e9nuj\u00ed i\u00a0v\u00a0hasi\u010dsk\u00e9m krou\u017eku. Sport T\u00fdn\u011b velmi pom\u00e1h\u00e1 vyrovnat se s\u00a0jej\u00edm handicapem. Proto Nadace Na\u0161e d\u00edt\u011b zalo\u017eila sb\u00edrku na pomoc pro T\u00fdnu.<\/p>\n\n\n\n<p>Pra\u017esk\u00fd den\u00edk<\/p>\n\n\n\n<p><a href=\"https:\/\/pr.denik.cz\/\" target=\"_blank\" rel=\"noreferrer noopener\">https:\/\/pr.denik.cz\/<\/a><\/p>\n","protected":false},"excerpt":{"rendered":"<div class=\"mh-excerpt\"><p>Nadace Na\u0161e d\u00edt\u011b chce T\u00fdnu podpo\u0159it jak v\u00a0l\u00e9\u010db\u011b pah\u00fdlku, tak v\u00a0jej\u00edch sportovn\u00edch aktivit\u00e1ch. Pom\u016f\u017eete spole\u010dn\u011b s\u00a0n\u00e1mi Krist\u00fdn\u011b? Narodila se toti\u017e s\u00a0v\u00fdvojovou vadou\u00a0\u2013 deformovan\u00fdm prav\u00fdm p\u0159edlokt\u00edm. <a class=\"mh-excerpt-more\" href=\"https:\/\/www.invarena.cz\/?p=49341\" title=\"T\u0159in\u00e1ctilet\u00e1 Krist\u00fdnka nem\u00e1 ruku, ale z\u00e1vodn\u011b sportuje navzdory handicapu\">[&#8230;]<\/a><\/p>\n<\/div>","protected":false},"author":1,"featured_media":49363,"comment_status":"open","ping_status":"closed","sticky":false,"template":"","format":"standard","meta":{"footnotes":""},"categories":[9],"tags":[],"class_list":["post-49341","post","type-post","status-publish","format-standard","has-post-thumbnail","hentry","category-zpravy"],"_links":{"self":[{"href":"https:\/\/www.invarena.cz\/index.php?rest_route=\/wp\/v2\/posts\/49341","targetHints":{"allow":["GET"]}}],"collection":[{"href":"https:\/\/www.invarena.cz\/index.php?rest_route=\/wp\/v2\/posts"}],"about":[{"href":"https:\/\/www.invarena.cz\/index.php?rest_route=\/wp\/v2\/types\/post"}],"author":[{"embeddable":true,"href":"https:\/\/www.invarena.cz\/index.php?rest_route=\/wp\/v2\/users\/1"}],"replies":[{"embeddable":true,"href":"https:\/\/www.invarena.cz\/index.php?rest_route=%2Fwp%2Fv2%2Fcomments&post=49341"}],"version-history":[{"count":0,"href":"https:\/\/www.invarena.cz\/index.php?rest_route=\/wp\/v2\/posts\/49341\/revisions"}],"wp:featuredmedia":[{"embeddable":true,"href":"https:\/\/www.invarena.cz\/index.php?rest_route=\/wp\/v2\/media\/49363"}],"wp:attachment":[{"href":"https:\/\/www.invarena.cz\/index.php?rest_route=%2Fwp%2Fv2%2Fmedia&parent=49341"}],"wp:term":[{"taxonomy":"category","embeddable":true,"href":"https:\/\/www.invarena.cz\/index.php?rest_route=%2Fwp%2Fv2%2Fcategories&post=49341"},{"taxonomy":"post_tag","embeddable":true,"href":"https:\/\/www.invarena.cz\/index.php?rest_route=%2Fwp%2Fv2%2Ftags&post=49341"}],"curies":[{"name":"wp","href":"https:\/\/api.w.org\/{rel}","templated":true}]}}