{"id":49344,"date":"2024-05-27T22:49:15","date_gmt":"2024-05-27T20:49:15","guid":{"rendered":"https:\/\/www.invarena.cz\/?p=49344"},"modified":"2024-05-27T22:49:16","modified_gmt":"2024-05-27T20:49:16","slug":"hamzova-lecebna-v-centru-deni","status":"publish","type":"post","link":"https:\/\/www.invarena.cz\/?p=49344","title":{"rendered":"Hamzova l\u00e9\u010debna v centru d\u011bn\u00ed"},"content":{"rendered":"\n<p>Na 21.\u00a0kv\u011bten 2024\u00a0v\u00a0Hamzov\u011b l\u00e9\u010debn\u011b\u00a0v\u00a0Lu\u017ei &#8211; Ko\u0161umberku jen tak nezapomeneme. V\u00a0jeden den jsme p\u0159iv\u00edtali dv\u011b velmi vz\u00e1cn\u00e9 n\u00e1v\u0161t\u011bvy. Nejprve do Hamzova parku a arboreta dorazil n\u00e1\u0161 metodik, dr. V\u00e1clav V\u011btvi\u010dka a v\u00a0podve\u010der se Hamzova l\u00e9\u010debna stala c\u00edlem n\u00e1v\u0161t\u011bvy prezidentsk\u00e9ho p\u00e1ru Petra a Evy Pavlov\u00fdch.<\/p>\n\n\n\n<p>Odborn\u00fd garant\u00a0Hamzova arboreta\u00a0dr. V\u00e1clav V\u011btvi\u010dka stihl, je\u0161t\u011b p\u0159ed obl\u00edbenou p\u0159edn\u00e1\u0161kou v\u00a0r\u00e1mci akce Kv\u011bten v\u00a0kv\u011btu, sch\u016fzku se Sjednocenou organizac\u00ed nevidom\u00fdch a slabozrak\u00fdch (SONS). V\u00a0Hamzov\u011b arboretu se toti\u017e chyst\u00e1me vytvo\u0159it haptick\u00e9 stezky pro nevidom\u00e9. Je to samoz\u0159ejm\u011b n\u00e1ro\u010dn\u00e1 v\u011bc vy\u017eaduj\u00edc\u00ed velmi specifick\u00e9 znalosti.\u00a0 N\u00e1sledn\u00e1 akce Kv\u011bten v\u00a0kv\u011btu byla, d\u00edky osob\u011b V\u00e1clava V\u011btvi\u010dky, jako v\u017edy s\u00e1zka na jistotu a kvalitu, co\u017e potvrdil s\u00e1l pln\u00fd n\u00e1v\u0161t\u011bvn\u00edk\u016f v\u0161ech v\u011bkov\u00fdch kategori\u00ed. Leto\u0161n\u00ed Kv\u011bty v\u00a0kv\u011btnu byly vlastn\u011b pon\u011bkud \u010dasov\u011b posunut\u00fdm tradi\u010dn\u00edm otv\u00edr\u00e1n\u00ed Hamzova parku a arboreta.<\/p>\n\n\n\n<p>Pozdn\u00ed odpoledne u\u017e ale pln\u011b pat\u0159ilo prezidentsk\u00e9 n\u00e1v\u0161t\u011bv\u011b v\u00a0Hamzov\u011b l\u00e9\u010debn\u011b. Prezidentsk\u00fd p\u00e1r uv\u00edtal \u0159editel l\u00e9\u010debny V\u00e1clav Volejn\u00edk s\u00a0man\u017eelkou a t\u00fdmem veden\u00ed l\u00e9\u010debny p\u0159\u00edmo v\u00a0d\u011btsk\u00e9m pavil\u00f3nu \u201eE\u201c. Prezident promluvil s\u00a0d\u011btsk\u00fdmi pacienty (d\u011bti nejv\u00edce zaj\u00edmaly prezidentovy dojmy z\u00a0hokejov\u00e9ho mistrovstv\u00ed). N\u00e1sledn\u011b prezidentsk\u00fd p\u00e1r spole\u010dn\u011b s\u00a0hejtmanem Pardubick\u00e9ho kraje Martinem Netolick\u00fdm pokra\u010doval v\u00a0prohl\u00eddce na pavil\u00f3n F.\u00a0 Zde jim odborn\u00edci z\u00a0l\u00e9\u010debny uk\u00e1zali jedno ze sv\u00fdch pracovi\u0161\u0165 se \u0161pi\u010dkov\u00fdm robotick\u00fdm vybaven\u00edm.\u00a0 Pacienti, nejen d\u011bt\u0161t\u00ed, ale i\u00a0ve\u0159ejnost, kter\u00e1 p\u0159i\u0161la, se i\u00a0p\u0159es pochopiteln\u00e1 p\u0159\u00edsn\u00e1 bezpe\u010dnostn\u00ed opat\u0159en\u00ed mohli k\u00a0prezidentsk\u00e9mu p\u00e1ru dostat velmi bl\u00edzko a m\u011bli tak mo\u017enost u\u017e\u00edt si slavnostn\u00ed n\u00e1v\u0161t\u011bvu spole\u010dn\u011b s\u00a0veden\u00edm Hamzovy l\u00e9\u010debny. Byla sly\u0161et \u0159ada pozdrav\u016f a pod\u011bkov\u00e1n\u00ed za to, co pan prezident ve sv\u00e9 funkci d\u011bl\u00e1.<\/p>\n\n\n\n<p>Prezidentsk\u00e1 n\u00e1v\u0161t\u011bva potvrzuje v\u00fdjime\u010dnost Hamzovy l\u00e9\u010debny jako jednoho z&nbsp;nejv\u011bt\u0161\u00edch a nevyhled\u00e1van\u011bj\u0161\u00edch rehabilita\u010dn\u00edch \u00fastav\u016f v&nbsp;\u010cesk\u00e9 republice, kter\u00fd krom\u011b sv\u00e9 vysok\u00e9 &nbsp;odbornosti v&nbsp;l\u00e9\u010debn\u00e9 rehabilita\u010dn\u00ed p\u00e9\u010di nab\u00edz\u00ed tak\u00e9 pacient\u016fm k&nbsp;l\u00e9\u010db\u011b i&nbsp;k&nbsp;radosti mimo\u0159\u00e1dn\u011b kr\u00e1sn\u00e9 prost\u0159ed\u00ed Hamzova parku a arboreta.<\/p>\n\n\n\n<p><strong>V\u00a0are\u00e1lu Hamzovy l\u00e9\u010debny m\u016f\u017eete v\u00a0nejbli\u017e\u0161\u00ed dob\u011b nav\u0161t\u00edvit tyto\u00a0akce:<\/strong><\/p>\n\n\n\n<p><strong>D\u011aTSK\u00dd DEN &#8211; 1.\u00a0\u010dervna od 13:00<\/strong>\u00a0(t\u011b\u0161it se m\u016f\u017eete na hudebn\u00ed poh\u00e1dku, z\u00e1bavnou stezku, sk\u00e1kac\u00ed hrad, vystoupen\u00ed Loly R\u016f\u017ea nebo \u0161ansonov\u00e9 p\u00edsn\u011b)<br \/><strong>9. LETN\u00cd DEN &#8211; 20.\u00a0\u010dervna od 10:00<\/strong>\u00a0(t\u011b\u0161it se m\u016f\u017eete na prezentaci slu\u017eeb a m\u00edstn\u00edch organizac\u00ed, tradi\u010dn\u00ed \u0159emesla a doprovodn\u00fd program pro v\u0161echny generace)<br \/><strong>KONCERT kapely Naplno Band &#8211; 26.\u00a0\u010dervence od 18:00<\/strong>\u00a0(Petr Sp\u00e1leny revival)<\/p>\n\n\n\n<p>Pra\u017esk\u00fd den\u00edk<\/p>\n\n\n\n<p><a href=\"https:\/\/pr.denik.cz\/\" target=\"_blank\" rel=\"noreferrer noopener\">https:\/\/pr.denik.cz\/<\/a><\/p>\n\n\n\n<p><a href=\"https:\/\/pr.denik.cz\/galerie\/hamzova-odborna-lecebna-pro-deti-a-dospele.html?photo=1&amp;back=3929383431-98-83\"><\/a><\/p>\n","protected":false},"excerpt":{"rendered":"<div class=\"mh-excerpt\"><p>Na 21.\u00a0kv\u011bten 2024\u00a0v\u00a0Hamzov\u011b l\u00e9\u010debn\u011b\u00a0v\u00a0Lu\u017ei &#8211; Ko\u0161umberku jen tak nezapomeneme. V\u00a0jeden den jsme p\u0159iv\u00edtali dv\u011b velmi vz\u00e1cn\u00e9 n\u00e1v\u0161t\u011bvy. Nejprve do Hamzova parku a arboreta dorazil n\u00e1\u0161 <a class=\"mh-excerpt-more\" href=\"https:\/\/www.invarena.cz\/?p=49344\" title=\"Hamzova l\u00e9\u010debna v centru d\u011bn\u00ed\">[&#8230;]<\/a><\/p>\n<\/div>","protected":false},"author":1,"featured_media":12514,"comment_status":"open","ping_status":"closed","sticky":false,"template":"","format":"standard","meta":{"footnotes":""},"categories":[9],"tags":[],"class_list":["post-49344","post","type-post","status-publish","format-standard","has-post-thumbnail","hentry","category-zpravy"],"_links":{"self":[{"href":"https:\/\/www.invarena.cz\/index.php?rest_route=\/wp\/v2\/posts\/49344","targetHints":{"allow":["GET"]}}],"collection":[{"href":"https:\/\/www.invarena.cz\/index.php?rest_route=\/wp\/v2\/posts"}],"about":[{"href":"https:\/\/www.invarena.cz\/index.php?rest_route=\/wp\/v2\/types\/post"}],"author":[{"embeddable":true,"href":"https:\/\/www.invarena.cz\/index.php?rest_route=\/wp\/v2\/users\/1"}],"replies":[{"embeddable":true,"href":"https:\/\/www.invarena.cz\/index.php?rest_route=%2Fwp%2Fv2%2Fcomments&post=49344"}],"version-history":[{"count":0,"href":"https:\/\/www.invarena.cz\/index.php?rest_route=\/wp\/v2\/posts\/49344\/revisions"}],"wp:featuredmedia":[{"embeddable":true,"href":"https:\/\/www.invarena.cz\/index.php?rest_route=\/wp\/v2\/media\/12514"}],"wp:attachment":[{"href":"https:\/\/www.invarena.cz\/index.php?rest_route=%2Fwp%2Fv2%2Fmedia&parent=49344"}],"wp:term":[{"taxonomy":"category","embeddable":true,"href":"https:\/\/www.invarena.cz\/index.php?rest_route=%2Fwp%2Fv2%2Fcategories&post=49344"},{"taxonomy":"post_tag","embeddable":true,"href":"https:\/\/www.invarena.cz\/index.php?rest_route=%2Fwp%2Fv2%2Ftags&post=49344"}],"curies":[{"name":"wp","href":"https:\/\/api.w.org\/{rel}","templated":true}]}}