{"id":49366,"date":"2024-05-29T05:29:53","date_gmt":"2024-05-29T03:29:53","guid":{"rendered":"https:\/\/www.invarena.cz\/?p=49366"},"modified":"2024-05-29T05:29:53","modified_gmt":"2024-05-29T03:29:53","slug":"poslanci-o-duchodove-reforme","status":"publish","type":"post","link":"https:\/\/www.invarena.cz\/?p=49366","title":{"rendered":"Poslanci o d\u016fchodov\u00e9 reform\u011b\u00a0\u00a0"},"content":{"rendered":"\n<p>\u010cT 1<\/p>\n\n\n\n<p><br \/>Poslanci za\u010dali na mimo\u0159\u00e1dn\u00e9 sch\u016fzi projedn\u00e1vat jeden z kl\u00ed\u010dov\u00fdch vl\u00e1dn\u00edch n\u00e1vrh\u016f cel\u00e9ho volebn\u00edho obdob\u00ed. D\u016fchodovou reformu. Ta po\u010d\u00edt\u00e1 mimo jin\u00e9 s dal\u0161\u00edm prodlu\u017eov\u00e1n\u00edm v\u011bku odchodu do penze nebo s ni\u017e\u0161\u00edm r\u016fstem nov\u011b vym\u011b\u0159ovan\u00fdch d\u016fchod\u016f. Vicepremi\u00e9r Marian Jure\u010dka upozornil, \u017ee bez \u00faprav se syst\u00e9m v roce 2050 propadne v dne\u0161n\u00edch cen\u00e1ch do v\u00edc ne\u017e 350miliardov\u00e9ho deficitu.<br \/><br \/>Marian JURE\u010cKA, vicepremi\u00e9r,\u00a0<strong>ministr<\/strong>\u00a0<strong>pr\u00e1ce<\/strong>\u00a0a soci\u00e1ln\u00edch v\u011bc\u00ed, p\u0159edseda strany \/KDU-\u010cSL\/<br \/>&#8212;&#8212;&#8212;&#8212;&#8212;&#8212;&#8211;<br \/>I tyto pen\u00edze logicky by musely n\u011bkdy v budoucnu zaplatit da\u0148ov\u00ed poplatn\u00edci bu\u010f na dluhov\u00e9 slu\u017eb\u011b nebo na vy\u0161\u0161\u00edch dan\u00edch, to znamen\u00e1, my se nechceme d\u00e1l a d\u00e1l zadlu\u017eovat dluhy, kter\u00e9 by platili d\u011bti a vnou\u010data.<br \/><br \/>Alena SCHILLEROV\u00c1, p\u0159edsedkyn\u011b poslaneck\u00e9ho klubu, m\u00edstop\u0159edsedkyn\u011b hnut\u00ed \/ANO\/<br \/>&#8212;&#8212;&#8212;&#8212;&#8212;&#8212;&#8211;<br \/>To, co dnes budeme projedn\u00e1vat, je pouze diskreditace pojmu, d\u016fchodov\u00e1 reforma, skute\u010dn\u00e1 reforma toti\u017e mus\u00ed do syst\u00e9mu p\u0159in\u00e1\u0161et n\u011bjak\u00e9 pen\u00edze nav\u00edc.<br \/><br \/>moder\u00e1torka \u010cT<br \/>&#8212;&#8212;&#8212;&#8212;&#8212;&#8212;&#8211;<br \/>Opozice koalici znovu vzk\u00e1zala, \u017ee reformu nepodpo\u0159\u00ed. A u\u017e p\u0159ed zased\u00e1n\u00edm slibovala velmi dlouhou debatu. Ministr Jure\u010dka z\u00e1stupce opozice vyzval k dal\u0161\u00edmu jedn\u00e1n\u00ed. Zat\u00edmco SPD diskuzi chce, hnut\u00ed ANO u\u017e s n\u00ed nepo\u010d\u00edt\u00e1.<br \/><br \/>Petr Fiala u\u017e r\u00e1no ve Strakov\u011b akademii potvrdil, \u017ee prosazen\u00ed d\u016fchodov\u00e9 reformy je leto\u0161n\u00ed kl\u00ed\u010dovou vl\u00e1dn\u00ed prioritou.<br \/><br \/>Petr FIALA, premi\u00e9r, p\u0159edseda strany \/ODS\/<br \/>&#8212;&#8212;&#8212;&#8212;&#8212;&#8212;&#8211;<br \/>Je ohro\u017eeno to, \u017ee by mlad\u00e9 generace, dne\u0161n\u00ed mlad\u00ed lid\u00e9 m\u011bli slu\u0161n\u00e9 penze, proto se mus\u00ed prov\u00e9st d\u016fchodov\u00e1 reforma.<br \/><br \/>redaktor \u010cT<br \/>&#8212;&#8212;&#8212;&#8212;&#8212;&#8212;&#8211;<br \/>Poslaneck\u00e9 kluby se p\u0159ed zased\u00e1n\u00edm sn\u011bmovny dohodly, \u017ee vl\u00e1dn\u00ed a opozi\u010dn\u00ed z\u00e1konod\u00e1rci se budou u sn\u011bmovn\u00edho pult\u00edku pravideln\u011b st\u0159\u00eddat.<br \/><br \/>Alena SCHILLEROV\u00c1, p\u0159edsedkyn\u011b poslaneck\u00e9ho klubu, m\u00edstop\u0159edsedkyn\u011b hnut\u00ed \/ANO\/<br \/>&#8212;&#8212;&#8212;&#8212;&#8212;&#8212;&#8211;<br \/>Jsme domluveni na zipu. \/nesrozumiteln\u00e9\/.<br \/><br \/> redaktor \u010cT<br \/>&#8212;&#8212;&#8212;&#8212;&#8212;&#8212;&#8211;<br \/>Jako prvn\u00ed vystoupil premi\u00e9r. Upozornil, \u017ee do d\u016fchodov\u00e9ho syst\u00e9mu bude odv\u00e1d\u011bt pen\u00edze \u010d\u00edm d\u00e1l m\u00e9n\u011b lid\u00ed, po\u010det penzist\u016f bude naopak rychle r\u016fst.<br \/><br \/>Petr FIALA, premi\u00e9r, p\u0159edseda strany \/ODS\/<br \/>&#8212;&#8212;&#8212;&#8212;&#8212;&#8212;&#8211;<br \/>Pod\u00edl lid\u00ed v d\u016fchodov\u00e9m v\u011bku, kter\u00fdch je dnes asi p\u011btina, do roku 2050 vzroste na t\u0159etinu. Toto st\u00e1rnut\u00ed spole\u010dnosti, tento v\u00fdvoj vytv\u00e1\u0159\u00ed enormn\u00ed tlak na n\u00e1\u0161 soci\u00e1ln\u00ed syst\u00e9m.<br \/><br \/>redaktor \u010cT<br \/>&#8212;&#8212;&#8212;&#8212;&#8212;&#8212;&#8211;<br \/>Andrej Babi\u0161 p\u0159i\u0161el ke sn\u011bmovn\u00edmu pult\u00edku hned po Petru Fialovi a reformu tvrd\u011b zkritizoval.<br \/><br \/>Andrej BABI\u0160, p\u0159edseda hnut\u00ed \/ANO\/<br \/>&#8212;&#8212;&#8212;&#8212;&#8212;&#8212;&#8211;<br \/>Dnes se tady sch\u00e1z\u00edme z jednoho d\u016fvodu. A to, abychom projednali z\u00e1m\u011br pana Fialy a pana Jure\u010dky, cel\u00e9 vl\u00e1dn\u00ed p\u011btikoalice, jak okr\u00e1st na\u0161e d\u016fchodce a budouc\u00ed d\u016fchodce.<br \/><br \/>redaktor \u010cT<br \/>&#8212;&#8212;&#8212;&#8212;&#8212;&#8212;&#8211;<br \/>Sn\u011bmovn\u00ed opozice vl\u00e1dn\u00ed n\u00e1vrh nepodpo\u0159\u00ed. Nel\u00edb\u00ed se j\u00ed hlavn\u011b dal\u0161\u00ed zvy\u0161ov\u00e1n\u00ed v\u011bku odchodu do d\u016fchodu nebo zpomalen\u00ed r\u016fstu nov\u00fdch penz\u00ed.<br \/><br \/>Lucie \u0160AFR\u00c1NKOV\u00c1, m\u00edstop\u0159edsedkyn\u011b sn\u011bmovn\u00edho v\u00fdboru pro soci\u00e1ln\u00ed politiku \/SPD\/<br \/>&#8212;&#8212;&#8212;&#8212;&#8212;&#8212;&#8211;<br \/>Pokud i nad\u00e1le bude sou\u010d\u00e1st\u00ed toho celku zvy\u0161ov\u00e1n\u00ed v\u011bku odchodu do d\u016fchodu a sni\u017eov\u00e1n\u00ed nov\u011b p\u0159iznan\u00fdch d\u016fchod\u016f, tak to nikdy nepodpo\u0159\u00edme a padne tam ten n\u00e1vrh na zam\u00edtnut\u00ed z na\u0161\u00ed strany.<br \/><br \/>redaktor \u010cT<br \/>&#8212;&#8212;&#8212;&#8212;&#8212;&#8212;&#8211;<br \/>Vl\u00e1dn\u00ed pl\u00e1n po\u010d\u00edt\u00e1 t\u0159eba s t\u00edm, \u017ee penzijn\u00ed v\u011bk bude po roce 2030 r\u016fst podle v\u011bku do\u017eit\u00ed. \u010ce\u0161t\u00ed demografov\u00e9 na z\u00e1klad\u011b vl\u00e1dn\u00edch dat spo\u010d\u00edtali, \u017ee nap\u0159\u00edklad lid\u00e9 narozen\u00ed v roce 1981 by podle nov\u00e9ho z\u00e1kona odch\u00e1zeli do penze v 67 letech, u mlad\u0161\u00edch ro\u010dn\u00edk\u016f v\u00fdpo\u010dty ukazuj\u00ed i 70 let.<br \/><br \/>Tomio Okamura, p\u0159edseda hnut\u00ed \/SPD\/<br \/>&#8212;&#8212;&#8212;&#8212;&#8212;&#8212;&#8211;<br \/>Pakli\u017ee bude SPD v p\u0159\u00ed\u0161t\u00ed vl\u00e1d\u011b, tak v\u011bk odchodu do d\u016fchodu vr\u00e1t\u00edme zp\u00e1tky na 65 let.<br \/><br \/>V\u00edt Raku\u0161an, 1. vicepremi\u00e9r, ministr vnitra, p\u0159edseda hnut\u00ed \/STAN\/<br \/>&#8212;&#8212;&#8212;&#8212;&#8212;&#8212;&#8211;<br \/>Pr\u00e1v\u011b v t\u00e9hle chv\u00edli m\u00e1me mo\u017enost nastavit d\u016fchodov\u00fd syst\u00e9m tak, aby byl spolehliv\u00fd, aby byl spravedliv\u00fd a aby byl dlouhodob\u011b udr\u017eiteln\u00fd.<br \/><br \/>redaktor \u010cT<br \/>&#8212;&#8212;&#8212;&#8212;&#8212;&#8212;&#8211;<br \/>Vl\u00e1dn\u00ed koalice se s opozic\u00ed p\u0159edb\u011b\u017en\u011b dohodla, \u017ee z\u00e1konod\u00e1rci dnes budou jednat o d\u016fchodov\u00e9 reform\u011b do ve\u010dern\u00ed jeden\u00e1ct\u00e9 hodiny. Pokra\u010dovat by m\u011bli ve st\u0159edu od dev\u00e1t\u00e9 r\u00e1no.<\/p>\n\n\n\n<p>\u010cesk\u00e1 televize.<\/p>\n\n\n\n<p><\/p>\n","protected":false},"excerpt":{"rendered":"<div class=\"mh-excerpt\"><p>\u010cT 1 Poslanci za\u010dali na mimo\u0159\u00e1dn\u00e9 sch\u016fzi projedn\u00e1vat jeden z kl\u00ed\u010dov\u00fdch vl\u00e1dn\u00edch n\u00e1vrh\u016f cel\u00e9ho volebn\u00edho obdob\u00ed. D\u016fchodovou reformu. Ta po\u010d\u00edt\u00e1 mimo jin\u00e9 s dal\u0161\u00edm prodlu\u017eov\u00e1n\u00edm <a class=\"mh-excerpt-more\" href=\"https:\/\/www.invarena.cz\/?p=49366\" title=\"Poslanci o d\u016fchodov\u00e9 reform\u011b\u00a0\u00a0\">[&#8230;]<\/a><\/p>\n<\/div>","protected":false},"author":1,"featured_media":915,"comment_status":"open","ping_status":"closed","sticky":false,"template":"","format":"standard","meta":{"footnotes":""},"categories":[6],"tags":[],"class_list":["post-49366","post","type-post","status-publish","format-standard","has-post-thumbnail","hentry","category-politika"],"_links":{"self":[{"href":"https:\/\/www.invarena.cz\/index.php?rest_route=\/wp\/v2\/posts\/49366","targetHints":{"allow":["GET"]}}],"collection":[{"href":"https:\/\/www.invarena.cz\/index.php?rest_route=\/wp\/v2\/posts"}],"about":[{"href":"https:\/\/www.invarena.cz\/index.php?rest_route=\/wp\/v2\/types\/post"}],"author":[{"embeddable":true,"href":"https:\/\/www.invarena.cz\/index.php?rest_route=\/wp\/v2\/users\/1"}],"replies":[{"embeddable":true,"href":"https:\/\/www.invarena.cz\/index.php?rest_route=%2Fwp%2Fv2%2Fcomments&post=49366"}],"version-history":[{"count":0,"href":"https:\/\/www.invarena.cz\/index.php?rest_route=\/wp\/v2\/posts\/49366\/revisions"}],"wp:featuredmedia":[{"embeddable":true,"href":"https:\/\/www.invarena.cz\/index.php?rest_route=\/wp\/v2\/media\/915"}],"wp:attachment":[{"href":"https:\/\/www.invarena.cz\/index.php?rest_route=%2Fwp%2Fv2%2Fmedia&parent=49366"}],"wp:term":[{"taxonomy":"category","embeddable":true,"href":"https:\/\/www.invarena.cz\/index.php?rest_route=%2Fwp%2Fv2%2Fcategories&post=49366"},{"taxonomy":"post_tag","embeddable":true,"href":"https:\/\/www.invarena.cz\/index.php?rest_route=%2Fwp%2Fv2%2Ftags&post=49366"}],"curies":[{"name":"wp","href":"https:\/\/api.w.org\/{rel}","templated":true}]}}