{"id":49390,"date":"2024-05-30T04:32:38","date_gmt":"2024-05-30T02:32:38","guid":{"rendered":"https:\/\/www.invarena.cz\/?p=49390"},"modified":"2024-05-30T04:32:38","modified_gmt":"2024-05-30T02:32:38","slug":"zvysovani-duchodoveho-veku","status":"publish","type":"post","link":"https:\/\/www.invarena.cz\/?p=49390","title":{"rendered":"Zvy\u0161ov\u00e1n\u00ed d\u016fchodov\u00e9ho v\u011bku\u00a0\u00a0"},"content":{"rendered":"\n<p>\u010cT 24\u00a0&#8211; 90&#8242; \u010cT24<br \/><br \/>Lidi, kter\u00fdm je dnes 25 let, p\u016fjdou podle vl\u00e1dn\u00edho n\u00e1vrhu d\u016fchodov\u00e9 reformy do penze v 70. T\u0159ic\u00e1tn\u00edci v 69. Nov\u011b to vypo\u010detla \u010cesk\u00e1 demografick\u00e1 spole\u010dnost. Vicepremi\u00e9r Jure\u010dka zat\u00edm o stanoven\u00ed v\u011bkov\u00e9ho stropu pro odchod do d\u016fchodu neuva\u017euje.<br \/><br \/>Marian JURE\u010cKA, vicepremi\u00e9r,\u00a0<strong>ministr<\/strong>\u00a0<strong>pr\u00e1ce<\/strong>\u00a0a soci\u00e1ln\u00edch v\u011bc\u00ed, p\u0159edseda strany \/KDU-\u010cSL\/<br \/>&#8212;&#8212;&#8212;&#8212;&#8212;&#8212;&#8211;<br \/>To je to, co by mo\u017en\u00e1 na prvn\u00ed pohled bylo jednoduch\u00e9 a je daleko jednodu\u0161\u0161\u00ed t\u0159eba pro m\u011b v t\u00e9to situaci. Na druhou vlastn\u011b by to nebylo f\u00e9rov\u00e9 v\u016f\u010di v\u0161em t\u011bm jinak budouc\u00edm generac\u00edm, ale i v\u016f\u010di t\u011bm budouc\u00edm vl\u00e1d\u00e1m.<br \/><br \/>Tom\u00e1\u0161 Fiala, demograf, \u010dlen hlavn\u00edho v\u00fdboru \u010cesk\u00e9 demografick\u00e9 spole\u010dnosti<br \/>&#8212;&#8212;&#8212;&#8212;&#8212;&#8212;&#8211;<br \/>Vych\u00e1z\u00ed to pro generaci 2000 podle aktu\u00e1ln\u00ed progn\u00f3zy, \u017ee by ten d\u016fchodov\u00fd v\u011bk mohl b\u00fdt 70 let a t\u0159i m\u011bs\u00edce. A p\u0159itom by d\u016fchod pob\u00edrali o zhruba o p\u011bt m\u011bs\u00edc\u016f m\u00e9n\u011b ne\u017e generace narozen\u00fdch 65, kter\u00e1 p\u016fjde do d\u016fchodu v 65.<br \/><br \/>moder\u00e1tor<br \/>&#8212;&#8212;&#8212;&#8212;&#8212;&#8212;&#8211;<br \/>Podrobn\u011bj\u0161\u00ed koment\u00e1\u0159. Hosty ve studiu jsou Vladim\u00edra Dvo\u0159\u00e1kov\u00e1, politolo\u017eka, \u0159editelka Masarykova \u00fastavu vy\u0161\u0161\u00edch studi\u00ed z \u010cesk\u00e9ho vysok\u00e9ho u\u010den\u00ed technick\u00e9ho v Praze. Dobr\u00fd ve\u010der v\u00e1m p\u0159eju.<br \/><br \/>A na\u0161\u00edm dal\u0161\u00edm hostem je Martin \u010caban, koment\u00e1tor Seznam Zpr\u00e1v, i v\u00e1m p\u0159eju dobr\u00fd ve\u010der.<br \/>Tak \u010dek\u00e1 n\u00e1s dal\u0161\u00ed bou\u0159liv\u00e9 jedn\u00e1n\u00ed ve sn\u011bmovn\u011b, dal\u0161\u00ed dlouh\u00e9 projevy, dal\u0161\u00ed mo\u017en\u00e1 obstrukce. Je tu je\u0161t\u011b n\u011bco, co voli\u010di ocen\u00ed, co se politick\u00fdm stran\u00e1m vyplat\u00ed?<br \/><br \/>Vladim\u00edra Dvo\u0159\u00e1kov\u00e1, politolo\u017eka, \u0159editelka, Masaryk\u016fv \u00fastav vy\u0161\u0161\u00edch studi\u00ed<br \/>&#8212;&#8212;&#8212;&#8212;&#8212;&#8212;&#8211;<br \/>T\u011b\u017eko \u0159\u00edci. J\u00e1 si mysl\u00edm, \u017ee samoz\u0159ejm\u011b n\u011bjak\u00e9 obstrukce budou, i kdy\u017e je tam ur\u010dit\u00e1 p\u0159\u00edprava na to, aby se t\u0159eba nezdr\u017eovalo jedn\u00e1n\u00ed p\u0159ij\u00edm\u00e1n\u00edm program\u016f a tak d\u00e1le, jak jsem pochopila. Nemysl\u00edm si, \u017ee ten n\u00e1vrh je skute\u010dn\u011b p\u0159\u00edli\u0161 dobr\u00fd. P\u0159edev\u0161\u00edm u t\u00e9 d\u016fchodov\u00e9 reformy by bylo opravdu dob\u0159e, aby se na tom shodla jak vl\u00e1da, tak opozice v t\u011bch hlavn\u00edch rysech, proto\u017ee ka\u017ed\u00e1 takov\u00e1hle transformace s sebou nese velk\u00e9 transak\u010dn\u00ed n\u00e1klady a pokud ka\u017ed\u00e1 vl\u00e1da bude m\u011bnit d\u016fchodovou reformu, tak to nebude moc dob\u0159e. Na druhou stranu mo\u017en\u00e1 sou\u010dasn\u00e1 opozice je v docela dobr\u00e9m postaven\u00ed, proto\u017ee d\u016fchodov\u00e1 reforma je n\u011bco, co nikdy nebude popul\u00e1rn\u00ed. Co nikdy nebude z\u00edsk\u00e1vat hlasy voli\u010d\u016f. A v tuto chv\u00edli ona vlastn\u011b m\u016f\u017ee nechat tuto pr\u00e1ci, tuto \u0161pinavou pr\u00e1ci ud\u011blat jinou vl\u00e1du. Tak\u017ee je to ot\u00e1zka ur\u010dit\u011b tedy opozice se bude vyjad\u0159ovat siln\u011b proti. A pro m\u011b, up\u0159\u00edmn\u011b, \u0159eknu, t\u011bch 70 let odchodu do d\u016fchodu, mi p\u0159ipad\u00e1 hodn\u011b, hodn\u011b vysoko.<br \/><br \/>moder\u00e1tor<br \/>&#8212;&#8212;&#8212;&#8212;&#8212;&#8212;&#8211;<br \/>Ano, to je pr\u00e1v\u011b jedna z t\u011bch dvou kl\u00ed\u010dov\u00fdch v\u011bc\u00ed, kter\u00e1 vad\u00ed opozici. T\u00e9 se nel\u00edb\u00ed to zvy\u0161ov\u00e1n\u00ed v\u011bkov\u00e9 hranice pro odchod do d\u016fchodu a tak\u00e9 to budouc\u00ed sni\u017eov\u00e1n\u00ed penz\u00ed. Je tohle n\u011bco, na \u010dem se dala naj\u00edt shoda, nebo v podstat\u011b ty postoje jsou tak nesmi\u0159iteln\u00e9, \u017ee je to bu\u010f anebo?<br \/><br \/>Martin \u010cABAN, koment\u00e1tor, Seznam Zpr\u00e1vy<br \/>&#8212;&#8212;&#8212;&#8212;&#8212;&#8212;&#8211;<br \/>Tak j\u00e1 jsem, jak jsem ta jedn\u00e1n\u00ed pozoroval, tak jsem v jednu chv\u00edli m\u011bl pocit, \u017ee se na\u0161la shoda alespo\u0148 na tom principu, \u017ee je nutn\u00e9 s t\u00edm d\u016fchodov\u00fdm v\u011bkem n\u011bjak\u00fdm zp\u016fsobem pohnout. To bylo potom slavn\u00e9m jedn\u00e1n\u00ed u pana prezidenta. Bohu\u017eel potom se Andrej Babi\u0161 vr\u00e1til z dovolen\u00e9 a uk\u00e1zalo se, \u017ee zvy\u0161ov\u00e1n\u00ed v\u011bku odchodu do d\u016fchodu je pro hnut\u00ed ANO nep\u0159ijateln\u00e9 a v\u017edycky bylo. A to i v dob\u00e1ch, kdy jej sami jaksi prolomen\u00ed toho stropu prosazovali. Tak\u017ee se to tro\u0161ku vr\u00e1tilo zp\u00e1tky do t\u00e9 \u010dist\u011b jaksi, j\u00e1 nechci \u0159\u00edct politick\u00e9, proto\u017ee politick\u00e1 debata je pot\u0159eba do toho politika\u0159en\u00ed. A do toho p\u0159edst\u00edr\u00e1n\u00ed, \u017ee vlastn\u011b ten syst\u00e9m je n\u011bjak\u00fdm zp\u016fsobem udr\u017eiteln\u00fd tak, jak je nastaven\u00fd, te\u010f, kdy\u017e, j\u00e1 nev\u00edm, zv\u00fd\u0161\u00edme p\u0159\u00edjmy nebo zavedeme EET prost\u011b, tak najednou bude dost pen\u011bz na d\u016fchody. Nebude. Myslel jsem si, \u017ee se na\u0161la shoda. Bohu\u017eel to vypad\u00e1, \u017ee se shoda nena\u0161la, tak\u017ee n\u00e1s pravd\u011bpodobn\u011b te\u010fka \u010dekaj\u00ed ve sn\u011bmovn\u011b prost\u011b zase dlouh\u00e9 obstrukce, dlouh\u00e9 projevy. To, co j\u00e1 nem\u00e1m nic proti dlouh\u00fdm projev\u016fm, ani proti obstrukc\u00edm. To, co j\u00e1, mn\u011b vad\u00ed na t\u00e9 debat\u011b, je, \u017ee opozice prost\u011b nep\u0159ich\u00e1z\u00ed s n\u011bjakou jako alternativn\u00edm \u0159e\u0161en\u00edm. Tam je probl\u00e9m, \u017ee ten d\u016fchodov\u00fd syst\u00e9m m\u00e1 ty t\u0159i vrcholy. Ten troj\u00faheln\u00edk, po\u010det d\u016fchodc\u016f, v\u00fd\u0161e d\u016fchod\u016f a jaksi v\u00fd\u0161e vybran\u00e9ho pojistn\u00e9ho. A nem\u016f\u017eeme se tv\u00e1\u0159it, \u017ee nem\u016f\u017eeme nic d\u011blat s \u017e\u00e1dn\u00fdm z t\u011bchhle vrchol\u016f. Prost\u011b mus\u00edme n\u011bjak\u00fdm zp\u016fsobem, pokud to takhle p\u016fjde d\u00e1l, tak budeme za chv\u00edli platit za ty d\u016fchody skute\u010dn\u011b pen\u00edze, kter\u00e9 republika re\u00e1ln\u011b nem\u00e1. Tak\u017ee je pot\u0159eba do n\u011b\u010deho zas\u00e1hnout. A opozice, bohu\u017eel vl\u00e1da navrhuje z\u00e1sah na n\u011bkter\u00fdch m\u00edstech do toho po\u010dtu d\u016fchodc\u016f. To znamen\u00e1 ten zv\u00fd\u0161en\u00fd v\u011bk odchodu do d\u016fchodu zp\u016fsob\u00ed, \u017ee t\u011bch d\u016fchodc\u016f bude o n\u011bco m\u00e9n\u011b. Je to jedna z mo\u017enost\u00ed, ale opozice nenavrhuje nic alternativn\u00edho. Ne\u0159\u00edk\u00e1, jestli m\u00e1me platit vy\u0161\u0161\u00ed pojistn\u00e9, ne\u0159\u00edk\u00e1, jestli m\u00e1me vypl\u00e1cet ni\u017e\u0161\u00ed d\u016fchody. \u010cili bohu\u017eel ta debata je asi tro\u0161ku zasekl\u00e1. J\u00e1 od toho, co se bude d\u00edt p\u0159\u00ed\u0161t\u00ed t\u00fdden ve sn\u011bmovn\u011b, neo\u010dek\u00e1v\u00e1m \u017e\u00e1dn\u00fd z\u00e1sadn\u00ed posun.<br \/><br \/>moder\u00e1tor<br \/>&#8212;&#8212;&#8212;&#8212;&#8212;&#8212;&#8211;<br \/>Pan\u00ed Dvo\u0159\u00e1kov\u00e1, u\u017e tady padlo slovo p\u0159edst\u00edr\u00e1n\u00ed. P\u0159edst\u00edrala vl\u00e1da, \u017ee m\u00e1 chu\u0165 se dohodnout s opozic\u00ed, p\u0159edst\u00edrala opozice, \u017ee se m\u00e1 chu\u0165 dohodnout s vl\u00e1dou, proto\u017ee my jsme zazn\u00edvala od opozice, \u017ee vl\u00e1da v\u0161echno prosazuje na s\u00edlu, \u017ee nem\u00e1 z\u00e1jem se dohodnout. Na druhou stranu opravdu jsme sly\u0161eli od vl\u00e1dy, \u017ee hnut\u00ed ANO nep\u0159ich\u00e1z\u00ed s ni\u010d\u00edm konkr\u00e9tn\u00edm. \u010cili bylo to jenom p\u0159edst\u00edr\u00e1n\u00ed z obou stran?<br \/><br \/>Vladim\u00edra Dvo\u0159\u00e1kov\u00e1, politolo\u017eka, \u0159editelka, Masaryk\u016fv \u00fastav vy\u0161\u0161\u00edch studi\u00ed<br \/>&#8212;&#8212;&#8212;&#8212;&#8212;&#8212;&#8211;<br \/>J\u00e1 bych tam vysokou m\u00edru toho p\u0159edst\u00edr\u00e1n\u00ed vid\u011bla, proto\u017ee ta jednozna\u010dn\u00e1 p\u0159edstava vl\u00e1dn\u00ed koalice byla, i kdy\u017e i u m\u011b tam jsou diskuze. Mn\u011b osobn\u011b trochu vad\u00ed, \u017ee se to prost\u011b jenom takhle \u010dist\u011b p\u0159epo\u010d\u00edt\u00e1v\u00e1. V\u0161ichni \u0159\u00edkaj\u00ed, ano, bude hodn\u011b d\u016fchodc\u016f a nesta\u010d\u00ed si to zaplatit. Ale my si mus\u00edme uv\u011bdomit, \u017ee t\u0159eba r\u016fst ekonomiky hodn\u011b z\u00e1vis\u00ed na spot\u0159eb\u011b dom\u00e1cnosti. V moment\u011b, kdy podfinancujeme silnou vrstvu, silnou skupinu lid\u00ed, tak se n\u00e1m to prom\u00edtne v ekonomick\u00e9m r\u016fstu. Toho je jedna ot\u00e1zka, kter\u00e1 by se m\u011bla tak\u00e9 vn\u00edmat, kdy\u017e se p\u0159em\u00fd\u0161l\u00ed o tom, \u017ee t\u0159eba i ty p\u0159\u00edjmy budou ni\u017e\u0161\u00ed. A druh\u00e1 v\u011bc, po\u010det mlad\u00fdch, kte\u0159\u00ed vyd\u011bl\u00e1vaj\u00ed a po\u010det d\u016fchodc\u016f, ten pom\u011br nen\u00ed tak z\u00e1visl\u00fd na tom p\u0159\u00edm\u00e9m po\u010dtu lid\u00ed, ale je z\u00e1visl\u00fd na produktivit\u011b pr\u00e1ce. Jestli chceme za 20 let m\u00edt generaci, kter\u00e1 bude schopna platit, aby teda d\u016fchodci m\u011bli z \u010deho \u017e\u00edt, tak mus\u00edme nyn\u00ed investovat do \u0161kolstv\u00ed. A toto nikdo ne\u0159e\u0161\u00ed, nikdo nepropojuje. A vlastn\u011b nep\u0159ich\u00e1z\u00ed s t\u00edm ani opozice, aby \u0159\u00edkala, pod\u00edvejte se na to, proto\u017ee v zaostal\u00fdch zem\u00edch pot\u0159ebujete 10 d\u011bt\u00ed, aby u\u017eivily jednoho starce nebo sta\u0159enu. Ale ve vysp\u011bl\u00fdch zem\u00edch z\u00e1vis\u00ed na produktivit\u011b pr\u00e1ce a pr\u00e1v\u011b ta kvalita \u0161kolstv\u00ed je to, co n\u00e1m bude ukazovat na tu budoucnost.<br \/><br \/>moder\u00e1tor<br \/>&#8212;&#8212;&#8212;&#8212;&#8212;&#8212;&#8211;<br \/>Od opozice sly\u0161\u00edme, \u017ee by vl\u00e1da m\u011bla \u0159e\u0161it i p\u0159\u00edjmovou str\u00e1nku penzijn\u00edho syst\u00e9mu. Od vl\u00e1dn\u00ed koalice zase sly\u0161\u00edme, \u017ee nen\u00ed mo\u017en\u00e1 jak\u00e1koliv \u00faprava syst\u00e9mu penz\u00ed bez zvy\u0161ov\u00e1n\u00ed pro hranice pro odchod do d\u016fchodu a bez budouc\u00edho sni\u017eov\u00e1n\u00ed penz\u00ed. \u010cili kde je podle v\u00e1s pravda, nem\u011bla by p\u0159ece jenom vl\u00e1da zohled\u0148ovat i tu p\u0159\u00edjmovou str\u00e1nku?<br \/><br \/>Martin \u010cABAN, koment\u00e1tor, Seznam Zpr\u00e1vy<br \/>&#8212;&#8212;&#8212;&#8212;&#8212;&#8212;&#8211;<br \/>No, jak jsem mluvil o t\u011bch t\u0159ech p\u00f3lech d\u016fchodov\u00e9ho syst\u00e9mu. Tak ono samoz\u0159ejm\u011b optim\u00e1ln\u00ed je pracovat se v\u0161emi n\u011bjak\u00fdm zp\u016fsobem. To znamen\u00e1, ano, zv\u00fd\u0161it p\u0159\u00edjmy toho syst\u00e9mu nejsp\u00ed\u0161 bude tak\u00e9 pot\u0159eba. Ale probl\u00e9m je v tom, \u017ee to zat\u00ed\u017een\u00ed pr\u00e1ce v \u010cesk\u00e9 republice soci\u00e1ln\u00edm pojistn\u00fdm je dneska v mezin\u00e1rodn\u00edm srovn\u00e1n\u00ed opravdu hodn\u011b vysok\u00e9. Dokonce mysl\u00edm nejvy\u0161\u0161\u00ed v Evropsk\u00e9 unii. Minim\u00e1ln\u011b, pokud ode\u010dteme takov\u00e9 ty skandin\u00e1vsk\u00e9 st\u00e1ty, kter\u00e9 jaksi maj\u00ed ten soci\u00e1ln\u00ed st\u00e1t postaven\u00fd tro\u0161i\u010dku jinak. \u010cili my vlastn\u011b nem\u00e1me prostor zvy\u0161ovat ty p\u0159\u00edjmy t\u00edm, \u017ee budeme zvy\u0161ovat pojistn\u00e9 samotn\u00e9. Pak je tady ten n\u00e1pad opozice, vybudovat jak\u00fdsi druh\u00fd pil\u00ed\u0159. Ten n\u00e1rodn\u011b investi\u010dn\u00ed, \u0159ekn\u011bme, kam by lid\u00e9 jaksi pos\u00edlali n\u011bjak\u00e9 pen\u00edze. St\u00e1t by jim garantoval n\u011bjak\u00fd v\u00fdnos. Co\u017e je my\u0161lenka, o kter\u00e9 se nepochybn\u011b d\u00e1 n\u011bjak\u00fdm zp\u016fsobem debatovat, o t\u011bch parametrech. Ale j\u00e1 nev\u00edm, jestli u\u017e v z\u00e1kladu jaksi nem\u00e1 n\u011bjak\u00fd probl\u00e9m v tom, \u017ee je to vlastn\u011b po\u0159\u00e1d ten st\u00e1t, kter\u00fd garantuje ten v\u00fdnos. To znamen\u00e1, \u017ee s nejv\u011bt\u0161\u00ed pravd\u011bpodobnost\u00ed bude financovat ty projekty m\u00e9n\u011b v\u00fdhodn\u011b, ne\u017e by je financoval na finan\u010dn\u00edch trz\u00edch. A ty n\u00e1klady zase spadnou vlastn\u011b na jeho bedra. \u010cili j\u00e1 ne\u0159\u00edk\u00e1m, \u017ee se o tom ned\u00e1 mluvit, o tom n\u00e1vrhu, se kter\u00fdm p\u0159ich\u00e1z\u00ed hnut\u00ed ANO, ale pot\u0159ebovali bychom zn\u00e1t p\u0159ece jenom tro\u0161ku podrobn\u011bj\u0161\u00ed detaily. Tak\u017ee j\u00e1 ur\u010dit\u011b nepochybuju o tom, \u017ee bude nutn\u00e9 nav\u00fd\u0161it p\u0159\u00edjmy, nav\u00fd\u0161it p\u0159\u00edjmy toho d\u016fchodov\u00e9ho syst\u00e9mu. M\u016f\u017ee to souviset i s t\u00edm, co \u0159\u00edkala pan\u00ed profesorka. To znamen\u00e1 n\u011bjak\u00fdm zp\u016fsobem rozh\u00fdbat tu ekonomiku, zv\u00fd\u0161it produktivitu pr\u00e1ce, zv\u00fd\u0161it p\u0159idanou hodnotu. Je to jist\u011b cesta, ale to budov\u00e1n\u00ed t\u011bch nov\u00fdch pil\u00ed\u0159\u016f, je n\u011bco, co prost\u011b by asi vy\u017eadovalo p\u0159ece jenom n\u011bjakou v\u011bt\u0161\u00ed politickou shodu a dohodu, kter\u00e1 zat\u00edm, zd\u00e1 se, \u00fapln\u011b na stole nen\u00ed.<br \/><br \/> moder\u00e1tor<br \/>&#8212;&#8212;&#8212;&#8212;&#8212;&#8212;&#8211;<br \/>Dal\u0161\u00ed t\u00e9ma, kter\u00e9 se \u0159e\u0161\u00ed. Rozpo\u010det na p\u0159\u00ed\u0161t\u00ed rok. Podle ministra financ\u00ed m\u00e1 b\u00fdt maxim\u00e1ln\u00ed schodek 235 miliard korun. TOP 09 mluv\u00ed o 210 miliard\u00e1ch korun. Pokud by byl schodek n\u011bkde mezi t\u011bmito dv\u011bma \u010d\u00edsly a p\u0159ipom\u00edn\u00e1m, \u017ee letos je ten schodek 252 miliardy. Bylo by to dostate\u010dn\u011b ambici\u00f3zn\u00ed sni\u017eov\u00e1n\u00ed schodku pro vl\u00e1du, kter\u00e1 o sob\u011b mluv\u00ed jako o rozpo\u010dtov\u011b odpov\u011bdn\u00e9?<br \/><br \/>Vladim\u00edra Dvo\u0159\u00e1kov\u00e1, politolo\u017eka, \u0159editelka, Masaryk\u016fv \u00fastav vy\u0161\u0161\u00edch studi\u00ed<br \/>&#8212;&#8212;&#8212;&#8212;&#8212;&#8212;&#8211;<br \/>Tak samoz\u0159ejm\u011b v\u017edycky sni\u017eov\u00e1n\u00ed schodku rozpo\u010dtu je pozitivn\u011bj\u0161\u00ed ne\u017e jeho zvy\u0161ov\u00e1n\u00ed.<br \/><br \/>moder\u00e1tor<br \/>&#8212;&#8212;&#8212;&#8212;&#8212;&#8212;&#8211;<br \/>\/souzvuk zvuk\u016f\/ b\u00fdt je\u0161t\u011b razantn\u011bj\u0161\u00ed to tempo.<br \/><br \/>Vladim\u00edra Dvo\u0159\u00e1kov\u00e1, politolo\u017eka, \u0159editelka, Masaryk\u016fv \u00fastav vy\u0161\u0161\u00edch studi\u00ed<br \/>&#8212;&#8212;&#8212;&#8212;&#8212;&#8212;&#8211;<br \/>Ta diskuze, jako je pr\u00e1v\u011b ta ot\u00e1zka, jestli do \u010deho ten rozpo\u010det p\u016fjde. Do \u010deho budou investice. Jak\u00fdm zp\u016fsobem se bude \u0161et\u0159it, na \u010dem se u\u0161et\u0159\u00ed. Jak\u00e9 budou investice a jak budou hl\u00eddan\u00e9 a tak\u00e9, jak bude efektivn\u00ed, vlastn\u011b vynakl\u00e1d\u00e1n\u00ed n\u011bjak\u00fdch investice. A efektivita i fungov\u00e1n\u00ed st\u00e1tu, tady nejde o to, \u017ee teda plo\u0161n\u011b n\u011bkde sni\u017eovat \u00fa\u0159edn\u00edky, ale st\u00e1t by u\u017e kone\u010dn\u011b m\u011bl v\u011bd\u011bt opravdu, kter\u00e9 agendy pot\u0159ebuje. Jestli nen\u00ed nutn\u00e9 n\u011bkter\u00e9 agendy sp\u00ed\u0161e zru\u0161it. A toto, co se tady d\u011bje, je sp\u00ed\u0161e takov\u00e9to plo\u0161n\u00e9 vy\u0159e\u0161en\u00ed. N\u011bkde \u00fa\u010detn\u011b to d\u00e1me dohromady. Ale o t\u00fd efektivit\u011b jako se d\u00e1 dosti \u010dasto pochybovat. Vid\u00edme to i z mnoha n\u00e1lez\u016f Nejvy\u0161\u0161\u00edho kontroln\u00edho \u00fa\u0159adu, kter\u00fd ukazuje, \u017ee vlastn\u011b ty finan\u010dn\u00ed prost\u0159edky t\u0159eba byly dob\u0159e za\u00fa\u010dtovan\u00e9, ale prost\u011b nebyly vynalo\u017eeny efektivn\u011b. Vid\u00edme, kolik zmizelo pen\u011bz vlastn\u011b z evropsk\u00e9 podpory. Kdy\u017e porovn\u00e1me t\u0159eba jenom d\u00e1lnice v Polsku a d\u00e1lnice u n\u00e1s. To je jako na prvn\u00ed pohled vid\u011bt. Tak\u017ee ano, sni\u017eov\u00e1n\u00ed schodku rozpo\u010dtu je ur\u010dit\u011b dob\u0159e, ale jde o to, aby to opravdu vedlo k nastartov\u00e1n\u00ed t\u00e9 ekonomiky a nejenom jenom to podvazov\u00e1n\u00ed vlastn\u011b, co\u017e tak\u00e9 m\u016f\u017ee v\u00e9st nakonec k podv\u00e1z\u00e1n\u00ed rozvoje cel\u00e9 ekonomiky. Tak\u017ee to je na hlub\u0161\u00ed rozbor. A to u\u017e rad\u0161i pro ekonomy.<br \/><br \/>moder\u00e1tor<br \/>&#8212;&#8212;&#8212;&#8212;&#8212;&#8212;&#8211;<br \/>Rozum\u00edm. Pane \u010cabane, je\u0161t\u011b jedna v\u011bc v tomto smyslu. U\u017e te\u010f je jist\u00e9, \u017ee p\u0159\u00ed\u0161t\u00ed rok o des\u00edtky miliard porostou mandatorn\u00ed v\u00fddaje. Dnes taky ministr \u0161kolstv\u00ed v Ot\u00e1zk\u00e1ch V\u00e1clava Moravce \u0159ekl, \u017ee bude cht\u00edt p\u0159\u00ed\u0161t\u00ed rok des\u00edtky miliard korun nav\u00edc. Jak slo\u017eit\u00e9 bude ve volebn\u00edm roce sni\u017eovat schodek?<br \/><br \/>Martin \u010cABAN, koment\u00e1tor, Seznam Zpr\u00e1vy<br \/>&#8212;&#8212;&#8212;&#8212;&#8212;&#8212;&#8211;<br \/>No, extr\u00e9mn\u011b v\u00edce ne\u017e v jin\u00fdch letech. Je to, jako bude, nepochybn\u011b ty debaty budou n\u00e1ro\u010dn\u00e9. Mysl\u00edm si, \u017ee to, co \u0159\u00edkal dneska pan ministr \u0161kolstv\u00ed v Ot\u00e1zk\u00e1ch V\u00e1clava Moravce, tak je jedna z uk\u00e1zek. Prost\u011b p\u0159edstava, \u017ee se o des\u00edtky miliard nav\u00fd\u0161\u00ed rozpo\u010det \u0161kolstv\u00ed, je z m\u00e9ho pohledu sp\u00ed\u0161e naivn\u00ed. Vn\u00edm\u00e1m to jako n\u011bjak\u00fd startovn\u00ed v\u00fdst\u0159el, n\u011bjak\u00fd vyjedn\u00e1vac\u00ed nast\u00edn\u011bn\u00ed n\u011bjak\u00e9 vyjedn\u00e1vac\u00ed pozice do t\u011bch jedn\u00e1n\u00ed o rozpo\u010dtu na p\u0159\u00ed\u0161t\u00ed rok, kter\u00e1 budou nepochybn\u011b velmi slo\u017eit\u00e1. Na druh\u00e9 stran\u011b je pravda, \u017ee vl\u00e1da definuje \u0161kolstv\u00ed a vzd\u011bl\u00e1v\u00e1n\u00ed jako svoje z\u00e1sadn\u00ed priority. Dosud, kdy\u017e se pod\u00edv\u00e1me na to, jak vypadaly ty rozpo\u010dty dosavadn\u00ed, tak se podle toho p\u0159\u00edli\u0161 ne\u0159\u00edd\u00ed. Tak\u017ee pokud by cht\u011bla p\u0159edvolebn\u00edm rokem n\u011bjak\u00fdm zp\u016fsobem zatla\u010dit na to \u0161kolstv\u00ed a p\u0159idat tam n\u011bjak\u00e9 skute\u010dn\u011b znateln\u00e9 pen\u00edze. Podobn\u011b jako to ud\u011blala t\u0159eba v rezortu obrany v reakci na v\u00e1lku na Ukrajin\u011b. Tak j\u00e1 bych byl jenom pro. Ale ob\u00e1v\u00e1m se, \u017ee ta jedn\u00e1n\u00ed budou je\u0161t\u011b hodn\u011b slo\u017eit\u00e1. A pokud by si pan ministr Bek skute\u010dn\u011b cht\u011bl vyjednat des\u00edtky miliard, tak bude muset asi \u0159\u00edct, odkud se maj\u00ed vz\u00edt.<br \/><br \/>moder\u00e1tor<br \/>&#8212;&#8212;&#8212;&#8212;&#8212;&#8212;&#8211;<br \/>Na\u0161imi hosty byli koment\u00e1tor Seznam Zpr\u00e1v Martin \u010caban a tak\u00e9 politolo\u017eka Vladim\u00edra Dvo\u0159\u00e1kov\u00e1. Ob\u011bma d\u011bkuju, ob\u011bma p\u0159eju p\u0159\u00edjemn\u00fd ve\u010der.<br \/><br \/><\/p>\n","protected":false},"excerpt":{"rendered":"<div class=\"mh-excerpt\"><p>\u010cT 24\u00a0&#8211; 90&#8242; \u010cT24 Lidi, kter\u00fdm je dnes 25 let, p\u016fjdou podle vl\u00e1dn\u00edho n\u00e1vrhu d\u016fchodov\u00e9 reformy do penze v 70. T\u0159ic\u00e1tn\u00edci v 69. Nov\u011b to <a class=\"mh-excerpt-more\" href=\"https:\/\/www.invarena.cz\/?p=49390\" title=\"Zvy\u0161ov\u00e1n\u00ed d\u016fchodov\u00e9ho v\u011bku\u00a0\u00a0\">[&#8230;]<\/a><\/p>\n<\/div>","protected":false},"author":1,"featured_media":49415,"comment_status":"open","ping_status":"closed","sticky":false,"template":"","format":"standard","meta":{"footnotes":""},"categories":[6],"tags":[],"class_list":["post-49390","post","type-post","status-publish","format-standard","has-post-thumbnail","hentry","category-politika"],"_links":{"self":[{"href":"https:\/\/www.invarena.cz\/index.php?rest_route=\/wp\/v2\/posts\/49390","targetHints":{"allow":["GET"]}}],"collection":[{"href":"https:\/\/www.invarena.cz\/index.php?rest_route=\/wp\/v2\/posts"}],"about":[{"href":"https:\/\/www.invarena.cz\/index.php?rest_route=\/wp\/v2\/types\/post"}],"author":[{"embeddable":true,"href":"https:\/\/www.invarena.cz\/index.php?rest_route=\/wp\/v2\/users\/1"}],"replies":[{"embeddable":true,"href":"https:\/\/www.invarena.cz\/index.php?rest_route=%2Fwp%2Fv2%2Fcomments&post=49390"}],"version-history":[{"count":0,"href":"https:\/\/www.invarena.cz\/index.php?rest_route=\/wp\/v2\/posts\/49390\/revisions"}],"wp:featuredmedia":[{"embeddable":true,"href":"https:\/\/www.invarena.cz\/index.php?rest_route=\/wp\/v2\/media\/49415"}],"wp:attachment":[{"href":"https:\/\/www.invarena.cz\/index.php?rest_route=%2Fwp%2Fv2%2Fmedia&parent=49390"}],"wp:term":[{"taxonomy":"category","embeddable":true,"href":"https:\/\/www.invarena.cz\/index.php?rest_route=%2Fwp%2Fv2%2Fcategories&post=49390"},{"taxonomy":"post_tag","embeddable":true,"href":"https:\/\/www.invarena.cz\/index.php?rest_route=%2Fwp%2Fv2%2Ftags&post=49390"}],"curies":[{"name":"wp","href":"https:\/\/api.w.org\/{rel}","templated":true}]}}