{"id":49429,"date":"2024-05-31T06:10:35","date_gmt":"2024-05-31T04:10:35","guid":{"rendered":"https:\/\/www.invarena.cz\/?p=49429"},"modified":"2024-05-31T06:10:35","modified_gmt":"2024-05-31T04:10:35","slug":"senat-schvalil-novou-definici-znasilneni","status":"publish","type":"post","link":"https:\/\/www.invarena.cz\/?p=49429","title":{"rendered":"Sen\u00e1t schv\u00e1lil novou definici zn\u00e1siln\u011bn\u00ed\u00a0\u00a0"},"content":{"rendered":"\n<p>\u010cT 1\u00a0&#8211; Ud\u00e1losti<br \/><br \/>Ne znamen\u00e1, ne. Za zn\u00e1siln\u011bn\u00ed by m\u011bl b\u00fdt podle z\u00e1kona pova\u017eov\u00e1n nesouhlasn\u00fd pohlavn\u00ed styk nejen silou vynucen\u00fd. Sen\u00e1to\u0159i schv\u00e1lili novelu trestn\u00edho z\u00e1kon\u00edku. Auto\u0159i slibuj\u00ed v\u011bt\u0161\u00ed pomoc ob\u011btem i lep\u0161\u00ed ochranu d\u011bt\u00ed.<br \/><br \/>Jesica Mi\u0148ovsk\u00e1, ob\u011b\u0165 zn\u00e1siln\u011bn\u00ed<br \/>&#8212;&#8212;&#8212;&#8212;&#8212;&#8212;&#8211;<br \/>P\u0159ich\u00e1zelo to od opravdu n\u011bjak\u00fdch jako intimn\u00edch dotyk\u016f a\u017e vlastn\u011b po vlastn\u011b vynucen\u00ed dal\u0161\u00ed sexu\u00e1ln\u00ed aktivity.<br \/><br \/> redaktorka \u010cT<br \/>&#8212;&#8212;&#8212;&#8212;&#8212;&#8212;&#8211;<br \/>Od 10 do 18 let\u00a0<strong>nevidomou<\/strong>\u00a0Jesicu Mi\u0148ovskou zneu\u017e\u00edval otec. Traumatizuj\u00edc\u00ed zku\u0161enost chce p\u0159etavit v n\u011bco smyslupln\u00e9ho. S ostatn\u00edmi ji proto sd\u00edl\u00ed t\u0159eba na brn\u011bnsk\u00e9 z\u00e1kladn\u00ed \u0161kole.<br \/><br \/>Jesica Mi\u0148ovsk\u00e1, ob\u011b\u0165 zn\u00e1siln\u011bn\u00ed<br \/>&#8212;&#8212;&#8212;&#8212;&#8212;&#8212;&#8211;<br \/>T\u00edm jdu d\u00e1l a to t\u00e9ma d\u00e1l p\u0159ed\u00e1v\u00e1m.<br \/><br \/>redaktorka \u010cT<br \/>&#8212;&#8212;&#8212;&#8212;&#8212;&#8212;&#8211;<br \/>Zm\u011bnu trestn\u00edho z\u00e1kon\u00edku podporuje. Podle novely by se m\u011bly jak\u00e9koliv sexu\u00e1ln\u00ed aktivity s d\u011btmi do 12 let pova\u017eovat za zn\u00e1siln\u011bn\u00ed nebo sexu\u00e1ln\u00ed \u00fatok, nikoliv jako m\u00edrn\u011bji trestan\u00e9 pohlavn\u00ed zneu\u017eit\u00ed.<br \/><br \/>Jesica Mi\u0148ovsk\u00e1, ob\u011b\u0165 zn\u00e1siln\u011bn\u00ed<br \/>&#8212;&#8212;&#8212;&#8212;&#8212;&#8212;&#8211;<br \/>Vad\u00ed mi, \u017ee to p\u0159i\u0161lo tak pozd\u011b. J\u00e1sat a otv\u00edrat \u0161ampus budu, a\u017e to podep\u00ed\u0161e pan prezident.<br \/><br \/>Daniela Kov\u00e1\u0159ov\u00e1, \u010dlenka sen\u00e1tn\u00edho \u00fastavn\u011b-pr\u00e1vn\u00edho v\u00fdboru \/nestr.\/<br \/>&#8212;&#8212;&#8212;&#8212;&#8212;&#8212;&#8211;<br \/>To jenom rozkol\u00eds\u00e1 judikaturu, kter\u00e1 je v posledn\u00edch letech naprosto jednozna\u010dn\u00e1, a soudy prost\u011b odsoudit n\u00e1siln\u00edka um\u011bj\u00ed.<br \/><br \/>Tom\u00e1\u0161 GOL\u00c1\u0147, p\u0159edseda sen\u00e1tn\u00edho \u00fastavn\u011b-pr\u00e1vn\u00edho v\u00fdboru \/ODS\/<br \/>&#8212;&#8212;&#8212;&#8212;&#8212;&#8212;&#8211;<br \/>Pr\u00e1vn\u00ed \u0159\u00e1d nem\u00e1 b\u00fdt jakoby n\u011b\u010d\u00edm, co jenom d\u011bl\u00e1 represi, ale on m\u00e1 d\u011blat i osv\u011btu, aby pr\u00e1v\u011b k p\u00e1ch\u00e1n\u00ed t\u011bch trestn\u00fdch \u010din\u016f nedoch\u00e1zelo.<br \/><br \/>kampa\u0148 Amnesty International<br \/>&#8212;&#8212;&#8212;&#8212;&#8212;&#8212;&#8211;<br \/>Tak co?No, j\u00e1 z\u00edtra fakt brzo vst\u00e1v\u00e1m.<br \/><br \/> redaktorka \u010cT<br \/>&#8212;&#8212;&#8212;&#8212;&#8212;&#8212;&#8211;<br \/>Z\u00e1kladn\u00ed my\u0161lenkou novely je, \u017ee ne znamen\u00e1 ne. Nesouhlas ob\u011b\u0165 nemus\u00ed projevit pouze slovem, ale sta\u010d\u00ed gesto nebo obrann\u00e1 pozice.<br \/><br \/>kampa\u0148 Amnesty International<br \/>&#8212;&#8212;&#8212;&#8212;&#8212;&#8212;&#8211;<br \/>Chce\u0161 to?Ano.<br \/><br \/>redaktorka \u010cT<br \/>&#8212;&#8212;&#8212;&#8212;&#8212;&#8212;&#8211;<br \/>Novela po\u010d\u00edt\u00e1 tak\u00e9 s definic\u00ed sp\u00e1ch\u00e1n\u00ed trestn\u00e9ho \u010dinu zneu\u017eit\u00edm bezbrannosti ob\u011bti, kdy nen\u00ed schopn\u00e1 d\u00e1t svou v\u016fli najevo. Je to nap\u0159\u00edklad nemoc, ovlivn\u011bn\u00ed n\u00e1vykov\u00fdmi l\u00e1tkami nebo siln\u00fd ochromuj\u00edc\u00ed stres. Ten se m\u016f\u017ee projevit tzv. zamrznut\u00edm.<br \/><br \/>Jesica Mi\u0148ovsk\u00e1, ob\u011b\u0165 zn\u00e1siln\u011bn\u00ed<br \/>&#8212;&#8212;&#8212;&#8212;&#8212;&#8212;&#8211;<br \/>To t\u011blo najednou ztuhlo a j\u00e1 jsem m\u011bla jako pocit, \u017ee je tam jakoby nejsem.<br \/><br \/> redaktorka \u010cT<br \/>&#8212;&#8212;&#8212;&#8212;&#8212;&#8212;&#8211;<br \/>V \u010cesku zat\u00edm funguje jedin\u00e9 centrum pro ob\u011bti sexu\u00e1ln\u00edho n\u00e1sil\u00ed. Nach\u00e1z\u00ed se v pra\u017esk\u00e9m B\u0159evnov\u011b a otev\u0159en\u00e9 je zhruba \u010dty\u0159i m\u011bs\u00edce. Za tu dobu ho vyu\u017eilo t\u00e9m\u011b\u0159 400 klientek a klient\u016f. <\/p>\n\n\n\n<p> \u010cesk\u00e1 televize.<\/p>\n","protected":false},"excerpt":{"rendered":"<div class=\"mh-excerpt\"><p>\u010cT 1\u00a0&#8211; Ud\u00e1losti Ne znamen\u00e1, ne. Za zn\u00e1siln\u011bn\u00ed by m\u011bl b\u00fdt podle z\u00e1kona pova\u017eov\u00e1n nesouhlasn\u00fd pohlavn\u00ed styk nejen silou vynucen\u00fd. Sen\u00e1to\u0159i schv\u00e1lili novelu trestn\u00edho z\u00e1kon\u00edku. <a class=\"mh-excerpt-more\" href=\"https:\/\/www.invarena.cz\/?p=49429\" title=\"Sen\u00e1t schv\u00e1lil novou definici zn\u00e1siln\u011bn\u00ed\u00a0\u00a0\">[&#8230;]<\/a><\/p>\n<\/div>","protected":false},"author":1,"featured_media":22145,"comment_status":"open","ping_status":"closed","sticky":false,"template":"","format":"standard","meta":{"footnotes":""},"categories":[7],"tags":[],"class_list":["post-49429","post","type-post","status-publish","format-standard","has-post-thumbnail","hentry","category-spolecnost"],"_links":{"self":[{"href":"https:\/\/www.invarena.cz\/index.php?rest_route=\/wp\/v2\/posts\/49429","targetHints":{"allow":["GET"]}}],"collection":[{"href":"https:\/\/www.invarena.cz\/index.php?rest_route=\/wp\/v2\/posts"}],"about":[{"href":"https:\/\/www.invarena.cz\/index.php?rest_route=\/wp\/v2\/types\/post"}],"author":[{"embeddable":true,"href":"https:\/\/www.invarena.cz\/index.php?rest_route=\/wp\/v2\/users\/1"}],"replies":[{"embeddable":true,"href":"https:\/\/www.invarena.cz\/index.php?rest_route=%2Fwp%2Fv2%2Fcomments&post=49429"}],"version-history":[{"count":0,"href":"https:\/\/www.invarena.cz\/index.php?rest_route=\/wp\/v2\/posts\/49429\/revisions"}],"wp:featuredmedia":[{"embeddable":true,"href":"https:\/\/www.invarena.cz\/index.php?rest_route=\/wp\/v2\/media\/22145"}],"wp:attachment":[{"href":"https:\/\/www.invarena.cz\/index.php?rest_route=%2Fwp%2Fv2%2Fmedia&parent=49429"}],"wp:term":[{"taxonomy":"category","embeddable":true,"href":"https:\/\/www.invarena.cz\/index.php?rest_route=%2Fwp%2Fv2%2Fcategories&post=49429"},{"taxonomy":"post_tag","embeddable":true,"href":"https:\/\/www.invarena.cz\/index.php?rest_route=%2Fwp%2Fv2%2Ftags&post=49429"}],"curies":[{"name":"wp","href":"https:\/\/api.w.org\/{rel}","templated":true}]}}