{"id":49432,"date":"2024-05-31T06:15:00","date_gmt":"2024-05-31T04:15:00","guid":{"rendered":"https:\/\/www.invarena.cz\/?p=49432"},"modified":"2024-05-31T06:15:00","modified_gmt":"2024-05-31T04:15:00","slug":"boj-o-duchody-u-konce","status":"publish","type":"post","link":"https:\/\/www.invarena.cz\/?p=49432","title":{"rendered":"Boj o d\u016fchody u konce\u00a0\u00a0"},"content":{"rendered":"\n<p>Prima\u00a0&#8211; Hlavn\u00ed zpr\u00e1vy<br \/><br \/>D\u016fchodov\u00e1 reforma m\u00e1 za sebou dal\u0161\u00ed krok k definitivn\u00edmu schv\u00e1len\u00ed. Sn\u011bmovnou pro\u0161la v prvn\u00edm \u010dten\u00ed. Debata trvala t\u0159i jednac\u00ed dny, dohromady t\u00e9m\u011b\u0159 32 hodin \u010dist\u00e9ho \u010dasu.<br \/><br \/>Souboje argument\u016f mezi vl\u00e1dou a opozic\u00ed utnula koalice rozhodnut\u00edm o pevn\u00e9m hlasov\u00e1n\u00ed. Z\u00e1stupci opozi\u010dn\u00edch hnut\u00ed ANO a SPD se proti takov\u00e9mu postupu ohradili.<br \/><br \/>T\u0159et\u00ed den jedn\u00e1n\u00ed a st\u00e1le stejn\u00e9 t\u00e9ma. Poslanci od r\u00e1na op\u011bt \u0159e\u0161ili d\u016fchody. Debatu o nich p\u0159eru\u0161ili v\u010dera ve\u010der, kdy\u017e se je\u0161t\u011b stihli pobavit i o jin\u00fdch v\u011bcech.<br \/><br \/>Andrej Babi\u0161, poslanec, p\u0159edseda hnut\u00ed \/ANO\/<br \/>&#8212;&#8212;&#8212;&#8212;&#8212;&#8212;&#8211;<br \/>Pro\u010d ty mlad\u00fd necht\u011bj\u00ed m\u00edt d\u011bti? No, proto\u017ee jim tahle vl\u00e1da co? Nav\u00fd\u0161ila n\u00e1jmy, dan\u011b z nemovitost\u00ed, nejdra\u017e\u0161\u00ed elekt\u0159ina, dan\u011b. N\u00edzk\u00e1 porodnost je va\u0161e d\u00edlo.<br \/><br \/>Martin Dvo\u0159\u00e1k, ministr pro evropsk\u00e9 z\u00e1le\u017eitosti \/STAN\/<br \/>&#8212;&#8212;&#8212;&#8212;&#8212;&#8212;&#8211;<br \/>Babi\u0161 sv\u00fdm projevem prok\u00e1zal, \u017ee i v 69 letech je \u010dlov\u011bk velice v\u00fdkonn\u00fd, pln\u00fd energie, a tud\u00ed\u017e si mysl\u00edm, \u017ee i v 65 j\u00edt do d\u016fchodu je zbyte\u010dn\u011b brzo.<br \/><br \/>Jana Mra\u010dkov\u00e1 Vildumetzov\u00e1, m\u00edstop\u0159edsedkyn\u011b poslaneck\u00e9ho klubu, st\u00ednov\u00e1 ministryn\u011b vnitra \/ANO\/<br \/>&#8212;&#8212;&#8212;&#8212;&#8212;&#8212;&#8211;<br \/>Pane minist\u0159e Dvo\u0159\u00e1ku, prost\u0159ednictv\u00edm pan\u00ed p\u0159edsedaj\u00edc\u00ed, ml\u010deti zlato.<br \/><br \/>redaktorka<br \/>&#8212;&#8212;&#8212;&#8212;&#8212;&#8212;&#8211;<br \/>Dal\u0161\u00ed den u\u017e m\u011blo jedn\u00e1n\u00ed o d\u016fchodov\u00e9 reform\u011b jin\u00fd sp\u00e1d. Klidn\u00fd. Opozi\u010dn\u00ed poslanci u\u017e se pouze dopt\u00e1vali ministra na dopl\u0148uj\u00edc\u00ed dotazy.<br \/><br \/>Ale\u0161 Juchelka, m\u00edstop\u0159edseda poslaneck\u00e9ho klubu, st\u00ednov\u00fd\u00a0<strong>ministr<\/strong>\u00a0<strong>pr\u00e1ce<\/strong>\u00a0a soci\u00e1ln\u00edch v\u011bc\u00ed \/ANO\/<br \/>&#8212;&#8212;&#8212;&#8212;&#8212;&#8212;&#8211;<br \/>Je mi 62 let, rozhodl jsem se odej\u00edt do p\u0159ed\u010dasn\u00e9ho d\u016fchodu, ty podm\u00ednky jsou zt\u00ed\u017eeny. Co potom budu d\u011blat?<br \/><br \/>Marian JURE\u010cKA, vicepremi\u00e9r,\u00a0<strong>ministr<\/strong>\u00a0<strong>pr\u00e1ce<\/strong>\u00a0a soci\u00e1ln\u00edch v\u011bc\u00ed, p\u0159edseda strany \/KDU-\u010cSL\/<br \/>&#8212;&#8212;&#8212;&#8212;&#8212;&#8212;&#8211;<br \/>\u0158e\u0161ili jsme to u\u017e, mysl\u00edm, \u017ee p\u0159edev\u010d\u00edrem. U t\u011bch n\u00e1ro\u010dn\u00fdch pozic je to z\u00e1konn\u00e1 povinnost zam\u011bstnavatele.<br \/><br \/>Marek BENDA, p\u0159edseda poslaneck\u00e9ho klubu \/ODS\/<br \/>&#8212;&#8212;&#8212;&#8212;&#8212;&#8212;&#8211;<br \/>Pokl\u00e1d\u00e1m diskuzi posledn\u00edch t\u0159\u00ed dn\u016f za mimo\u0159\u00e1dn\u011b kultivovanou a mysl\u00edm si, \u017ee je pro v\u0161echny d\u016fstojn\u00e9, abychom to jedn\u00e1n\u00ed v n\u011bjak\u00fd \u010das ukon\u010dili.<br \/><br \/>redaktorka<br \/>&#8212;&#8212;&#8212;&#8212;&#8212;&#8212;&#8211;<br \/>Pr\u00e1v\u011b proto, \u017ee debata rychle plyne a je kultivovan\u00e1, se ji rozhodli vl\u00e1dn\u00ed poslanci v 18 hodin ve\u010der ukon\u010dit. Opozice ale z n\u00e1padu vl\u00e1dn\u00ed p\u011btikoalice nad\u0161en\u00e1 nebyla.<br \/><br \/>Alena SCHILLEROV\u00c1, p\u0159edsedkyn\u011b poslaneck\u00e9ho klubu, m\u00edstop\u0159edsedkyn\u011b hnut\u00ed \/ANO\/<br \/>&#8212;&#8212;&#8212;&#8212;&#8212;&#8212;&#8211;<br \/>P\u0159es to v\u0161echno si mus\u00edte odhlasovat pevn\u00e9 hlasov\u00e1n\u00ed v prvn\u00edm \u010dten\u00ed. A j\u00e1 se pt\u00e1m, pro\u010d.<br \/><br \/>redaktorka<br \/>&#8212;&#8212;&#8212;&#8212;&#8212;&#8212;&#8211;<br \/>Vl\u00e1da pova\u017euje sou\u010dasn\u00fd d\u016fchodov\u00fd syst\u00e9m za neudr\u017eiteln\u00fd. Jeden z hlavn\u00edch bod\u016f reformy, kter\u00e1 pro\u0161la prvn\u00edm \u010dten\u00edm, je navy\u0161ov\u00e1n\u00ed d\u016fchodov\u00e9ho v\u011bku nad 65 let podle d\u00e9lky do\u017eit\u00ed. Po roce 2030 ale maxim\u00e1ln\u011b o dva m\u011bs\u00edce ro\u010dn\u011b. Minim\u00e1ln\u00ed d\u016fchod by se m\u011bl dostat na 20 % pr\u016fm\u011brn\u00e9 mzdy a d\u0159\u00edve do penze by pak m\u011bli odej\u00edt ti, kte\u0159\u00ed vykon\u00e1vaj\u00ed tzv. n\u00e1ro\u010dn\u00e9 profese. Konkr\u00e9tn\u011b a\u017e o p\u011bt let podle po\u010dtu odpracovan\u00fdch sm\u011bn za pr\u00e1ci v rizikov\u00e9m prost\u0159ed\u00ed. <br \/><br \/>&#8212;&#8212;&#8212;&#8212;&#8212;&#8211;<br \/>A do Sn\u011bmovny m\u00ed\u0159\u00edme je\u0161t\u011b jednou, tentokr\u00e1t za Janem Sochou. Honzo, dobr\u00fd ve\u010der. P\u0159edlohu schv\u00e1lenou v prvn\u00edm \u010dten\u00ed te\u010f dostanou k projedn\u00e1n\u00ed poslanci ve v\u00fdborech. Co to znamen\u00e1? M\u016f\u017ee se je\u0161t\u011b n\u011bco zm\u011bnit? A jak\u00e1 bude role v\u00fdbor\u016f?<br \/><br \/>Jan Socha, redaktor<br \/>&#8212;&#8212;&#8212;&#8212;&#8212;&#8212;&#8211;<br \/>Hezk\u00fd ve\u010der ze Sn\u011bmovny. Ano, tak d\u016fchodovou reformu projedn\u00e1 pouze jedin\u00fd v\u00fdbor, a to konkr\u00e9tn\u011b soci\u00e1ln\u00ed v\u00fdbor, respektive v\u00fdbor pro soci\u00e1ln\u00ed politiku, proto\u017ee k ostatn\u00edm v\u00fdbor\u016fm, kter\u00e9 po\u017eadovala opozice, tak koalice zam\u00edtla, aby d\u016fchodov\u00e1 reforma byla pr\u00e1v\u011b projedn\u00e1na v t\u011bchto v\u00fdborech. Jednalo se nap\u0159\u00edklad o rozpo\u010dtov\u00fd v\u00fdbor, hospod\u00e1\u0159sk\u00fd nebo \u00fastavn\u011bpr\u00e1vn\u00ed \u010di zdravotn\u00ed v\u00fdbor, tyto v\u00fdbory po\u017eadovala opozice, aby \u0159e\u0161ily d\u016fchodovou reformu p\u0159ed druh\u00fdm \u010dten\u00edm, to ale koalice zam\u00edtla. A konkr\u00e9tn\u011b, co se te\u010f bude d\u00edt, tak ten v\u00fdbor pro soci\u00e1ln\u00ed politiku m\u00e1 60 dn\u00ed na to, tedy obvyklou lh\u016ftu, aby se tou d\u016fchodovou reformou do druh\u00e9ho \u010dten\u00ed zab\u00fdval, podle\u00a0<strong>ministra<\/strong>\u00a0<strong>pr\u00e1ce<\/strong>\u00a0Mariana Jure\u010dky by to druh\u00e9 \u010dten\u00ed potom mohlo prob\u011bhnout v z\u00e1\u0159\u00ed, t\u0159et\u00ed pak n\u011bkdy v \u0159\u00edjnu, no a co se t\u00fd\u010de t\u011bch zm\u011bn, tak ty samoz\u0159ejm\u011b mohou nastat. Ministr Jure\u010dka nevylu\u010duje, \u017ee k nim pr\u00e1v\u011b p\u0159ed t\u00edm druh\u00fdm \u010dten\u00edm, kdy poslanci navrhuj\u00ed pozm\u011b\u0148ovac\u00ed n\u00e1vrhy, tak dojde. U\u017e na \u010derven m\u00e1 pr\u00fd napl\u00e1novanou ministr sch\u016fzku nap\u0159\u00edklad s opozi\u010dn\u00edm hnut\u00ed SPD. On tady \u0159\u00edkal, \u017ee je otev\u0159en\u00fd v\u0161em konstruktivn\u00edm n\u00e1vrh\u016fm, na druhou stranu druh\u00e9 opozi\u010dn\u00ed hnut\u00ed, tedy hnut\u00ed ANO, tak to u\u017e vylou\u010dilo, \u017ee by s ministrem Jure\u010dkou o d\u016fchodov\u00e9 reform\u011b jednalo. Ministr tady komentoval s t\u00edm, \u017ee hnut\u00ed ANO je zkr\u00e1tka ura\u017een\u00e9. To znamen\u00e1, \u017ee zm\u011bny skute\u010dn\u011b je\u0161t\u011b b\u011bhem t\u011bch 60 dn\u016f nastat mohou. D\u00e1 se ale o\u010dek\u00e1vat, \u017ee se bude sp\u00ed\u0161e jednat o kosmetick\u00e9 zm\u011bny. Proto\u017ee koalice chce prosadit tu reformu tak, jak ji schv\u00e1lila vl\u00e1da a p\u0159edlo\u017eil ministr.<\/p>\n","protected":false},"excerpt":{"rendered":"<div class=\"mh-excerpt\"><p>Prima\u00a0&#8211; Hlavn\u00ed zpr\u00e1vy D\u016fchodov\u00e1 reforma m\u00e1 za sebou dal\u0161\u00ed krok k definitivn\u00edmu schv\u00e1len\u00ed. Sn\u011bmovnou pro\u0161la v prvn\u00edm \u010dten\u00ed. Debata trvala t\u0159i jednac\u00ed dny, dohromady t\u00e9m\u011b\u0159 <a class=\"mh-excerpt-more\" href=\"https:\/\/www.invarena.cz\/?p=49432\" title=\"Boj o d\u016fchody u konce\u00a0\u00a0\">[&#8230;]<\/a><\/p>\n<\/div>","protected":false},"author":1,"featured_media":19372,"comment_status":"open","ping_status":"closed","sticky":false,"template":"","format":"standard","meta":{"footnotes":""},"categories":[6],"tags":[],"class_list":["post-49432","post","type-post","status-publish","format-standard","has-post-thumbnail","hentry","category-politika"],"_links":{"self":[{"href":"https:\/\/www.invarena.cz\/index.php?rest_route=\/wp\/v2\/posts\/49432","targetHints":{"allow":["GET"]}}],"collection":[{"href":"https:\/\/www.invarena.cz\/index.php?rest_route=\/wp\/v2\/posts"}],"about":[{"href":"https:\/\/www.invarena.cz\/index.php?rest_route=\/wp\/v2\/types\/post"}],"author":[{"embeddable":true,"href":"https:\/\/www.invarena.cz\/index.php?rest_route=\/wp\/v2\/users\/1"}],"replies":[{"embeddable":true,"href":"https:\/\/www.invarena.cz\/index.php?rest_route=%2Fwp%2Fv2%2Fcomments&post=49432"}],"version-history":[{"count":0,"href":"https:\/\/www.invarena.cz\/index.php?rest_route=\/wp\/v2\/posts\/49432\/revisions"}],"wp:featuredmedia":[{"embeddable":true,"href":"https:\/\/www.invarena.cz\/index.php?rest_route=\/wp\/v2\/media\/19372"}],"wp:attachment":[{"href":"https:\/\/www.invarena.cz\/index.php?rest_route=%2Fwp%2Fv2%2Fmedia&parent=49432"}],"wp:term":[{"taxonomy":"category","embeddable":true,"href":"https:\/\/www.invarena.cz\/index.php?rest_route=%2Fwp%2Fv2%2Fcategories&post=49432"},{"taxonomy":"post_tag","embeddable":true,"href":"https:\/\/www.invarena.cz\/index.php?rest_route=%2Fwp%2Fv2%2Ftags&post=49432"}],"curies":[{"name":"wp","href":"https:\/\/api.w.org\/{rel}","templated":true}]}}