{"id":4959,"date":"2013-05-15T09:53:34","date_gmt":"2013-05-15T07:53:34","guid":{"rendered":"http:\/\/www.invarena.cz\/?p=4959"},"modified":"2013-05-15T09:54:16","modified_gmt":"2013-05-15T07:54:16","slug":"jeskynari-zpristupni-propast-macocha-vozickarum","status":"publish","type":"post","link":"https:\/\/www.invarena.cz\/?p=4959","title":{"rendered":"Jesky\u0148\u00e1\u0159i zp\u0159\u00edstupn\u00ed propast Macocha voz\u00ed\u010dk\u00e1\u0159\u016fm"},"content":{"rendered":"<p><strong>Jesky\u0148\u00e1\u0159i zp\u0159\u00edstupn\u00ed dno sv\u011btozn\u00e1m\u00e9 propasti Macocha voz\u00ed\u010dk\u00e1\u0159\u016fm. Na prohl\u00eddkov\u00e9 trase v Punkevn\u00edch jeskyn\u00edch bude kv\u016fli tomu nutn\u00e9 prost\u0159\u00edlet asi 17 metr\u016f dlouhou chodbu. Prvn\u00ed voz\u00ed\u010dk\u00e1\u0159i by se na dno propasti mohli pod\u00edvat na za\u010d\u00e1tku p\u0159\u00ed\u0161t\u00edho roku.<\/strong><\/p>\n<p><!--more--><\/p>\n<p>Prvn\u00ed voz\u00ed\u010dk\u00e1\u0159i by se na dno propasti mohli pod\u00edvat na za\u010d\u00e1tku p\u0159\u00ed\u0161t\u00edho roku, uvedl v \u010cesk\u00e9m rozhlase vedouc\u00ed Spr\u00e1vy jeskyn\u00ed Moravsk\u00e9ho krasu Ji\u0159\u00ed Hebelka.<\/p>\n<p>&#8222;M\u00e1lokter\u00e1 jeskyn\u011b ve sv\u011bt\u011b i v Evrop\u011b je pro ty t\u011blesn\u011b posti\u017een\u00e9 spoluob\u010dany zp\u0159\u00edstupn\u011bn\u00e1 a maj\u00ed mo\u017enost si j\u00ed prohl\u00eddnout, proto\u017ee ty jeskyn\u011b v\u011bt\u0161inou jsou v hor\u00e1ch a b\u00fdv\u00e1 tam i t\u0159eba n\u00e1ro\u010dn\u00fd p\u0159\u00edstup a zat\u00edmco jeskyn\u011b v Moravsk\u00e9m krasu maj\u00ed ide\u00e1ln\u011b p\u0159\u00edstupov\u00e9 vlastn\u011b cesty, \u010dlov\u011bk se autem dostane v\u011bt\u0161inou a\u017e p\u0159\u00edmo k jeskyni a z toho d\u016fvodu vlastn\u011b se p\u0159\u00edmo nab\u00edz\u00ed umo\u017enit jim vlastn\u011b prohl\u00eddku t\u00e9 jeskyn\u011b,&#8220; \u0159ekl Hebelka<\/p>\n<p>invArena<\/p>\n","protected":false},"excerpt":{"rendered":"<div class=\"mh-excerpt\"><p>Jesky\u0148\u00e1\u0159i zp\u0159\u00edstupn\u00ed dno sv\u011btozn\u00e1m\u00e9 propasti Macocha voz\u00ed\u010dk\u00e1\u0159\u016fm. Na prohl\u00eddkov\u00e9 trase v Punkevn\u00edch jeskyn\u00edch bude kv\u016fli tomu nutn\u00e9 prost\u0159\u00edlet asi 17 metr\u016f dlouhou chodbu. Prvn\u00ed voz\u00ed\u010dk\u00e1\u0159i <a class=\"mh-excerpt-more\" href=\"https:\/\/www.invarena.cz\/?p=4959\" title=\"Jesky\u0148\u00e1\u0159i zp\u0159\u00edstupn\u00ed propast Macocha voz\u00ed\u010dk\u00e1\u0159\u016fm\">[&#8230;]<\/a><\/p>\n<\/div>","protected":false},"author":1,"featured_media":4975,"comment_status":"open","ping_status":"open","sticky":false,"template":"","format":"standard","meta":{"footnotes":""},"categories":[9],"tags":[],"class_list":["post-4959","post","type-post","status-publish","format-standard","has-post-thumbnail","hentry","category-zpravy"],"_links":{"self":[{"href":"https:\/\/www.invarena.cz\/index.php?rest_route=\/wp\/v2\/posts\/4959","targetHints":{"allow":["GET"]}}],"collection":[{"href":"https:\/\/www.invarena.cz\/index.php?rest_route=\/wp\/v2\/posts"}],"about":[{"href":"https:\/\/www.invarena.cz\/index.php?rest_route=\/wp\/v2\/types\/post"}],"author":[{"embeddable":true,"href":"https:\/\/www.invarena.cz\/index.php?rest_route=\/wp\/v2\/users\/1"}],"replies":[{"embeddable":true,"href":"https:\/\/www.invarena.cz\/index.php?rest_route=%2Fwp%2Fv2%2Fcomments&post=4959"}],"version-history":[{"count":0,"href":"https:\/\/www.invarena.cz\/index.php?rest_route=\/wp\/v2\/posts\/4959\/revisions"}],"wp:featuredmedia":[{"embeddable":true,"href":"https:\/\/www.invarena.cz\/index.php?rest_route=\/wp\/v2\/media\/4975"}],"wp:attachment":[{"href":"https:\/\/www.invarena.cz\/index.php?rest_route=%2Fwp%2Fv2%2Fmedia&parent=4959"}],"wp:term":[{"taxonomy":"category","embeddable":true,"href":"https:\/\/www.invarena.cz\/index.php?rest_route=%2Fwp%2Fv2%2Fcategories&post=4959"},{"taxonomy":"post_tag","embeddable":true,"href":"https:\/\/www.invarena.cz\/index.php?rest_route=%2Fwp%2Fv2%2Ftags&post=4959"}],"curies":[{"name":"wp","href":"https:\/\/api.w.org\/{rel}","templated":true}]}}