{"id":49702,"date":"2024-06-23T03:43:37","date_gmt":"2024-06-23T01:43:37","guid":{"rendered":"https:\/\/www.invarena.cz\/?p=49702"},"modified":"2024-06-23T03:43:37","modified_gmt":"2024-06-23T01:43:37","slug":"pribude-pracujicich-cizincu-v-cesku","status":"publish","type":"post","link":"https:\/\/www.invarena.cz\/?p=49702","title":{"rendered":"P\u0159ibude pracuj\u00edc\u00edch cizinc\u016f v \u010cesku\u00a0\u00a0"},"content":{"rendered":"\n<p>\u010cT 1<\/p>\n\n\n\n<p><br \/>Ob\u010dan\u00e9 dev\u00edti st\u00e1t\u016f mimo Evropskou unii budou moci od \u010dervence v \u010cesku pracovat bez povolen\u00ed. Po\u010d\u00edt\u00e1 s t\u00edm na\u0159\u00edzen\u00ed, kter\u00e9 schv\u00e1lila vl\u00e1da. C\u00edlem je podpo\u0159it firmy, kter\u00e9 tr\u00e1p\u00ed nedostatek vysoce kvalifikovan\u00fdch pracovn\u00edk\u016f. T\u00fdk\u00e1 se to p\u0159ev\u00e1\u017en\u011b t\u011bch, kter\u00e9 vyv\u00edjej\u00ed nov\u00e9 technologie nebo t\u0159eba l\u00e9ky.<br \/><br \/>redaktorka \u010cT<br \/>&#8212;&#8212;&#8212;&#8212;&#8212;&#8212;&#8211;<br \/>Ze Stockholmu do laborato\u0159e v centru Prahy. Linn Amand Syding sem p\u016fvodn\u011b p\u0159ijela studovat. Nakonec z\u016fstala. Pod\u00edl\u00ed se na v\u00fdvoji nov\u00fdch p\u0159\u00edpravk\u016f pro l\u00e9\u010dbu rakoviny.<br \/><br \/>Linn Amanda Sydingov\u00e1, v\u011bdkyn\u011b, Sotio Biotech<br \/>&#8212;&#8212;&#8212;&#8212;&#8212;&#8212;&#8211;<br \/>Jeliko\u017e jsem \u017ee \u0160v\u00e9dska, co\u017e je zem\u011b Evropsk\u00e9 unie, sta\u010dilo se p\u0159est\u011bhovat. A informovat \u0161v\u00e9dskou vl\u00e1du, \u017ee odch\u00e1z\u00edm. A to bylo v podstat\u011b v\u0161e.<br \/><br \/>redaktorka \u010cT<br \/>&#8212;&#8212;&#8212;&#8212;&#8212;&#8212;&#8211;<br \/>V t\u011bchto laborato\u0159\u00edch pracuje na v\u00fdvoji a v\u00fdzkumu nov\u00fdch l\u00e9k\u016f p\u0159ibli\u017en\u011b stovka vysoce kvalifikovan\u00fdch pracovn\u00edk\u016f. T\u00e9m\u011b\u0159 t\u0159etina z nich poch\u00e1z\u00ed z ciziny.<br \/><br \/>Richard Kapsa, tajemn\u00edk spole\u010dnosti a \u0159editel komunikace, Sotio Biotech<br \/>&#8212;&#8212;&#8212;&#8212;&#8212;&#8212;&#8211;<br \/>Je to d\u00e1no t\u00edm, \u017ee to, co d\u011bl\u00e1me, tady nikdo nikdy v historii v \u010cesk\u00e9 republice ned\u011blal, to znamen\u00e1, tady ty odbornosti na \u010desk\u00e9m trhu nejsou.<br \/><br \/>redaktorka \u010cT<br \/>&#8212;&#8212;&#8212;&#8212;&#8212;&#8212;&#8211;<br \/>Zat\u00edmco ob\u010dan\u00e9 zem\u00ed Unie, Evropsk\u00e9ho hospod\u00e1\u0159sk\u00e9ho prostoru nebo \u0160v\u00fdcarska \u0159e\u0161\u00ed administrativu minim\u00e1ln\u011b, ti ostatn\u00ed mus\u00ed m\u00edt pracovn\u00ed povolen\u00ed nebo zam\u011bstnaneck\u00e9 karty. Od \u010dervence tato povinnost odpadne pro lidi z dev\u00edti dal\u0161\u00edch st\u00e1t\u016f.<br \/><br \/>Marian JURE\u010cKA, vicepremi\u00e9r,\u00a0<strong>ministr<\/strong>\u00a0<strong>pr\u00e1ce<\/strong>\u00a0a soci\u00e1ln\u00edch v\u011bc\u00ed, p\u0159edseda strany \/KDU-\u010cSL\/<br \/>&#8212;&#8212;&#8212;&#8212;&#8212;&#8212;&#8211;<br \/>Byly vybr\u00e1ny na z\u00e1klad\u011b ur\u010dit\u00e9ho screeningu, to znamen\u00e1, aby to byly bezpe\u010dn\u00e9 zem\u011b, bav\u00edme se o zem\u00edch, ze kter\u00fdch v z\u00e1sad\u011b p\u0159ich\u00e1z\u00ed lid\u00e9, kte\u0159\u00ed p\u0159ich\u00e1zej\u00ed do t\u011bch vy\u0161\u0161\u00edch pozic\u00ed mana\u017eersk\u00fdch nebo v\u011bdeck\u00fdch, to znamen\u00e1, nen\u00ed to levn\u00e1 pracovn\u00ed s\u00edla.<br \/><br \/>Ale\u0161 JUCHELKA, \u010dlen sn\u011bmovn\u00edho v\u00fdboru pro soci\u00e1ln\u00edho v\u00fdboru \/ANO\/<br \/>&#8212;&#8212;&#8212;&#8212;&#8212;&#8212;&#8211;<br \/>M\u00e1me velmi vysokou zam\u011bstnanost a chyb\u00ed n\u00e1m odborn\u00edci v n\u011bkter\u00fdch profes\u00edch. J\u00e1 to velmi kvituji a m\u016f\u017ee to rozpohybovat trh pr\u00e1ce v \u010cesk\u00e9 republice.<br \/><br \/>redaktorka \u010cT<br \/>&#8212;&#8212;&#8212;&#8212;&#8212;&#8212;&#8211;<br \/>Seznam se v budoucnu m\u016f\u017ee m\u011bnit. Rozhoduj\u00edc\u00ed bude popt\u00e1vka ze strany zam\u011bstnavatel\u016f. V laborato\u0159\u00edch biotechnologick\u00e9 firmy doufaj\u00ed, \u017ee novinka motivuje dal\u0161\u00ed zahrani\u010dn\u00ed v\u011bdce, aby se na v\u00fdvoji l\u00e9k\u016f proti jedn\u00e9 z nejzhoubn\u011bj\u0161\u00edch chorob pod\u00edleli pr\u00e1v\u011b v \u010cesku.<\/p>\n\n\n\n<p><a>Dal\u0161\u00ed uvoln\u011bn\u00ed trhu pr\u00e1ce pro cizince\u00a0\u00a0<\/a><\/p>\n\n\n\n<p>\u00a0\u00a0\u010cT 1<br \/>Novela z\u00e1kona o zam\u011bstnanosti, kterou schv\u00e1lila vl\u00e1da, po\u010d\u00edt\u00e1 s t\u00edm, \u017ee lidi z dev\u00edti st\u00e1t\u016f mimo Evropskou unii, nap\u0159\u00edklad z Brit\u00e1nie, Spojen\u00fdch st\u00e1t\u016f, Austr\u00e1lie nebo Izraele, budou moci od \u010dervence v \u010cesku pracovat bez dosavadn\u00edch pracovn\u00edch povolen\u00ed. C\u00edlem je podpo\u0159it firmy, kter\u00e9 tr\u00e1p\u00ed nedostatek kvalifikovan\u00fdch zam\u011bstnanc\u016f, zam\u011bstnance s ni\u017e\u0161\u00ed nebo st\u0159edn\u00ed kvalifikac\u00ed, ale opat\u0159en\u00ed ne\u0159e\u0161\u00ed. P\u0159itom pr\u00e1v\u011b je firmy nap\u0159\u00edklad na Plze\u0148sku pot\u0159ebuj\u00ed nejv\u00edc.<br \/><br \/>Firma zam\u011b\u0159en\u00e1 na v\u00fdzkum materi\u00e1l\u016f v Dob\u0159anech u Plzn\u011b. \u0160pi\u010dkov\u00e9 technologie tady vyv\u00edjej\u00ed u\u017e 24 let ve spolupr\u00e1ci s experty z cel\u00e9ho sv\u011bta.<br \/><br \/>Libor KRAUS, p\u0159edseda p\u0159edstavenstva, Comtes FHT<br \/>&#8212;&#8212;&#8212;&#8212;&#8212;&#8212;&#8211;<br \/>Dostat sem zam\u011bstnance z Evropsk\u00e9 unie samoz\u0159ejm\u011b probl\u00e9m nen\u00ed dostat sem zam\u011bstnance z t\u0159et\u00edch zem\u00ed nebo n\u011bjak\u00fd st\u0159edn\u00ed v\u00fdchod, kde je pom\u011brn\u011b dobr\u00e1 vzd\u011blanost, n\u00e1m trv\u00e1 v\u017edycky celou \u0159adu m\u011bs\u00edc\u016f.<br \/><br \/>redaktor<br \/>&#8212;&#8212;&#8212;&#8212;&#8212;&#8212;&#8211;<br \/>Zjednodu\u0161it to m\u00e1 nov\u00e9 vl\u00e1dn\u00ed na\u0159\u00edzen\u00ed. Cizinci z vybran\u00fdch zem\u00ed se d\u00edky n\u011bmu obejdou bez pracovn\u00edch povolen\u00ed.<br \/><br \/>Libor KRAUS, p\u0159edseda p\u0159edstavenstva, Comtes FHT<br \/>&#8212;&#8212;&#8212;&#8212;&#8212;&#8212;&#8211;<br \/>Anga\u017eov\u00e1n\u00ed t\u011bchto zam\u011bstnanc\u016f by n\u00e1m p\u0159ineslo jednak zna\u010dn\u00e9 znalosti a v\u011bdomosti, kter\u00e9 t\u0159eba i na na\u0161em trhu n\u011bkdy chyb\u00ed. No, a z\u00e1rove\u0148 by to velice zjednodu\u0161ilo cel\u00fd ten pracovn\u00ed proces.<br \/><br \/>redaktor<br \/>&#8212;&#8212;&#8212;&#8212;&#8212;&#8212;&#8211;<br \/>D\u016fle\u017eit\u00fdm krit\u00e9riem p\u0159i v\u00fdb\u011bru zem\u00ed bylo bezpe\u010dnostn\u00ed hledisko nebo kvalita m\u00edstn\u00edch odborn\u00edk\u016f.<br \/><br \/>Marian JURE\u010cKA, vicepremi\u00e9r,\u00a0<strong>ministr<\/strong>\u00a0<strong>pr\u00e1ce<\/strong>\u00a0a soci\u00e1ln\u00edch v\u011bc\u00ed, p\u0159edseda strany \/KDU-\u010cSL\/<br \/>&#8212;&#8212;&#8212;&#8212;&#8212;&#8212;&#8211;<br \/>Bav\u00edme se o zem\u00edch, ze kter\u00fdch v z\u00e1sad\u011b p\u0159ich\u00e1z\u00ed lid\u00e9, kte\u0159\u00ed p\u0159ich\u00e1zej\u00ed do t\u011bch vy\u0161\u0161\u00edch pozic\u00ed mana\u017eersk\u00fdch nebo v\u011bdeck\u00fdch, to znamen\u00e1, nen\u00ed to levn\u00e1 pracovn\u00ed s\u00edla.<br \/><br \/> redaktor<br \/>&#8212;&#8212;&#8212;&#8212;&#8212;&#8212;&#8211;<br \/>Situaci zahrani\u010dn\u00edch pracovn\u00edk\u016f s ni\u017e\u0161\u00ed nebo st\u0159edn\u00ed kvalifikac\u00ed ale nov\u00e9 na\u0159\u00edzen\u00ed ne\u0159e\u0161\u00ed. Pr\u00e1v\u011b takov\u00e9 pracovn\u00edky p\u0159itom nejv\u00edce zam\u011bstn\u00e1vaj\u00ed spole\u010dnosti v z\u00e1padn\u00edch \u010cech\u00e1ch.<br \/><br \/>Radovan BURKOVI\u010c, prezident Asociace pracovn\u00edch agentur<br \/>&#8212;&#8212;&#8212;&#8212;&#8212;&#8212;&#8211;<br \/>Moravskoslezsk\u00fd kraj, okol\u00ed Mlad\u00e9 Boleslavi a Kol\u00edna, kde jsou nejv\u00edce zastoupeni zahrani\u010dn\u00ed zam\u011bstnanci, tak se m\u016f\u017eeme bavit o dvou, maxim\u00e1ln\u011b t\u0159ech tis\u00edc\u00edch lid\u00ed, kte\u0159\u00ed budou m\u00edt jednodu\u0161\u0161\u00ed \u017eivot.<br \/><br \/>redaktor<br \/>&#8212;&#8212;&#8212;&#8212;&#8212;&#8212;&#8211;<br \/>Podle pracovn\u00edch agentur a zam\u011bstnavatel\u016f by m\u011bla b\u00fdt vl\u00e1da odv\u00e1\u017en\u011bj\u0161\u00ed. \u010cesk\u00fd trh se podle nich bez cizinc\u016f neobejde.<br \/><br \/>Radovan BURKOVI\u010c, prezident Asociace pracovn\u00edch agentur<br \/>&#8212;&#8212;&#8212;&#8212;&#8212;&#8212;&#8211;<br \/>I s ostatn\u00edmi zem\u011bmi, jako je Polsko, Slovensk\u00e1 republika sout\u011b\u017e\u00edme jak nab\u00eddkou pen\u011bz, tak samoz\u0159ejm\u011b tou jednoduchost\u00ed dostat se na n\u00e1\u0161 pracovn\u00ed trh a v tom tragicky selh\u00e1v\u00e1me.<br \/><br \/>redaktor<br \/>&#8212;&#8212;&#8212;&#8212;&#8212;&#8212;&#8211;<br \/>Vl\u00e1da pl\u00e1nuje fungov\u00e1n\u00ed pilotn\u00edho projektu sledovat. Po vyhodnocen\u00ed pak aktu\u00e1ln\u00ed seznam zem\u00ed p\u0159\u00edpadn\u011b roz\u0161\u00ed\u0159\u00ed. <\/p>\n\n\n\n<p>\u010cesk\u00e1 televize, Plze\u0148.<br \/><\/p>\n","protected":false},"excerpt":{"rendered":"<div class=\"mh-excerpt\"><p>\u010cT 1 Ob\u010dan\u00e9 dev\u00edti st\u00e1t\u016f mimo Evropskou unii budou moci od \u010dervence v \u010cesku pracovat bez povolen\u00ed. Po\u010d\u00edt\u00e1 s t\u00edm na\u0159\u00edzen\u00ed, kter\u00e9 schv\u00e1lila vl\u00e1da. C\u00edlem <a class=\"mh-excerpt-more\" href=\"https:\/\/www.invarena.cz\/?p=49702\" title=\"P\u0159ibude pracuj\u00edc\u00edch cizinc\u016f v \u010cesku\u00a0\u00a0\">[&#8230;]<\/a><\/p>\n<\/div>","protected":false},"author":1,"featured_media":16664,"comment_status":"open","ping_status":"closed","sticky":false,"template":"","format":"standard","meta":{"footnotes":""},"categories":[9],"tags":[],"class_list":["post-49702","post","type-post","status-publish","format-standard","has-post-thumbnail","hentry","category-zpravy"],"_links":{"self":[{"href":"https:\/\/www.invarena.cz\/index.php?rest_route=\/wp\/v2\/posts\/49702","targetHints":{"allow":["GET"]}}],"collection":[{"href":"https:\/\/www.invarena.cz\/index.php?rest_route=\/wp\/v2\/posts"}],"about":[{"href":"https:\/\/www.invarena.cz\/index.php?rest_route=\/wp\/v2\/types\/post"}],"author":[{"embeddable":true,"href":"https:\/\/www.invarena.cz\/index.php?rest_route=\/wp\/v2\/users\/1"}],"replies":[{"embeddable":true,"href":"https:\/\/www.invarena.cz\/index.php?rest_route=%2Fwp%2Fv2%2Fcomments&post=49702"}],"version-history":[{"count":0,"href":"https:\/\/www.invarena.cz\/index.php?rest_route=\/wp\/v2\/posts\/49702\/revisions"}],"wp:featuredmedia":[{"embeddable":true,"href":"https:\/\/www.invarena.cz\/index.php?rest_route=\/wp\/v2\/media\/16664"}],"wp:attachment":[{"href":"https:\/\/www.invarena.cz\/index.php?rest_route=%2Fwp%2Fv2%2Fmedia&parent=49702"}],"wp:term":[{"taxonomy":"category","embeddable":true,"href":"https:\/\/www.invarena.cz\/index.php?rest_route=%2Fwp%2Fv2%2Fcategories&post=49702"},{"taxonomy":"post_tag","embeddable":true,"href":"https:\/\/www.invarena.cz\/index.php?rest_route=%2Fwp%2Fv2%2Ftags&post=49702"}],"curies":[{"name":"wp","href":"https:\/\/api.w.org\/{rel}","templated":true}]}}