{"id":49858,"date":"2024-06-14T05:50:17","date_gmt":"2024-06-14T03:50:17","guid":{"rendered":"https:\/\/www.invarena.cz\/?p=49858"},"modified":"2024-06-14T05:51:35","modified_gmt":"2024-06-14T03:51:35","slug":"prispevky-pro-ukrajinske-uprchliky-s-handicapem","status":"publish","type":"post","link":"https:\/\/www.invarena.cz\/?p=49858","title":{"rendered":"Zv\u00fd\u0161\u00ed se p\u0159\u00edsp\u011bvky pro ukrajinsk\u00e9 uprchl\u00edky s handicapem\u00a0\u00a0"},"content":{"rendered":"\n<p>\u010cT 1\u00a0&#8211; Ud\u00e1losti<br \/><br \/>Vl\u00e1da navrhuje zv\u00fd\u0161en\u00ed humanit\u00e1rn\u00ed d\u00e1vky pro ukrajinsk\u00e9 uprchl\u00edky se zdravotn\u00edm posti\u017een\u00edm, o 6 600 K\u010d d\u011btem a o t\u0159etinu m\u00ed\u0148 dosp\u011bl\u00fdm. Po\u010d\u00edt\u00e1 s t\u00edm novela z\u00e1kona zvan\u00e9ho Lex Ukrajina 7 \u00fa\u0159ady vy\u010d\u00edslily, \u017ee za leto\u0161n\u00ed prvn\u00ed \u010dtvrtlet\u00ed zaplatili pracuj\u00edc\u00ed uprchl\u00edci st\u00e1tu o t\u0159i miliardy korun v\u00edc, ne\u017e st\u00e1la jejich podpora.<br \/><br \/>P\u0159ed v\u00e1lkou sedmdes\u00e1tilet\u00e1 Ljubov \u010ce\u010dkov\u00e1 ut\u00edkala je\u0161t\u011b po vlastn\u00edch nohou.Pak se j\u00ed ale vinou cukrovky a artr\u00f3zy p\u0159it\u00ed\u017eilo. Te\u010f se o ni star\u00e1 dcera.<br \/><br \/>Ljubov \u010ce\u010dkov\u00e1, uprchlice<br \/>&#8212;&#8212;&#8212;&#8212;&#8212;&#8212;&#8211;<br \/>Ob\u010das m\u00e1m p\u0159ed o\u010dima m\u017eitky a nic nevid\u00edm.<br \/><br \/> redaktorka \u010cT<br \/>&#8212;&#8212;&#8212;&#8212;&#8212;&#8212;&#8211;<br \/>\u010cerpaj\u00ed humanit\u00e1rn\u00ed d\u00e1vku. Pokoj na pra\u017esk\u00e9 ubytovn\u011b maj\u00ed zdarma do podzimu.<br \/><br \/>Iryna Tka\u010dukov\u00e1, uprchlice<br \/>&#8212;&#8212;&#8212;&#8212;&#8212;&#8212;&#8211;<br \/>Od z\u00e1\u0159\u00ed si nebudu moci pronaj\u00edmat bydlen\u00ed. Proto\u017ee bych musela zaplatit kauci a provizi, ale nem\u00e1m na to pen\u00edze.<br \/><br \/>redaktorka \u010cT<br \/>&#8212;&#8212;&#8212;&#8212;&#8212;&#8212;&#8211;<br \/>Pr\u00e1v\u011b humanit\u00e1rn\u00ed pro uprchl\u00edky se zdravotn\u00edm posti\u017een\u00edm by se mohla od p\u0159\u00ed\u0161t\u00edho roku o n\u011bkolik tis\u00edc zv\u00fd\u0161it. Te\u010f pomoc podle resortu pr\u00e1ce a soci\u00e1ln\u00edch v\u011bc\u00ed \u010derp\u00e1 asi 7000 b\u011b\u017eenc\u016f s handicapem.<br \/><br \/>Marian Jure\u010dka, vicepremi\u00e9r,\u00a0<strong>ministr<\/strong>\u00a0<strong>pr\u00e1ce<\/strong>\u00a0a soci\u00e1ln\u00edch v\u011bc\u00ed \/KDU-\u010cSL\/<br \/>&#8212;&#8212;&#8212;&#8212;&#8212;&#8212;&#8211;<br \/>My chceme, aby v Lex Ukrajina 7 bylo zv\u00fd\u0161en\u00ed humanit\u00e1rn\u00ed d\u00e1vky pro tyto osoby v pr\u016fm\u011bru na stejnou \u00farove\u0148, jako je pro \u010desk\u00e9ho ob\u010dana, kter\u00fd je v druh\u00e9m stupni z\u00e1vislosti p\u0159\u00edsp\u011bvku na p\u00e9\u010di.<br \/><br \/>redaktorka \u010cT<br \/>&#8212;&#8212;&#8212;&#8212;&#8212;&#8212;&#8211;<br \/>Ekonomicky sob\u011bsta\u010dn\u00ed uprchl\u00edci budou moci po\u017e\u00e1dat o dlouhodob\u00fd pobyt. O to m\u00e1 z\u00e1jem Olha \u010cerepjukov\u00e1. Ve Skautsk\u00e9m institutu \u0159\u00edd\u00ed projekty pro Ukrajince.<br \/><br \/>Olha \u010cerepjukov\u00e1, vedouc\u00ed komunitn\u00edho centra Svitlo, Skautsk\u00fd institut<br \/>&#8212;&#8212;&#8212;&#8212;&#8212;&#8212;&#8211;<br \/>Budu kone\u010dn\u011b m\u00edt jistotu. Te\u010fko jsme pr\u00e1v\u011b ka\u017ed\u00fd rok \u010dek\u00e1me, jestli bude prodlu\u017eovat se v\u00edzum do\u010dasn\u011b ochrany, nebo ne, a taky je to pr\u00e1v\u011b trochu slo\u017eit\u00fd v t\u00fd pr\u00e1ci, proto\u017ee ty jako prost\u011b nev\u00ed\u0161, jak bude\u0161 fungovat d\u00e1l.<br \/><br \/>\u00fa\u010dastn\u00edk kurzu<br \/>&#8212;&#8212;&#8212;&#8212;&#8212;&#8212;&#8211;<br \/>Na\u0161t\u011bst\u00ed p\u0159estalo pr\u0161et.<br \/><br \/>Magda Faltov\u00e1, \u0159editelka Sdru\u017een\u00ed pro integraci a migraci<br \/>&#8212;&#8212;&#8212;&#8212;&#8212;&#8212;&#8211;<br \/>Dr\u017eitel\u00e9 tohoto pobytu nebudou m\u00edt p\u0159\u00edstup do d\u00e1vkov\u00e9ho syst\u00e9mu v\u016fbec. A to je p\u0159\u00edsn\u011bj\u0161\u00ed \u00faprava, ne\u017e kter\u00e1 je u cizinc\u016f s dlouhodob\u00fdm pobytem jin\u00e9ho typu.<br \/><br \/> redaktorka \u010cT<br \/>&#8212;&#8212;&#8212;&#8212;&#8212;&#8212;&#8211;<br \/>Olze \u010cerepjukov\u00e9 to ale nevad\u00ed. V\u011b\u0159\u00ed, \u017ee se o sebe a osmilet\u00e9ho syna zvl\u00e1dne postarat. <\/p>\n\n\n\n<p> \u010cesk\u00e1 televize<\/p>\n","protected":false},"excerpt":{"rendered":"<div class=\"mh-excerpt\"><p>\u010cT 1\u00a0&#8211; Ud\u00e1losti Vl\u00e1da navrhuje zv\u00fd\u0161en\u00ed humanit\u00e1rn\u00ed d\u00e1vky pro ukrajinsk\u00e9 uprchl\u00edky se zdravotn\u00edm posti\u017een\u00edm, o 6 600 K\u010d d\u011btem a o t\u0159etinu m\u00ed\u0148 dosp\u011bl\u00fdm. Po\u010d\u00edt\u00e1 <a class=\"mh-excerpt-more\" href=\"https:\/\/www.invarena.cz\/?p=49858\" title=\"Zv\u00fd\u0161\u00ed se p\u0159\u00edsp\u011bvky pro ukrajinsk\u00e9 uprchl\u00edky s handicapem\u00a0\u00a0\">[&#8230;]<\/a><\/p>\n<\/div>","protected":false},"author":1,"featured_media":24716,"comment_status":"open","ping_status":"closed","sticky":false,"template":"","format":"standard","meta":{"footnotes":""},"categories":[9],"tags":[],"class_list":["post-49858","post","type-post","status-publish","format-standard","has-post-thumbnail","hentry","category-zpravy"],"_links":{"self":[{"href":"https:\/\/www.invarena.cz\/index.php?rest_route=\/wp\/v2\/posts\/49858","targetHints":{"allow":["GET"]}}],"collection":[{"href":"https:\/\/www.invarena.cz\/index.php?rest_route=\/wp\/v2\/posts"}],"about":[{"href":"https:\/\/www.invarena.cz\/index.php?rest_route=\/wp\/v2\/types\/post"}],"author":[{"embeddable":true,"href":"https:\/\/www.invarena.cz\/index.php?rest_route=\/wp\/v2\/users\/1"}],"replies":[{"embeddable":true,"href":"https:\/\/www.invarena.cz\/index.php?rest_route=%2Fwp%2Fv2%2Fcomments&post=49858"}],"version-history":[{"count":0,"href":"https:\/\/www.invarena.cz\/index.php?rest_route=\/wp\/v2\/posts\/49858\/revisions"}],"wp:featuredmedia":[{"embeddable":true,"href":"https:\/\/www.invarena.cz\/index.php?rest_route=\/wp\/v2\/media\/24716"}],"wp:attachment":[{"href":"https:\/\/www.invarena.cz\/index.php?rest_route=%2Fwp%2Fv2%2Fmedia&parent=49858"}],"wp:term":[{"taxonomy":"category","embeddable":true,"href":"https:\/\/www.invarena.cz\/index.php?rest_route=%2Fwp%2Fv2%2Fcategories&post=49858"},{"taxonomy":"post_tag","embeddable":true,"href":"https:\/\/www.invarena.cz\/index.php?rest_route=%2Fwp%2Fv2%2Ftags&post=49858"}],"curies":[{"name":"wp","href":"https:\/\/api.w.org\/{rel}","templated":true}]}}