{"id":49939,"date":"2024-06-17T22:42:42","date_gmt":"2024-06-17T20:42:42","guid":{"rendered":"https:\/\/www.invarena.cz\/?p=49939"},"modified":"2024-06-17T22:42:43","modified_gmt":"2024-06-17T20:42:43","slug":"bekim-aziri-si-zlomil-pater-na-predlokti-si-pak-vytetoval-nezabudni-si-vozik","status":"publish","type":"post","link":"https:\/\/www.invarena.cz\/?p=49939","title":{"rendered":"Bekim Aziri si zlomil p\u00e1te\u0159, na p\u0159edlokt\u00ed si pak vytetoval nezabudni si voz\u00edk"},"content":{"rendered":"\n<p>Adrenalin a nebezpe\u010d\u00ed m\u011bl v krvi. V den, kdy mohl z bikrosov\u00fdch z\u00e1vod\u016f odstoupit, dal p\u0159ednost sv\u00e9mu egu. Po p\u00e1du na kole si zlomil kr\u010dn\u00ed obratle a poranil m\u00edchu. V \u0161estn\u00e1cti letech skon\u010dil na voz\u00edku. I p\u0159es progn\u00f3zy l\u00e9ka\u0159\u016f se dok\u00e1zal d\u00edky sv\u00e9 hou\u017eevnatosti postavit na nohy. \u201eOd za\u010d\u00e1tku jsem byl pozitivn\u00ed. V\u017edycky jsem byl takov\u00fd. Prvn\u00ed, co m\u011b po probuzen\u00ed v nemocnici napadlo, bylo, \u017ee u\u017e si asi nikdy \u201enezatr\u0165k\u00e1m,\u201c vypr\u00e1v\u00ed v rozhovoru slovensk\u00fd influencer, moder\u00e1tor a komik Bekim Aziri.<\/p>\n\n\n\n<p>V\u017edycky, kdy\u017e se p\u0159ihod\u00ed n\u011bco ne\u010dekan\u00e9ho nebo n\u011bjak\u00e1 katastrofa, pokl\u00e1d\u00e1me si ot\u00e1zku pro\u010d te\u010f a pro\u010d mn\u011b? Kolikr\u00e1t v \u017eivot\u011b jste se zeptal, pro\u010d jsem zrovna j\u00e1 skon\u010dil na voz\u00edku?<\/p>\n\n\n\n<p>Tuto ot\u00e1zku jsem si polo\u017eil dvakr\u00e1t, mo\u017en\u00e1 t\u0159ikr\u00e1t, a kdy\u017e jsem zjistil, \u017ee na to neexistuje odpov\u011b\u010f, tak jsem se na to p\u0159estal pt\u00e1t. U\u017e od toho okam\u017eiku ub\u011bhlo patn\u00e1ct let a j\u00e1 jsem zjistil, \u017ee to tak m\u011blo b\u00fdt.<\/p>\n\n\n\n<p>Abyste skon\u010dil na voz\u00edku?<\/p>\n\n\n\n<p>Mysl\u00edm, \u017ee jsem tomu \u0161el trochu naproti. Nikdy jsem ne\u017eil klidn\u00fd \u017eivot. Adrenalin a nebezpe\u010d\u00ed se mi staly osudn\u00fdm. Podcenil jsem situaci a stalo se. Vinu d\u00e1v\u00e1m jen sob\u011b. Tenkr\u00e1t jsem nem\u011bl n\u011bkter\u00e9 v\u011bci srovnan\u00e9 v hlav\u011b. Mohl jsem v sout\u011b\u017ei couvnout a na kolo nesedat, ale m\u011b sp\u00ed\u0161 napadaly my\u0161lenky, kdy\u017e zabrzd\u00edm, co \u0159eknu, \u017ee jsem m\u011bl blb\u00fd pocit?<\/p>\n\n\n\n<p>Co p\u0159esn\u011b se stalo?<\/p>\n\n\n\n<p>Osudn\u00fdm mi byl p\u00e1d na bikrosov\u00e9m z\u00e1vod\u011b v P\u0159erov\u011b. Zlomil jsem si kr\u010dn\u00ed obratle C4-C5, co\u017e mi po\u0161kodilo m\u00edchu.<\/p>\n\n\n\n<p>To v\u00e1m zp\u016fsobilo ochrnut\u00ed v\u0161ech \u010dty\u0159 kon\u010detin. Vy jste ale z\u016fstal pozitivn\u00ed. Byla to \u0159ekn\u011bme hra, abyste nepadnul do depres\u00ed?<\/p>\n\n\n\n<p>Od za\u010d\u00e1tku jsem byl pozitivn\u00ed. V\u017edycky jsem byl takov\u00fd. Prvn\u00ed, co m\u011b napadlo po probuzen\u00ed, bylo: to u\u017e si asi nikdy \u201enezatr\u0165k\u00e1m\u201c, ale nem\u011bl jsem \u017e\u00e1dn\u00e9 psychick\u00e9 probl\u00e9my, a hlavn\u011b m\u011bl jsem kolem sebe skv\u011bl\u00e9 a dobr\u00e9 lidi, kte\u0159\u00ed mi v podstat\u011b ani nedali mo\u017enost na n\u011bjak\u00e9 \u0161patn\u011b my\u0161lenky. V\u017edycky kolem m\u011b panovala sranda a humor. A d\u011blal jsem si ho i ze sebe. To mi pom\u00e1halo nejv\u00edc.<\/p>\n\n\n\n<p>I po tom, co v\u00e1m l\u00e9ka\u0159i \u0159ekli, \u017ee u\u017e nikdy nebudete chodit?<\/p>\n\n\n\n<p>Bylo mi \u0159e\u010deno, \u017ee je tam velmi mal\u00e1 \u0161ance, \u017ee se na nohy n\u011bkdy postav\u00edm, ale mn\u011b to sta\u010dilo! I mal\u00e1 \u0161ance je po\u0159\u00e1d \u0161ance. Necht\u011bl jsem si p\u0159ipustit cokoliv jin\u00e9ho. V hlav\u011b jsem si nastavil, \u017ee v\u0161em dok\u00e1\u017eu, \u017ee to d\u00e1m.<\/p>\n\n\n\n<p>A dal.<\/p>\n\n\n\n<p>Bylo to zhruba p\u016fl roku po \u00faraze. Sice s pomoc\u00ed, ale st\u00e1l jsem. A to byl jenom za\u010d\u00e1tek.<\/p>\n\n\n\n<p>Navzdory l\u00e9ka\u0159\u016fm jste p\u0159ekon\u00e1val hranice mo\u017enost\u00ed. To muselo st\u00e1t hodn\u011b sil a p\u00edle.<\/p>\n\n\n\n<p>Cht\u011bl jsem v\u0161em dok\u00e1zat a uk\u00e1zat a hlavn\u011b sob\u011b, \u017ee j\u00e1 se na nohy postav\u00edm, no a poda\u0159ilo se. Samoz\u0159ejm\u011b to byla dlouh\u00e1 cesta a velmi mnoho cvi\u010den\u00ed. Prvn\u00ed roky jsem cvi\u010dil a\u017e osm hodin denn\u011b. M\u00e1ma m\u011b br\u00e1vala na rehabilitace do fitka a na mas\u00e1\u017ee ka\u017ed\u00fd den! V podstat\u011b jsem to m\u011bl jako pracovn\u00ed dobu. N\u011bkdo chodil do pr\u00e1ce a j\u00e1 cvi\u010dil.<\/p>\n\n\n\n<p>Co na to dokto\u0159i, nezanev\u0159el jste na n\u011b?<\/p>\n\n\n\n<p>Ne. L\u00e9ka\u0159i mi \u0161anci dali. I kdy\u017e malou, ale dali. Oni maj\u00ed svoje tabulky, svoje p\u0159\u00edstroje, ale neznaj\u00ed pacienta, co m\u00e1 v sob\u011b a jak je nastaven\u00fd. Person\u00e1l v Olomouci byl neskute\u010dn\u011b super. V\u017edy na n\u011b velmi r\u00e1d vzpom\u00edn\u00e1m a jsem jim vd\u011b\u010dn\u00fd. Jednoduch\u00e9 to nem\u011bli ani rodi\u010de. Maminka se dostala p\u0159ed nelehkou volbu, kdy se j\u00ed l\u00e9ka\u0159 ptal, co up\u0159ednostn\u00ed, jestli l\u00e1sku k \u0161estn\u00e1ctilet\u00e9mu synovi, nebo jeho zdrav\u00ed.<\/p>\n\n\n\n<p>Ona tenkr\u00e1t volila zdrav\u00ed. Nechala v\u00e1s v nemocnici napospas vlastn\u00edmu sm\u00ed\u0159en\u00ed a \u017eivotu a z nemocnice ode\u0161la.<\/p>\n\n\n\n<p>Ze za\u010d\u00e1tku to pro m\u011b bylo velk\u00e9 zklam\u00e1n\u00ed. Ale \u010dasem jsem si uv\u011bdomil, \u017ee ud\u011blala to nejlep\u0161\u00ed, co mohla, i kdy\u017e to pro ni muselo b\u00fdt velmi t\u011b\u017ek\u00e9. J\u00e1 jsem v t\u00e9 chv\u00edli v\u011bd\u011bl, \u017ee to mus\u00edm zvl\u00e1dnout. \u017de na sob\u011b mus\u00edm zamakat. Nechci si ani p\u0159edstavit, co musela pro\u017e\u00edvat spolu s t\u00e1tou.<\/p>\n\n\n\n<p>To jej\u00ed rozhodnut\u00ed nechat v\u00e1s napospas vlastn\u00ed s\u00edle mohlo ovlivnit to, jak\u00fd jste byl p\u0159ed \u00farazem. Kluk, kter\u00fd miluje adrenalin a nebezpe\u010d\u00ed. P\u0159ed ni\u010d\u00edm se nezastav\u00ed.<\/p>\n\n\n\n<p>Ur\u010dit\u011b ano. Miloval jsem adrenalin. M\u011bl jsem taky hodn\u011b zran\u011bn\u00ed. R\u00e1d jsem vynikal a v\u017edycky jsem cht\u011bl b\u00fdt ve v\u0161em nejlep\u0161\u00ed. Dob\u011bhlo m\u011b to, ale v t\u00e9 t\u011b\u017ek\u00e9 situaci mi nakonec moje hou\u017eevnat\u00e1 povaha pomohla.<\/p>\n\n\n\n<p>Je pro v\u00e1s t\u011b\u017ek\u00e9 to ego potla\u010dit?<\/p>\n\n\n\n<p>To je pro m\u011b to nejt\u011b\u017e\u0161\u00ed. (sm\u00edch) Ale jde to. Mus\u00edm, jinak bych z\u016fstal sed\u011bt doma a nemohl b\u00fdt tam, kde jsem nebo kde bych cht\u011bl b\u00fdt.<\/p>\n\n\n\n<p>Vzpomenete si na nejv\u011bt\u0161\u00ed blbost, kterou jste ud\u011blal u\u017e jako ochrnut\u00fd?<\/p>\n\n\n\n<p>(sm\u00edch) Bylo toho v\u00edc. Ale jako prvn\u00ed m\u011b napad\u00e1 skok z letadla nebo salto dozadu na motorce s Liborem Podmolem, va\u0161\u00edm mistrem sv\u011bta ve freestyle motokrosu.<\/p>\n\n\n\n<p>Upozor\u0148ujete t\u00edm na \u017eivot s handicapem a sna\u017e\u00edte se bourat za\u017eit\u00e9 stereotypy a p\u0159edsudky, je to tak?<\/p>\n\n\n\n<p>P\u0159esn\u011b tak. Tyto \u0161\u00edlenosti asi d\u011blat ka\u017ed\u00fd nem\u016f\u017ee a nechce, ale pom\u00e1h\u00e1 to jinak a velmi m\u011b t\u011b\u0161\u00ed, \u017ee sem tam mi n\u011bkdo nap\u00ed\u0161e jako t\u0159eba majitel restaurace, \u017ee kv\u016fli mn\u011b p\u0159ed\u011blali restauraci na bezbari\u00e9rovou. T\u00edm toti\u017e nepomohl jen mn\u011b, ale hodn\u011b dal\u0161\u00edm voz\u00ed\u010dk\u016fm. A m\u011b pot\u011b\u0161ilo, \u017ee jsem byl ten spou\u0161t\u011b\u010d.<\/p>\n\n\n\n<p>S kamar\u00e1dem jste otev\u0159eli speci\u00e1ln\u00ed fitko, kam jezd\u00ed des\u00edtky voz\u00ed\u010dk\u00e1\u0159\u016f nejen ze Slovenska, ale i z \u010ceska. Jste t\u00edm tahounem a motiv\u00e1torem hlavn\u011b vy? O\u010dek\u00e1vaj\u00ed voz\u00ed\u010dk\u00e1\u0159i, \u017ee se stane \u201ez\u00e1zrak\u201c?<\/p>\n\n\n\n<p>Je to v podstat\u011b posl\u00e1n\u00ed. Lid\u00e9 mi p\u00ed\u0161\u00ed, \u017ee je motivuji k tomu, aby znovu cvi\u010dili a podobn\u011b. Tak\u017ee asi se to m\u011blo st\u00e1t, abych ukazoval lidem, \u017ee i na voz\u00ed\u010dku se d\u00e1 \u017e\u00edt plnohodnotn\u011b a \u010dlov\u011bk m\u016f\u017ee b\u00fdt spokojen\u00fd. Jezd\u00ed k n\u00e1m lid\u00e9 nejen ze Slovenska, ale i z \u010ceska. Kdy\u017e k n\u00e1m p\u0159ijdou, tak zjist\u00ed, \u017ee jsme v\u0161ichni dohromady velmi dobr\u00fd t\u00fdm. M\u00e1me super tren\u00e9ry, p\u0159\u00e1telsk\u00fd p\u0159\u00edstup a ostatn\u011b mus\u00ed \u0159\u00edct klienti, i kdy\u017e se nerad chv\u00e1l\u00edm, \u017ee to asi d\u011bl\u00e1me dob\u0159e, kdy\u017e m\u00e1me p\u0159es sedmdes\u00e1t klient\u016f na voz\u00edku.<\/p>\n\n\n\n<p>Kdy\u017e jsme si spolu za\u010dali pov\u00eddat, \u0159ekl jste, \u017ee lid\u00e9 z\u00e1vid\u00ed i handicap. Jak jste to myslel?<\/p>\n\n\n\n<p>N\u011bjak\u00fd t\u00fdpek mi napsal, \u017ee by m\u011b nejrad\u0161i shodil ze schod\u016f, proto\u017ee vyd\u011bl\u00e1v\u00e1m na sv\u00e9m handicapu a otev\u0159en\u00edm fitka z voz\u00ed\u010dk\u00e1\u0159\u016f tah\u00e1m pen\u00edze.<\/p>\n\n\n\n<p>Co jste mu odpov\u011bd\u011bl?<\/p>\n\n\n\n<p>V podstat\u011b nic. \u010clov\u011bk, kter\u00fd toto dok\u00e1\u017ee napsat, mus\u00ed m\u00edt s\u00e1m n\u011bjak\u00fd probl\u00e9m a n\u011bco ho tr\u00e1p\u00ed a pot\u0159ebuje si ten tlak vyventilovat. Jestli mu to pomohlo, tak a\u0165 si poslou\u017e\u00ed. M\u011b se tyto v\u011bci nedot\u00fdkaj\u00ed.<\/p>\n\n\n\n<p>Poci\u0165ujete, \u017ee invalidy spole\u010dnost vn\u00edm\u00e1 jako chud\u00e1ky nebo dokonce i jako retardovan\u00e9?<\/p>\n\n\n\n<p>Mo\u017en\u00e1 tomu tak bylo d\u0159\u00edve, ale te\u010f u\u017e to tolik nevn\u00edm\u00e1m. Spole\u010dnost se na\u0161t\u011bst\u00ed m\u011bn\u00ed. Samoz\u0159ejm\u011b, \u017ee jsou lid\u00e9, kte\u0159\u00ed n\u00e1s tak vn\u00edmaj\u00ed a ob\u010das na n\u00e1s slabikuj\u00ed a mluv\u00ed hlasit\u011bji, proto\u017ee si mysl\u00ed, \u017ee jsme asi i ment\u00e1ln\u00ed, ale j\u00e1 nebudu nikoho p\u0159esv\u011bd\u010dovat. Osobn\u011b se m\u00e1m dob\u0159e a rozhodn\u011b se nepova\u017euji za chud\u00e1ka.<\/p>\n\n\n\n<p>Potkat voz\u00ed\u010dk\u00e1\u0159e na ulici mi st\u00e1le p\u0159ijde vz\u00e1cn\u00e9 i p\u0159esto, \u017ee invalid\u016f je mnoho. I proto v\u00e1s mo\u017en\u00e1 spole\u010dnost vn\u00edm\u00e1 jak\u00fdmisi za\u017eit\u00fdmi p\u0159edsudky. Co je pro voz\u00ed\u010dk\u00e1\u0159e nejv\u011bt\u0161\u00ed probl\u00e9m, kter\u00fd chod\u00edc\u00ed \u010dlov\u011bk v\u016fbec nevn\u00edm\u00e1?<\/p>\n\n\n\n<p>Tak samoz\u0159ejm\u011b bezbari\u00e9rovost. Chodn\u00edky a obrubn\u00edky jsou jasn\u00e9. Ale co m\u011b mrz\u00ed, kdy\u017e chci j\u00edt t\u0159eba na ve\u010de\u0159i, mus\u00edm si p\u0159edem ov\u011b\u0159it, jestli jsou tam schody a jestli se tam dostanu na z\u00e1chod. Nech\u00e1pu, \u017ee to nen\u00ed samoz\u0159ejm\u00e9. M\u00e1m stavebn\u00ed \u0161kolu a v\u00edm, \u017ee to v n\u00e1vrhu mus\u00ed b\u00fdt, ale \u010dasto ani v nov\u00fdch restaurac\u00edch bezbari\u00e9rovost nebo z\u00e1chodky pro voz\u00ed\u010dk\u00e1\u0159e nejsou. I proto hodn\u011b voz\u00ed\u010dk\u00e1\u0159\u016f nechod\u00ed ven. Vezm\u011bte si jen p\u0159\u00edklad, kdy\u017e p\u016fjdete na rande, chcete holku pozvat do restaurace a na v\u00fdb\u011br m\u00e1te maxim\u00e1ln\u011b dv\u011b a n\u011bkde \u017e\u00e1dnou restauraci. Ch\u00e1pu ty star\u00e9 restaurace, \u017ee je nemaj\u00ed, ale pro\u010d ne ty nov\u00e9?<\/p>\n\n\n\n<p>Jezd\u00edte do \u0161kol, kde d\u011btem p\u0159ed\u00e1v\u00e1te nejen informace o sob\u011b, ale sna\u017e\u00edte se je i edukovat. Komunikuj\u00ed, ptaj\u00ed se, zaj\u00edmaj\u00ed se?<\/p>\n\n\n\n<p>Sna\u017e\u00edm se to cel\u00e9 v\u00e9st kamar\u00e1dky a d\u011bcka to vn\u00edmaj\u00ed pozitivn\u011b. Uvoln\u00ed se a ptaj\u00ed se na v\u0161echno mo\u017en\u00e9. To m\u011b velmi t\u011b\u0161\u00ed, \u017ee se zaj\u00edmaj\u00ed, a j\u00e1 t\u00edm bo\u0159\u00edm p\u0159edsudky a n\u011bkter\u00e9 v\u00fdsm\u011b\u0161ky, kter\u00e9 se objevuj\u00ed nejen na soci\u00e1ln\u00edch s\u00edt\u00edch, kde se d\u011bti lidem na voz\u00edku posm\u00edvaj\u00ed.<\/p>\n\n\n\n<p>Taky jsem na jeden podobn\u00fd p\u0159\u00edsp\u011bvek narazila. Bylo v n\u011bm &#8218;blbe\u010dek na krypl voz\u00edku&#8216;.<\/p>\n\n\n\n<p>Ten autor p\u0159\u00edsp\u011bvku m\u00e1 velk\u00fd probl\u00e9m a ur\u010dit\u011b by to m\u011bl \u0159e\u0161it. Norm\u00e1ln\u00ed a spokojen\u00fd \u010dlov\u011bk by to nenapsal.<\/p>\n\n\n\n<p>B\u00e1l jste se, \u017ee budete m\u00edt probl\u00e9m naj\u00edt si partnerku?<\/p>\n\n\n\n<p>Prob\u011bhlo mi to hlavou, ale prvn\u00ed frajerku jsem si na\u0161el u\u017e t\u0159i m\u011bs\u00edce po \u00farazu, tak\u017ee m\u011b to hned p\u0159e\u0161lo. (sm\u00edch) Doporu\u010duji na to nemyslet a zbyte\u010dn\u011b se nevystavovat podobn\u00fdm negativn\u00edm my\u0161lenk\u00e1m. To, \u017ee n\u011bkdo nechod\u00ed, neznamen\u00e1, \u017ee nem\u016f\u017ee b\u00fdt super partner.<\/p>\n\n\n\n<p>Zhruba p\u0159ed rokem se v\u00e1m narodila dcerka Elia. Jak moc v\u00e1m to zm\u011bnilo \u017eivot?<\/p>\n\n\n\n<p>Ned\u00e1 se to popsat slovy. Je to nejv\u00edc, co jsem kdy v \u017eivot\u011b za\u017eil.<\/p>\n\n\n\n<p>V\u0161imla jsem si, \u017ee m\u00e1te na prav\u00e9m p\u0159edlokt\u00ed tetov\u00e1n\u00ed: \u201enezabudni si voz\u00edk\u201c. Vy zapom\u00edn\u00e1te na voz\u00edk?<\/p>\n\n\n\n<p>(sm\u00edch) Stalo se mi to mnohokr\u00e1t. Jsem nepozorn\u00fd a ob\u010das roztr\u017eit\u00fd, tak\u017ee voz\u00edk n\u011bkdy z\u016fstane p\u0159ed autem nebo doma v gar\u00e1\u017ei.<\/p>\n\n\n\n<p>Bohumila \u010cih\u00e1kov\u00e1<\/p>\n\n\n\n<p>Pra\u017esk\u00fd den\u00edk<\/p>\n\n\n\n<p><a href=\"https:\/\/prazsky.denik.cz\" target=\"_blank\" rel=\"noreferrer noopener\">https:\/\/prazsky.denik.cz<\/a><\/p>\n","protected":false},"excerpt":{"rendered":"<div class=\"mh-excerpt\"><p>Adrenalin a nebezpe\u010d\u00ed m\u011bl v krvi. V den, kdy mohl z bikrosov\u00fdch z\u00e1vod\u016f odstoupit, dal p\u0159ednost sv\u00e9mu egu. Po p\u00e1du na kole si zlomil kr\u010dn\u00ed <a class=\"mh-excerpt-more\" href=\"https:\/\/www.invarena.cz\/?p=49939\" title=\"Bekim Aziri si zlomil p\u00e1te\u0159, na p\u0159edlokt\u00ed si pak vytetoval nezabudni si voz\u00edk\">[&#8230;]<\/a><\/p>\n<\/div>","protected":false},"author":1,"featured_media":13212,"comment_status":"open","ping_status":"closed","sticky":false,"template":"","format":"standard","meta":{"footnotes":""},"categories":[9],"tags":[],"class_list":["post-49939","post","type-post","status-publish","format-standard","has-post-thumbnail","hentry","category-zpravy"],"_links":{"self":[{"href":"https:\/\/www.invarena.cz\/index.php?rest_route=\/wp\/v2\/posts\/49939","targetHints":{"allow":["GET"]}}],"collection":[{"href":"https:\/\/www.invarena.cz\/index.php?rest_route=\/wp\/v2\/posts"}],"about":[{"href":"https:\/\/www.invarena.cz\/index.php?rest_route=\/wp\/v2\/types\/post"}],"author":[{"embeddable":true,"href":"https:\/\/www.invarena.cz\/index.php?rest_route=\/wp\/v2\/users\/1"}],"replies":[{"embeddable":true,"href":"https:\/\/www.invarena.cz\/index.php?rest_route=%2Fwp%2Fv2%2Fcomments&post=49939"}],"version-history":[{"count":0,"href":"https:\/\/www.invarena.cz\/index.php?rest_route=\/wp\/v2\/posts\/49939\/revisions"}],"wp:featuredmedia":[{"embeddable":true,"href":"https:\/\/www.invarena.cz\/index.php?rest_route=\/wp\/v2\/media\/13212"}],"wp:attachment":[{"href":"https:\/\/www.invarena.cz\/index.php?rest_route=%2Fwp%2Fv2%2Fmedia&parent=49939"}],"wp:term":[{"taxonomy":"category","embeddable":true,"href":"https:\/\/www.invarena.cz\/index.php?rest_route=%2Fwp%2Fv2%2Fcategories&post=49939"},{"taxonomy":"post_tag","embeddable":true,"href":"https:\/\/www.invarena.cz\/index.php?rest_route=%2Fwp%2Fv2%2Ftags&post=49939"}],"curies":[{"name":"wp","href":"https:\/\/api.w.org\/{rel}","templated":true}]}}