{"id":49985,"date":"2024-06-19T08:59:29","date_gmt":"2024-06-19T06:59:29","guid":{"rendered":"https:\/\/www.invarena.cz\/?p=49985"},"modified":"2024-06-19T08:59:30","modified_gmt":"2024-06-19T06:59:30","slug":"rekordni-pozadavky-ministru","status":"publish","type":"post","link":"https:\/\/www.invarena.cz\/?p=49985","title":{"rendered":"Rekordn\u00ed po\u017eadavky ministr\u016f\u00a0\u00a0"},"content":{"rendered":"\n<p>\u010cT 1<\/p>\n\n\n\n<p><br \/>Minist\u0159i po\u017eaduj\u00ed pro sv\u00e9 rezorty p\u0159\u00ed\u0161t\u00ed rok zhruba o 250 miliard korun v\u00edc, ne\u017e m\u016f\u017eou podle pl\u00e1novan\u00e9ho schodku st\u00e1tn\u00edho rozpo\u010dtu dostat. Rekordn\u00ed po\u017eadavky potvrdili nez\u00e1visle na sob\u011b t\u0159i \u010dlenov\u00e9 vl\u00e1dy.<br \/><br \/>Ministr financ\u00ed p\u0159itom trv\u00e1 na dodr\u017een\u00ed pl\u00e1novan\u00e9ho deficitu 235 miliard a vyzval vl\u00e1dn\u00ed kolegy, aby sv\u00e9 po\u017eadavky b\u011bhem letn\u00edho vyjedn\u00e1v\u00e1n\u00ed o rozpo\u010dtu v\u00fdrazn\u011b sn\u00ed\u017eili.<br \/><br \/>Zbyn\u011bk STANJURA, ministr financ\u00ed, 1. m\u00edstop\u0159edseda strany \/ODS\/<br \/>&#8212;&#8212;&#8212;&#8212;&#8212;&#8212;&#8211;<br \/>J\u00e1 mysl\u00edm, \u017ee ta ministerstva v t\u00e9 prvn\u00ed f\u00e1zi jsou maximalistick\u00e1, \u017ee \u0159eknou, co v\u0161echno by cht\u011bly, a pak proto o tom jedn\u00e1me jako vl\u00e1da, jako celek, aby vl\u00e1da u\u010dila priority, ten konkr\u00e9tn\u00ed \u010dlen \u010di \u010dlenka vl\u00e1dy mus\u00ed p\u0159esv\u011bd\u010dit ostatn\u00ed \u010dleny vl\u00e1dy, \u017ee nap\u0159\u00edklad priority v jeho rezortu jsou d\u016fle\u017eit\u011bj\u0161\u00ed ne\u017e ty priority v jin\u00e9m rezortu.<br \/><br \/>moder\u00e1tor \u010cT<br \/>&#8212;&#8212;&#8212;&#8212;&#8212;&#8212;&#8211;<br \/>Ministr financ\u00ed jmenoval priority, na kter\u00e9 d\u00e1 vl\u00e1da p\u0159\u00ed\u0161t\u00ed rok v\u00edc pen\u011bz. Zv\u00fd\u0161en\u00ed d\u016fchod\u016f zhruba o \u010dty\u0159i stovky, v\u00fddaje na obranu ve v\u00fd\u0161i 2 % HDP, r\u016fst plateb st\u00e1tu zdravotn\u00edm poji\u0161\u0165ovn\u00e1m, anebo dorovn\u00e1n\u00ed u\u010ditelsk\u00fdch plat\u016f na 130 % pr\u016fm\u011brn\u00e9 mzdy. Pr\u00e1v\u011b ministr \u0161kolstv\u00ed po\u017eaduje pro p\u0159\u00ed\u0161t\u00ed rok nav\u00edc des\u00edtky miliard, jinak hroz\u00ed, \u017ee rozpo\u010det nepodpo\u0159\u00ed.<br \/><br \/>\u00daklid \u0161koln\u00edch chodeb, pomocn\u00e9 pr\u00e1ce v kuchyni nebo t\u0159eba vyt\u00e1p\u011bn\u00ed \u0161koly zaji\u0161\u0165ovaly je\u0161t\u011b loni v D\u011bt\u0159ichov\u011b na Liberecku t\u0159i \u017eeny. Na za\u010d\u00e1tku roku ale musel \u0159editel jednu z nich kv\u016fli \u0161krt\u016fm propustit.<br \/><br \/>David KOLA\u010cN\u00dd, \u0159editel, Z\u0160 a M\u0160 D\u011bt\u0159ichov<br \/>&#8212;&#8212;&#8212;&#8212;&#8212;&#8212;&#8211;<br \/>Vzhledem k tomu, \u017ee jsme mal\u00e1 \u0161kola, tak si nem\u016f\u017ee dovolit prost\u011b \u010dekat na finance, jestli n\u011bjak\u00e9 budou.<br \/><br \/>redaktor<br \/>&#8212;&#8212;&#8212;&#8212;&#8212;&#8212;&#8211;<br \/>Pr\u00e1ci si u\u010ditelky rozd\u011blily mezi sebe.<br \/><br \/>Irena LUPOM\u011aSK\u00c1, u\u010ditelka, Z\u0160 a M\u0160 D\u011bt\u0159ichov<br \/>&#8212;&#8212;&#8212;&#8212;&#8212;&#8212;&#8211;<br \/>Chod\u00edme po vyu\u010dov\u00e1n\u00ed pom\u00e1hat do kuchyn\u011b, m\u00fdt n\u00e1dob\u00ed, sb\u00edrat t\u00e1cy a potom po vyu\u010dov\u00e1n\u00ed vlastn\u011b ukl\u00edz\u00edme si i samy t\u0159\u00eddu.<br \/><br \/>redaktor<br \/>&#8212;&#8212;&#8212;&#8212;&#8212;&#8212;&#8211;<br \/>Vl\u00e1da letos nav\u00edc i p\u0159es lo\u0148skou vysokou inflaci sn\u00ed\u017eila \u010d\u00e1stku na platy nepedagog\u016f o 2 %. Ministr \u0161kolstv\u00ed \u0159\u00edk\u00e1, \u017ee podobn\u00e9 \u0161krty u\u017e v rozpo\u010dtu na p\u0159\u00ed\u0161t\u00ed rok dopustit nechce. Po\u017eaduje tak\u00e9 10 miliard nav\u00edc na platy u\u010ditel\u016f, 7,5 miliardy na investice a 6 miliard pro vysok\u00e9 \u0161koly.<br \/><br \/>Mikul\u00e1\u0161 BEK, ministr \u0161kolstv\u00ed, ml\u00e1de\u017ee a t\u011blov\u00fdchovy \/STAN\/<br \/>&#8212;&#8212;&#8212;&#8212;&#8212;&#8212;&#8211;<br \/>Plat\u00ed zcela jednozna\u010dn\u011b to, \u017ee pot\u0159ebujeme n\u011bkolik des\u00edtek miliard na to, abychom dos\u00e1hli toho c\u00edle.<br \/><br \/>redaktor<br \/>&#8212;&#8212;&#8212;&#8212;&#8212;&#8212;&#8211;<br \/>V opa\u010dn\u00e9m p\u0159\u00edpad\u011b ministr hroz\u00ed, \u017ee nebude hlasovat pro st\u00e1tn\u00ed rozpo\u010det na p\u0159\u00ed\u0161t\u00ed rok.<br \/><br \/>Mikul\u00e1\u0161 BEK, ministr \u0161kolstv\u00ed, ml\u00e1de\u017ee a t\u011blov\u00fdchovy \/STAN\/<br \/>&#8212;&#8212;&#8212;&#8212;&#8212;&#8212;&#8211;<br \/>J\u00e1 bych ho samoz\u0159ejm\u011b nepodpo\u0159il na vl\u00e1d\u011b, pokud nebude odpov\u00eddat m\u00e9mu nejlep\u0161\u00edmu v\u011bdom\u00ed a sv\u011bdom\u00ed.<br \/><br \/>Zbyn\u011bk STANJURA, ministr financ\u00ed, 1. m\u00edstop\u0159edseda strany \/ODS\/<br \/>&#8212;&#8212;&#8212;&#8212;&#8212;&#8212;&#8211;<br \/>J\u00e1 mysl\u00edm, \u017ee to jsou nezodpov\u011bdn\u00e9 v\u00fdroky, \u017ee na\u0161i voli\u010di, a te\u010f mysl\u00edm na\u0161i voli\u010di v\u0161ech vl\u00e1dn\u00edch stran, nerozli\u0161uji, kter\u00e9 strany ur\u010dit\u011b necht\u011bj\u00ed, aby padla vl\u00e1da a je na\u0161\u00edm \u00fakolem se domluvit.<br \/><br \/>redaktor<br \/>&#8212;&#8212;&#8212;&#8212;&#8212;&#8212;&#8211;<br \/>Ministr financ\u00ed Zbyn\u011bk Stanjura p\u0159ipom\u00edn\u00e1, \u017ee n\u00e1vrh st\u00e1tn\u00edho rozpo\u010dtu je kl\u00ed\u010dov\u00fd vl\u00e1dn\u00ed z\u00e1kon, bez jeho\u017e schv\u00e1len\u00ed nem\u016f\u017ee kabinet prosazovat sv\u00e9 priority a v\u011b\u0159\u00ed, \u017ee rozpo\u010det na p\u0159\u00ed\u0161t\u00ed rok nakonec podpo\u0159\u00ed v\u0161ichni minist\u0159i Fialovy vl\u00e1dy.<br \/><br \/>Petr FIALA, premi\u00e9r, p\u0159edseda strany \/ODS\/<br \/>&#8212;&#8212;&#8212;&#8212;&#8212;&#8212;&#8211;<br \/>O tom, jak\u00e9 bude rozlo\u017een\u00ed mezi jednotliv\u00fdmi kapitolami, budeme jednat jako ka\u017ed\u00fd rok. J\u00e1 mysl\u00edm, \u017ee je zbyte\u010dn\u00e9 si dop\u0159edu hrozit n\u011bjak\u00fdmi kroky.<br \/><br \/>redaktor<br \/>&#8212;&#8212;&#8212;&#8212;&#8212;&#8212;&#8211;<br \/>Des\u00edtky miliard nav\u00edc bude oproti leto\u0161ku po\u017eadovat hlavn\u011b kv\u016fli zv\u00fd\u0161en\u00ed d\u016fchod\u016f \u010di p\u0159\u00edsp\u011bvku na p\u00e9\u010di\u00a0<strong>ministr<\/strong>\u00a0<strong>pr\u00e1ce<\/strong>. R\u016fst rozpo\u010dtu o 30 miliard bude cht\u00edt \u0161\u00e9f resortu pro ministerstvo dopravy a nap\u0159\u00edklad 14 miliard nav\u00edc po\u017eaduje ministr pro m\u00edstn\u00ed rozvoj.<br \/><br \/>Ivan Barto\u0161, vicepremi\u00e9r, ministr pro m\u00edstn\u00ed rozvoj, p\u0159edseda strany \/Pir\u00e1ti\/<br \/>&#8212;&#8212;&#8212;&#8212;&#8212;&#8212;&#8211;<br \/>Ty investice m\u00ed\u0159\u00ed p\u0159edev\u0161\u00edm na ty dva velk\u00e9 programy na budov\u00e1n\u00ed dostupn\u00e9ho bydlen\u00ed, ale jsou tam i po\u017eadavky t\u00fdkaj\u00edc\u00ed se rozvoje region\u016f.<br \/><br \/>V\u00edt RAKU\u0160AN, 1. vicepremi\u00e9r, ministr vnitra, p\u0159edseda hnut\u00ed \/STAN\/<br \/>&#8212;&#8212;&#8212;&#8212;&#8212;&#8212;&#8211;<br \/>Ur\u010dit\u011b to mal\u00e9 \u010d\u00e1stky nebudou, nicm\u00e9n\u011b v\u0161echny ty n\u00e1roky budou m\u00edt sv\u016fj jasn\u00fd d\u016fvod, je to samoz\u0159ejm\u011b koncepce rozvoje ochrany m\u011bkk\u00fdch c\u00edl\u016f, jsou to dal\u0161\u00ed provozn\u00ed v\u00fddaje.<br \/><br \/>redaktor<br \/>&#8212;&#8212;&#8212;&#8212;&#8212;&#8212;&#8211;<br \/>18 \u010dlen\u016f vl\u00e1dy celkem podle informac\u00ed \u010cT po\u017eaduje o zhruba 250 miliard v\u00edc, ne\u017e jim umo\u017e\u0148uje pl\u00e1novan\u00fd schodek 235 miliard. Sami minist\u0159i p\u0159ipou\u0161t\u00ed, \u017ee budou muset ze sv\u00fdch po\u017eadavk\u016f slevit.<br \/><br \/>Martin KUPKA, ministr dopravy, m\u00edstop\u0159edseda strany \/ODS\/<br \/>&#8212;&#8212;&#8212;&#8212;&#8212;&#8212;&#8211;<br \/>N\u00e1s \u010dek\u00e1 obdob\u00ed, kdy se musej\u00ed ty p\u0159edpoklady postupn\u011b p\u0159ibl\u00ed\u017eit, to je o\u010dek\u00e1van\u00e9 a nezbytn\u00e9 v\u00fd\u0161i deficitu.<br \/><br \/>Alena SCHILLEROV\u00c1, p\u0159edsedkyn\u011b poslaneck\u00e9ho klubu, m\u00edstop\u0159edsedkyn\u011b hnut\u00ed \/ANO\/<br \/>&#8212;&#8212;&#8212;&#8212;&#8212;&#8212;&#8211;<br \/>Pak je o tom, aby ministr financ\u00ed s nimi vyjedn\u00e1val, to nejsou \u017e\u00e1dn\u00e9 PR sch\u016fzky, to m\u00e1 b\u00fdt tvrd\u00e9 vyjedn\u00e1v\u00e1n\u00ed a hled\u00e1n\u00ed n\u011bjak\u00e9ho kompromisu.<br \/><br \/>redaktor<br \/>&#8212;&#8212;&#8212;&#8212;&#8212;&#8212;&#8211;<br \/>\u010cesk\u00e1 vl\u00e1da bude n\u00e1vrh st\u00e1tn\u00edho rozpo\u010dtu na p\u0159\u00ed\u0161t\u00ed rok projedn\u00e1vat na konci z\u00e1\u0159\u00ed, v \u0159\u00edjnu pak za\u010dnou tento d\u016fle\u017eit\u00fd vl\u00e1dn\u00ed z\u00e1kon projedn\u00e1vat poslanci. <br \/><br \/>Pl\u00e1novan\u00fd schodek rozpo\u010dtu na p\u0159\u00ed\u0161t\u00ed rok je u\u017e \u0161est\u00fdm v\u00fdrazn\u011b deficitn\u00edm \u0159ad\u011b, rekordn\u00ed byl v roce 2021 420 miliard, od t\u00e9 doby hospoda\u0159en\u00ed v minusu postupn\u011b brzd\u00ed a\u017e napl\u00e1novan\u00fdch 235 miliard korun.<br \/><br \/>Klesnout m\u00e1 podle vl\u00e1dn\u00edch pl\u00e1n\u016f i deficit cel\u00fdch ve\u0159ejn\u00fdch financ\u00ed, do kter\u00fdch pat\u0159\u00ed vedle st\u00e1tn\u00edho rozpo\u010dtu i hospoda\u0159en\u00ed kraj\u016f nebo obc\u00ed. Zat\u00edmco loni vzrostl schodek o p\u016fl procentn\u00edho bodu na 3,7 % HDP, letos a p\u0159\u00ed\u0161t\u00ed rok kabinet pl\u00e1nuje jeho sni\u017eov\u00e1n\u00ed a\u017e ke dv\u011bma procent\u016fm.<br \/><\/p>\n","protected":false},"excerpt":{"rendered":"<div class=\"mh-excerpt\"><p>\u010cT 1 Minist\u0159i po\u017eaduj\u00ed pro sv\u00e9 rezorty p\u0159\u00ed\u0161t\u00ed rok zhruba o 250 miliard korun v\u00edc, ne\u017e m\u016f\u017eou podle pl\u00e1novan\u00e9ho schodku st\u00e1tn\u00edho rozpo\u010dtu dostat. Rekordn\u00ed po\u017eadavky <a class=\"mh-excerpt-more\" href=\"https:\/\/www.invarena.cz\/?p=49985\" title=\"Rekordn\u00ed po\u017eadavky ministr\u016f\u00a0\u00a0\">[&#8230;]<\/a><\/p>\n<\/div>","protected":false},"author":1,"featured_media":24717,"comment_status":"open","ping_status":"closed","sticky":false,"template":"","format":"standard","meta":{"footnotes":""},"categories":[1],"tags":[],"class_list":["post-49985","post","type-post","status-publish","format-standard","has-post-thumbnail","hentry","category-nezarazene"],"_links":{"self":[{"href":"https:\/\/www.invarena.cz\/index.php?rest_route=\/wp\/v2\/posts\/49985","targetHints":{"allow":["GET"]}}],"collection":[{"href":"https:\/\/www.invarena.cz\/index.php?rest_route=\/wp\/v2\/posts"}],"about":[{"href":"https:\/\/www.invarena.cz\/index.php?rest_route=\/wp\/v2\/types\/post"}],"author":[{"embeddable":true,"href":"https:\/\/www.invarena.cz\/index.php?rest_route=\/wp\/v2\/users\/1"}],"replies":[{"embeddable":true,"href":"https:\/\/www.invarena.cz\/index.php?rest_route=%2Fwp%2Fv2%2Fcomments&post=49985"}],"version-history":[{"count":0,"href":"https:\/\/www.invarena.cz\/index.php?rest_route=\/wp\/v2\/posts\/49985\/revisions"}],"wp:featuredmedia":[{"embeddable":true,"href":"https:\/\/www.invarena.cz\/index.php?rest_route=\/wp\/v2\/media\/24717"}],"wp:attachment":[{"href":"https:\/\/www.invarena.cz\/index.php?rest_route=%2Fwp%2Fv2%2Fmedia&parent=49985"}],"wp:term":[{"taxonomy":"category","embeddable":true,"href":"https:\/\/www.invarena.cz\/index.php?rest_route=%2Fwp%2Fv2%2Fcategories&post=49985"},{"taxonomy":"post_tag","embeddable":true,"href":"https:\/\/www.invarena.cz\/index.php?rest_route=%2Fwp%2Fv2%2Ftags&post=49985"}],"curies":[{"name":"wp","href":"https:\/\/api.w.org\/{rel}","templated":true}]}}