{"id":49988,"date":"2024-06-19T09:13:19","date_gmt":"2024-06-19T07:13:19","guid":{"rendered":"https:\/\/www.invarena.cz\/?p=49988"},"modified":"2024-06-19T09:13:19","modified_gmt":"2024-06-19T07:13:19","slug":"pomaha-nevidomym-v-tramvaji","status":"publish","type":"post","link":"https:\/\/www.invarena.cz\/?p=49988","title":{"rendered":"Pom\u00e1h\u00e1\u00a0nevidom\u00fdm\u00a0v tramvaji"},"content":{"rendered":"\n<p>\u010cT Art\u00a0&#8211; Zpr\u00e1vi\u010dky<br \/><br \/>Pom\u00e1h\u00e1\u00a0<strong>nevidom\u00fdm<\/strong>\u00a0v tramvaji. Nat\u00e1\u010dela o tom D\u011btsk\u00e1 televize Liberec. <\/p>\n\n\n\n<p>pod\u00edv\u00e1me se na sever \u010cech, do Liberce, tamn\u00ed Tyflocentrum p\u0159ibl\u00ed\u017eilo \u0161t\u00e1bu D\u011btsk\u00e9 televize Liberec. S jak\u00fdmi p\u0159ek\u00e1\u017ekami se m\u016f\u017ee pot\u00fdkat\u00a0<strong>nevidom\u00fd<\/strong>\u00a0\u010dlov\u011bk cestuj\u00edc\u00ed m\u011bstskou hromadnou dopravou. A co mu naopak pom\u00e1h\u00e1.<br \/><br \/>mluv\u010d\u00ed 4,<br \/>&#8212;&#8212;&#8212;&#8212;&#8212;&#8212;&#8211;<br \/>Zaj\u00edmalo v\u00e1s n\u011bkdy, jak se\u00a0<strong>nevidom\u00fd<\/strong>\u00a0\u010dlov\u011bk dostane do spr\u00e1vn\u00e9ho autobusu?<br \/><br \/>mluv\u010d\u00ed 5,<br \/>&#8212;&#8212;&#8212;&#8212;&#8212;&#8212;&#8211;<br \/>No, to m\u00e1m tu tzv. vpku, takov\u00fd ovlada\u010d a podle n\u011bj vlastn\u011b, kdy\u017e si zm\u00e1\u010dknu tla\u010d\u00edtko, tak by m\u011b spr\u00e1vn\u011b ten autobus nebo ta tramvaj m\u011blo \u0159\u00edct, jak\u00fd to je sm\u011br, jak\u00e9 to je \u010d\u00edslo.<br \/><br \/>mluv\u010d\u00ed 4,<br \/>&#8212;&#8212;&#8212;&#8212;&#8212;&#8212;&#8211;<br \/>Mus\u00ed nosit slepe\u010dt\u00ed psi v MHD ko\u0161\u00edk?<br \/><br \/>mluv\u010d\u00ed 5,<br \/>&#8212;&#8212;&#8212;&#8212;&#8212;&#8212;&#8211;<br \/>Ko\u0161\u00edk v podstat\u011b nemus\u00ed, proto\u017ee jak vod\u00edc\u00ed psi, tak asisten\u010dn\u00ed vlastn\u011b jsou cvi\u010deni i na APORT, co\u017e znamen\u00e1, \u017ee kdy\u017e v\u00e1m n\u011bco spadne, tak v\u00e1m to podaj\u00ed.<br \/><br \/>mluv\u010d\u00ed 4,<br \/>&#8212;&#8212;&#8212;&#8212;&#8212;&#8212;&#8211;<br \/>V \u010dem v\u00e1\u0161 pes pom\u00e1h\u00e1 v MHD.<br \/><br \/>mluv\u010d\u00ed 5,<br \/>&#8212;&#8212;&#8212;&#8212;&#8212;&#8212;&#8211;<br \/>Dok\u00e1\u017ee naj\u00edt t\u0159eba m\u00edsto k sezen\u00ed, p\u0159i n\u00e1stupu do MHD, vlastn\u011b najde dve\u0159e p\u0159i v\u00fdstupu taky vlastn\u011b ti psi ve v\u00fdcviku se u\u010d\u00ed, aby ten v\u00fdstup a n\u00e1stup byl bezpe\u010dn\u00fd, jo, tak\u017ee nesm\u00ed n\u011bjak t\u0159eba toho \u010dlov\u011bka tahat. <br \/><br \/>mluv\u010d\u00ed 4,<br \/>&#8212;&#8212;&#8212;&#8212;&#8212;&#8212;&#8211;<br \/>Jak lid\u00e9 reaguj\u00ed v MHD na va\u0161eho psa?<br \/><br \/>mluv\u010d\u00ed 5,<br \/>&#8212;&#8212;&#8212;&#8212;&#8212;&#8212;&#8211;<br \/>Spousta lid\u00ed uvid\u00ed vod\u00edc\u00edho psa a \u0159ekne si, Je, to je hezkej hodnej pejsek, jdu si ho pohladit, co\u017e je \u00fapln\u011b \u0161patn\u011b, proto\u017ee vlastn\u011b vod\u00edc\u00ed pes, kdy\u017e m\u00e1 na sob\u011b postroj, tak pracuje a na tu pr\u00e1ci se pot\u0159ebuje soust\u0159edit. J\u00e1, kdy\u017e jsem tady v Liberci studovala na univerzit\u011b a m\u011bla jsem sv\u00e9ho p\u0159ede\u0161l\u00e9ho pejska Elizu, tak vlastn\u011b s cvi\u010ditelkama jsme vymysleli tenhle ten n\u00e1pis na postroji, pros\u00edm. Neru\u0161it. Pracuji, aby vlastn\u011b ty lidi v\u011bd\u011bli, \u017ee ten postroj nen\u00ed jen tak z plez\u00edru, ale \u017ee ten PES je opravdu pracovn\u00ed a \u017ee ho nemaj\u00ed vyru\u0161ovat.<br \/><br \/>mluv\u010d\u00ed 4,<br \/>&#8212;&#8212;&#8212;&#8212;&#8212;&#8212;&#8211;<br \/>Cestuj\u00edc\u00ed mohou\u00a0<strong>nevidom\u00fdm<\/strong>\u00a0pomoci t\u00edm, \u017ee velmi p\u0159esn\u011b pop\u00ed\u0161ou polohu voln\u00e9ho sedadla.<\/p>\n\n\n\n<p> D\u011btsk\u00e1 televize Liberec.<br \/><br \/><\/p>\n","protected":false},"excerpt":{"rendered":"<div class=\"mh-excerpt\"><p>\u010cT Art\u00a0&#8211; Zpr\u00e1vi\u010dky Pom\u00e1h\u00e1\u00a0nevidom\u00fdm\u00a0v tramvaji. Nat\u00e1\u010dela o tom D\u011btsk\u00e1 televize Liberec. pod\u00edv\u00e1me se na sever \u010cech, do Liberce, tamn\u00ed Tyflocentrum p\u0159ibl\u00ed\u017eilo \u0161t\u00e1bu D\u011btsk\u00e9 televize Liberec. <a class=\"mh-excerpt-more\" href=\"https:\/\/www.invarena.cz\/?p=49988\" title=\"Pom\u00e1h\u00e1\u00a0nevidom\u00fdm\u00a0v tramvaji\">[&#8230;]<\/a><\/p>\n<\/div>","protected":false},"author":1,"featured_media":21011,"comment_status":"open","ping_status":"closed","sticky":false,"template":"","format":"standard","meta":{"footnotes":""},"categories":[7],"tags":[],"class_list":["post-49988","post","type-post","status-publish","format-standard","has-post-thumbnail","hentry","category-spolecnost"],"_links":{"self":[{"href":"https:\/\/www.invarena.cz\/index.php?rest_route=\/wp\/v2\/posts\/49988","targetHints":{"allow":["GET"]}}],"collection":[{"href":"https:\/\/www.invarena.cz\/index.php?rest_route=\/wp\/v2\/posts"}],"about":[{"href":"https:\/\/www.invarena.cz\/index.php?rest_route=\/wp\/v2\/types\/post"}],"author":[{"embeddable":true,"href":"https:\/\/www.invarena.cz\/index.php?rest_route=\/wp\/v2\/users\/1"}],"replies":[{"embeddable":true,"href":"https:\/\/www.invarena.cz\/index.php?rest_route=%2Fwp%2Fv2%2Fcomments&post=49988"}],"version-history":[{"count":0,"href":"https:\/\/www.invarena.cz\/index.php?rest_route=\/wp\/v2\/posts\/49988\/revisions"}],"wp:featuredmedia":[{"embeddable":true,"href":"https:\/\/www.invarena.cz\/index.php?rest_route=\/wp\/v2\/media\/21011"}],"wp:attachment":[{"href":"https:\/\/www.invarena.cz\/index.php?rest_route=%2Fwp%2Fv2%2Fmedia&parent=49988"}],"wp:term":[{"taxonomy":"category","embeddable":true,"href":"https:\/\/www.invarena.cz\/index.php?rest_route=%2Fwp%2Fv2%2Fcategories&post=49988"},{"taxonomy":"post_tag","embeddable":true,"href":"https:\/\/www.invarena.cz\/index.php?rest_route=%2Fwp%2Fv2%2Ftags&post=49988"}],"curies":[{"name":"wp","href":"https:\/\/api.w.org\/{rel}","templated":true}]}}