{"id":50147,"date":"2024-06-27T03:41:48","date_gmt":"2024-06-27T01:41:48","guid":{"rendered":"https:\/\/www.invarena.cz\/?p=50147"},"modified":"2024-06-27T03:45:03","modified_gmt":"2024-06-27T01:45:03","slug":"vlda-zvysi-se-podpora-zarizeni-pece-detem-ktere-potrebuji-okamzitou-pomoc","status":"publish","type":"post","link":"https:\/\/www.invarena.cz\/?p=50147","title":{"rendered":"Vl\u00e1da: Zv\u00fd\u0161\u00ed se podpora za\u0159\u00edzen\u00ed p\u00e9\u010de d\u011btem, kter\u00e9 pot\u0159ebuj\u00ed okam\u017eitou pomoc\u00a0"},"content":{"rendered":"\n<p>\u00a0\u010cT 24<\/p>\n\n\n\n<p>P\u0159epis \u010d\u00e1sti tiskov\u00e9 konference po dne\u0161n\u00edm jedn\u00e1n\u00ed vl\u00e1dy.<br \/><br \/>Marian JURE\u010cKA, vicepremi\u00e9r,\u00a0<strong>ministr<\/strong>\u00a0<strong>pr\u00e1ce<\/strong>\u00a0a soci\u00e1ln\u00edch v\u011bc\u00ed, p\u0159edseda strany \/KDU-\u010cSL\/<br \/>&#8212;&#8212;&#8212;&#8212;&#8212;&#8212;&#8211;<br \/>Ten prvn\u00ed bod se t\u00fdk\u00e1 zm\u011bny a zv\u00fd\u0161en\u00ed podpory v p\u0159\u00edpad\u011b za\u0159\u00edzen\u00ed, kter\u00e9 poskytuj\u00ed p\u00e9\u010di d\u011btem, kter\u00e9 vy\u017eaduj\u00ed okam\u017eitou pomoc, tzv. ZDVOPy. Jsou to za\u0159\u00edzen\u00ed, kter\u00e9 nap\u0159\u00ed\u010d celou \u010ceskou republikou a samoz\u0159ejm\u011b v krizov\u00fdch situac\u00edch, kdy je pot\u0159eba \u0159e\u0161it opravdu n\u011bjakou situaci, kdy d\u00edt\u011b bohu\u017eel nakonec mus\u00ed b\u00fdt nap\u0159\u00edklad v n\u011bjak\u00e9 kolizn\u00ed vyhrocen\u00e9 situaci odeb\u00edr\u00e1no z rodiny, tak aby bylo kam um\u00edstit okam\u017eit\u011b a v t\u00e9to situaci tady je pot\u0159eba tak\u00e9 reagovat na n\u00e1r\u016fst inflace. A od toho posledn\u00edho zv\u00fd\u0161en\u00ed ta inflace kumulovan\u00e9 narostla prakticky o 10 % a my dne\u0161n\u00edm rozhodnut\u00edm vl\u00e1dy te\u010f od 1. 7. tohoto roku zvy\u0161ujeme podporu t\u011bchto za\u0159\u00edzen\u00ed. \u010casto jsou t\u0159eba zn\u00e1my i vlastn\u011b pod t\u00edm ozna\u010den\u00edm Klok\u00e1nky, by\u0165 ne zdaleka v\u0161echny zdvopisy v r\u00e1mci Klok\u00e1nk\u016f. To znamen\u00e1, je to krok, kter\u00fdm vl\u00e1da reaguje na to, abychom pomohli t\u011bmto poskytovatel\u016fm, t\u011bmto za\u0159\u00edzen\u00edm, proto\u017ee prost\u011b je st\u00e1le pot\u0159ebujeme, jsou v tento okam\u017eik je\u0161t\u011b obt\u00ed\u017en\u011b nahraditeln\u00e1 a je pot\u0159eba zastabilizovat jejich \u010dinnost tak, aby nedoch\u00e1zelo k n\u011bjak\u00e9 slo\u017eit\u00e9 situaci, uzav\u00edr\u00e1n\u00ed a sni\u017eov\u00e1n\u00ed je\u0161t\u011b t\u00e9to kapacity v tuto dobu. Dal\u0161\u00edm materi\u00e1lem je materi\u00e1l, kter\u00fdm reagujeme vlastn\u011b u\u017e i na rozhodnut\u00ed, kter\u00e9 je realizov\u00e1no v r\u00e1mci novely z\u00e1kon\u00edku pr\u00e1ce, a tedy t\u00edm, \u017ee ru\u0161\u00edme minim\u00e1ln\u00ed zaru\u010den\u00e9 mzdy, tak se to t\u00fdk\u00e1 tak\u00e9 sektoru dopravy, ve\u0159ejn\u00e9 dopravy, v\u010detn\u011b t\u00e9 autobusov\u00e9 dopravy, kde vlastn\u011b cel\u00e1 \u0159ada kraj\u016f doposud m\u011bla nastaveno zvy\u0161ov\u00e1n\u00ed t\u011bch smluv, kter\u00e9 maj\u00ed se sv\u00fdmi dopravci na jejich \u00fazem\u00ed pr\u00e1v\u011b na minim\u00e1ln\u00ed zaru\u010den\u00e9 mzdy. Tento institut kon\u010d\u00ed a vlastn\u011b pro ty kraje v n\u011bkter\u00fdch p\u0159\u00edpadech by bylo obt\u00ed\u017en\u00e9, jak to \u0159e\u0161it d\u00e1l z hlediska zvy\u0161ov\u00e1n\u00ed pr\u00e1v\u011b i mezd t\u011bchto \u0159idi\u010d\u016f. My jsme se dohodli s kraji, bylo to n\u011bkolik m\u011bs\u00edc\u016f intenzivn\u00edho soci\u00e1ln\u00edho dialogu se z\u00e1stupci kraj\u016f, se z\u00e1stupci odbor\u016f na tom, \u017ee vlastn\u011b kraje budou do budoucna toto zvy\u0161ov\u00e1n\u00ed indexovat na z\u00e1klad\u011b r\u016fstu pr\u00e1v\u011b minim\u00e1ln\u00ed mzdy, u\u017e nikoliv t\u011bch minim\u00e1ln\u00edch zaru\u010den\u00fdch mezd, a s t\u00edm jsme tak\u00e9 spojili rozhodnut\u00ed, kdy tzv. doba za \u010dek\u00e1n\u00ed, kter\u00e1 nen\u00ed tou standardn\u00ed pracovn\u00ed dobou, na \u010dek\u00e1n\u00ed mezi spoji, tak abychom tady nastavili vy\u0161\u0161\u00ed sazbu, ne\u017e byla doposud. Dlouhou dobu se s touto sazbou nepracovalo a my tuto sazbu te\u010f nov\u011b stanovujeme na hodnot\u011b 140 K\u010d 60 hal\u00e9\u0159\u016f. J\u00e1 tady oce\u0148uju, \u017ee i toto jedn\u00e1n\u00ed, kter\u00e9 na prvn\u00ed pohled nevypadalo \u00fapln\u011b jednodu\u0161e, se poda\u0159ilo velmi dob\u0159e zvl\u00e1dnout v r\u00e1mci soci\u00e1ln\u00edho dialogu spole\u010dn\u011b pr\u00e1v\u011b se z\u00e1stupci kraj\u016f i se z\u00e1stupci Ministerstva dopravy a z\u00e1stupci odbor\u016f. T\u0159et\u00edm d\u016fle\u017eit\u00fdm materi\u00e1lem je materi\u00e1l, kter\u00fd dneska vl\u00e1da schv\u00e1lila, a je to strategie, kter\u00e1 se t\u00fdk\u00e1 pomoci a podpory pro osoby s intelektov\u00fdm znev\u00fdhodn\u011bn\u00edm a u osob s chov\u00e1n\u00edm n\u00e1ro\u010dn\u00fdm na p\u00e9\u010di. Je to reakce na situace, kter\u00e9 tady v minulosti vznikly. Ta posledn\u00ed vlastn\u011b velmi i medi\u00e1ln\u011b zn\u00e1m\u00e1 je situace tragick\u00e9ho \u00famrt\u00ed Doroty \u0160\u00e1ndorov\u00e9. Toto \u00famrt\u00ed se stalo v situaci, kdy ona byla klientkou jind\u0159ichohradeck\u00e9ho domova pro osoby s ment\u00e1ln\u00edm posti\u017een\u00edm. V tomto p\u0159\u00edpad\u011b tady z podn\u011btu pana premi\u00e9ra vznikala nejenom mezirezortn\u00ed pracovn\u00ed skupina, ale pracovn\u00ed skupina slo\u017een\u00e1 z odborn\u00edk\u016f na tuto problematiku, s velk\u00fdm zapojen\u00edm pan\u00ed vl\u00e1dn\u00ed zmocn\u011bnkyn\u011b Kl\u00e1ry Lauren\u010d\u00edkov\u00e9 \u0160im\u00e1\u010dkov\u00e9, i se zapojen\u00edm samoz\u0159ejm\u011b expert\u016f z n\u011bkolika rezort\u016f. A dnes vl\u00e1da vlastn\u011b projednala strategii, kter\u00e1 v konkr\u00e9tn\u00edch bodech \u0159\u00edk\u00e1, co je pot\u0159eba te\u010f v t\u00e9 nejbli\u017e\u0161\u00ed dob\u011b zm\u011bnit pro to, aby v tom syst\u00e9mu, v cel\u00e9 \u0159ad\u011b opat\u0159en\u00ed se ud\u00e1ly zm\u011bny takov\u00e9, aby k t\u011bmto extr\u00e9mn\u00edm p\u0159\u00edpad\u016fm, k takov\u00fdmto \u00famrt\u00edm nebo k takov\u00e9muto nepat\u0159i\u010dn\u00e9mu jedn\u00e1n\u00ed u\u017e v budoucnu nedoch\u00e1zelo. Tak\u017ee i tyto v\u011bci se opravdu posunuj\u00ed v\u00fdrazn\u011b kup\u0159edu tak, abychom byli schopni garantovat kvalitn\u00ed, dobrou hum\u00e1nn\u00ed p\u00e9\u010di a podporu t\u011bmto lidem, u\u017e nikoliv v t\u011bch, \u0159ekn\u011bme, velk\u00fdch \u00fastavn\u00edch za\u0159\u00edzen\u00edch, kter\u00e9 potom v tom, jak\u00fdm zp\u016fsobem tam ta p\u00e9\u010de prob\u00edh\u00e1, umo\u017enily i tyto tragick\u00e9 situace, kter\u00e9 se staly. Tak\u017ee na tuto strategii vlastn\u011b budou potom navazovat konkr\u00e9tn\u00ed kroky, kter\u00e9 budeme realizovat, a\u0165 u\u017e Ministerstvo pr\u00e1ce a soci\u00e1ln\u00edch v\u011bc\u00ed, jednotliv\u00e9 kraje, jednotliv\u00ed z\u0159izovatel\u00e9. D\u011bkuju.<br \/><br \/>osoba<br \/>&#8212;&#8212;&#8212;&#8212;&#8212;&#8212;&#8211;<br \/>D\u011bkuji. Nyn\u00ed popros\u00edm o slovo ministra kultury Martina Baxu.<br \/><br \/>Martin BAXA, ministr kultury \/ODS\/<br \/>&#8212;&#8212;&#8212;&#8212;&#8212;&#8212;&#8211;<br \/>D\u011bkuju za slovo, dobr\u00fd ve\u010der. Vl\u00e1da neschv\u00e1lila hned dva kl\u00ed\u010dov\u00e9 n\u00e1vrhy z\u00e1kon\u016f p\u016fsobnosti m\u00e9ho resortu, novelu z\u00e1kona o audiovizi a tzv. velkou medi\u00e1ln\u00ed novelu, co\u017e jsou v\u011bci, na kter\u00fdch jsme v obou p\u0159\u00edpadech pracovali vlastn\u011b v\u00edce ne\u017e dva roky a nyn\u00ed se poda\u0159ilo tedy je zd\u00e1rn\u011b projednat a schv\u00e1lit vl\u00e1dou \u010cesk\u00e9 republiky. Za\u010dal bych n\u00e1vrhem z\u00e1kona o audiovizi. My vlastn\u011b v\u00edce ne\u017e 10 letech p\u0159ebudov\u00e1v\u00e1me syst\u00e9m podpory audiovize v \u010cesku. Je to vznikl\u00e9 t\u00edm, \u017ee se velmi v\u00fdznamn\u011b v posledn\u00edch letech zm\u011bnil audiovizu\u00e1ln\u00ed trh, u\u017e nejde jenom o klasick\u00e1 kina a filmy, ale velice se roz\u0161\u00ed\u0159ila v\u00fdroba obsahu pro tzv. VOD platformy, Netflix, Max, Disney, kter\u00e9 p\u016fsob\u00ed i v \u010cesk\u00e9 republice. A sou\u010dasn\u011b do\u0161lo v posledn\u00edch letech tak\u00e9 k p\u0159et\u00ed\u017een\u00ed \u010ceska jako zem\u011b, kter\u00e1 je zasl\u00edben\u00e1 filmov\u00fdm pob\u00eddk\u00e1m. A my jsme cht\u011bli vyj\u00edt vst\u0159\u00edc tomuto d\u011bn\u00ed a mysl\u00edm si, \u017ee ten n\u00e1vrh ve v\u0161ech sv\u00fdch \u010d\u00e1stech na to velice \u00fasp\u011b\u0161n\u011b reaguje. Hlavn\u00edmi zm\u011bnami je tedy to, \u017ee se roz\u0161i\u0159uje dota\u010dn\u00ed podpora pro audiovizi pr\u00e1v\u011b o oblast televizn\u00edho a VODobsahu nebo tvorby, to znamen\u00e1, bude St\u00e1tn\u00ed fond audiovize podporovat i tyto form\u00e1ty. Vych\u00e1z\u00edme t\u00edm velmi vst\u0159\u00edc popt\u00e1vce po tomto obsahu, ale na druh\u00e9 stran\u011b jsme ud\u011blali kl\u00ed\u010dovou domluvu s t\u011bmito VOD platformami, kter\u00e9 budou odv\u00e1d\u011bt finan\u010dn\u00ed prost\u0159edky ve prosp\u011bch St\u00e1tn\u00edho fondu audiovize, a\u0165 u\u017e je to tedy p\u0159\u00edmo pen\u00edze, anebo budou m\u00edt mo\u017enost \u010d\u00e1st tohoto dvouprocentn\u00edho odvodu prom\u011bnit v tzv. p\u0159\u00edm\u00e9 investice ve prosp\u011bch \u010desk\u00fdch producent\u016f. Nov\u011b tak\u00e9 zav\u00e1d\u00edme podporu tzv. gamingu, tedy hern\u00edho pr\u016fmyslu, po\u010d\u00edta\u010dov\u00e9 hry, ve kter\u00e9 je \u010cesko opravdu vynikaj\u00edc\u00ed, stejn\u011b tak jako podporu animace, kde tak\u00e9 dosahujeme mimo\u0159\u00e1dn\u00fdch \u00fasp\u011bch\u016f. A v neposledn\u00ed \u0159ad\u011b se v\u00fdznamn\u011b zjednodu\u0161uje syst\u00e9m filmov\u00fdch pob\u00eddek a nastavuje se mechanismus jejich p\u0159edv\u00eddateln\u00e9 podpory ze st\u00e1tn\u00edho rozpo\u010dtu, to znamen\u00e1 nejen n\u00e1r\u016fst finan\u010dn\u00edch prost\u0159edk\u016f, kter\u00fd v p\u0159\u00edpad\u011b, kdy tento z\u00e1kon nabude \u00fa\u010dinnosti, ale tak\u00e9 n\u011bjak\u00e1 p\u0159edv\u00eddateln\u00e1 v\u00fd\u0161e v z\u00e1vislosti na v\u00fdb\u011bru tzv. parafisk\u00e1ln\u00edch poplatk\u016f. T\u011bch zm\u011bn je cel\u00e1 \u0159ada.<br \/><br \/>Marek V\u00ddBORN\u00dd, ministr zem\u011bd\u011blstv\u00ed \/KDU-\u010cSL\/<br \/>&#8212;&#8212;&#8212;&#8212;&#8212;&#8212;&#8211;<br \/>Vl\u00e1da se u\u017e ov\u0161em programem prohl\u00e1\u0161en\u00ed zav\u00e1zala k tomu, \u017ee p\u0159iprav\u00ed strategick\u00fd materi\u00e1l, surovinovou politiku pro d\u0159evo. J\u00e1 jsem r\u00e1d, \u017ee jsem dnes mohl tento materi\u00e1l vl\u00e1d\u011b p\u0159edstavit a vl\u00e1da ho tak\u00e9 schv\u00e1lila. Je to materi\u00e1l, kter\u00fd vznikl ve spolupr\u00e1ci s Ministerstvem pr\u016fmyslu a obchodu a tak\u00e9 ve spolupr\u00e1ci s Ministerstvem \u017eivotn\u00edho prost\u0159ed\u00ed. D\u0159evo, a to je vlastn\u011b z\u00e1kladn\u00ed leitmotiv cel\u00e9ho dokumentu, je strategick\u00e1 obnoviteln\u00e1 surovina. P\u0159isp\u00edv\u00e1 ke zm\u00edrn\u011bn\u00ed zm\u011bn klimatu, mimochodem proto, \u017ee d\u0159evo v\u00e1\u017ee uhl\u00edk, a d\u0159evo jako takov\u00e9 m\u00e1 mnohostrann\u00e9 vyu\u017eit\u00ed a obrovsk\u00fd potenci\u00e1l do budoucna. To je vlastn\u011b c\u00edl toho dokumentu, abychom jednak si definovali aktu\u00e1ln\u00ed stav, abychom si stanovili jasn\u00e9 m\u011b\u0159iteln\u00e9 a dosa\u017eiteln\u00e9 c\u00edle. \u010cesk\u00e1 republika aktu\u00e1ln\u011b t\u011b\u017e\u00ed okolo 14\u201315 milion\u016f kub\u00edk\u016f d\u0159eva v ka\u017ed\u00e9m roce, p\u0159esto, kdy\u017e se pod\u00edv\u00e1me na to, co vyt\u011b\u017e\u00edme na stran\u011b jedn\u00e9 a p\u0159\u00edr\u016fstky na d\u0159evn\u00ed hmot\u011b v \u010cesk\u00e9 republice, tak jsme v\u017edy v kladn\u00fdch \u010dern\u00fdch \u010d\u00edslech, to znamen\u00e1, jinak \u0159e\u010deno, d\u0159eva n\u00e1m v \u010cesk\u00e9 republice ka\u017ed\u00fd rok, a to i v dob\u011b k\u016frovcov\u00e9 kalamity, kdy ty t\u011b\u017eby byly extr\u00e9mn\u00ed a zvy\u0161ovaly se, dnes se sni\u017euj\u00ed, tak i v t\u00e9to dob\u011b jsme z\u016fst\u00e1valy a v kontextu dlouhodob\u00e9m z\u016fstaneme zem\u00ed, kde n\u00e1m bude p\u0159ib\u00fdvat d\u0159evn\u00ed hmoty, to znamen\u00e1, p\u0159ib\u00fdv\u00e1 n\u00e1m jak v\u00fdm\u011bra les\u016f, tak samoz\u0159ejm\u011b hmota samotn\u00e1, a to v pom\u011bru k tomu, co vyk\u00e1c\u00edme a vyu\u017eijeme jako strategickou surovinu.<br \/><\/p>\n","protected":false},"excerpt":{"rendered":"<div class=\"mh-excerpt\"><p>\u00a0\u010cT 24 P\u0159epis \u010d\u00e1sti tiskov\u00e9 konference po dne\u0161n\u00edm jedn\u00e1n\u00ed vl\u00e1dy. Marian JURE\u010cKA, vicepremi\u00e9r,\u00a0ministr\u00a0pr\u00e1ce\u00a0a soci\u00e1ln\u00edch v\u011bc\u00ed, p\u0159edseda strany \/KDU-\u010cSL\/&#8212;&#8212;&#8212;&#8212;&#8212;&#8212;&#8211;Ten prvn\u00ed bod se t\u00fdk\u00e1 zm\u011bny a zv\u00fd\u0161en\u00ed <a class=\"mh-excerpt-more\" href=\"https:\/\/www.invarena.cz\/?p=50147\" title=\"Vl\u00e1da: Zv\u00fd\u0161\u00ed se podpora za\u0159\u00edzen\u00ed p\u00e9\u010de d\u011btem, kter\u00e9 pot\u0159ebuj\u00ed okam\u017eitou pomoc\u00a0\">[&#8230;]<\/a><\/p>\n<\/div>","protected":false},"author":1,"featured_media":42307,"comment_status":"open","ping_status":"closed","sticky":false,"template":"","format":"standard","meta":{"footnotes":""},"categories":[9],"tags":[],"class_list":["post-50147","post","type-post","status-publish","format-standard","has-post-thumbnail","hentry","category-zpravy"],"_links":{"self":[{"href":"https:\/\/www.invarena.cz\/index.php?rest_route=\/wp\/v2\/posts\/50147","targetHints":{"allow":["GET"]}}],"collection":[{"href":"https:\/\/www.invarena.cz\/index.php?rest_route=\/wp\/v2\/posts"}],"about":[{"href":"https:\/\/www.invarena.cz\/index.php?rest_route=\/wp\/v2\/types\/post"}],"author":[{"embeddable":true,"href":"https:\/\/www.invarena.cz\/index.php?rest_route=\/wp\/v2\/users\/1"}],"replies":[{"embeddable":true,"href":"https:\/\/www.invarena.cz\/index.php?rest_route=%2Fwp%2Fv2%2Fcomments&post=50147"}],"version-history":[{"count":0,"href":"https:\/\/www.invarena.cz\/index.php?rest_route=\/wp\/v2\/posts\/50147\/revisions"}],"wp:featuredmedia":[{"embeddable":true,"href":"https:\/\/www.invarena.cz\/index.php?rest_route=\/wp\/v2\/media\/42307"}],"wp:attachment":[{"href":"https:\/\/www.invarena.cz\/index.php?rest_route=%2Fwp%2Fv2%2Fmedia&parent=50147"}],"wp:term":[{"taxonomy":"category","embeddable":true,"href":"https:\/\/www.invarena.cz\/index.php?rest_route=%2Fwp%2Fv2%2Fcategories&post=50147"},{"taxonomy":"post_tag","embeddable":true,"href":"https:\/\/www.invarena.cz\/index.php?rest_route=%2Fwp%2Fv2%2Ftags&post=50147"}],"curies":[{"name":"wp","href":"https:\/\/api.w.org\/{rel}","templated":true}]}}