{"id":50174,"date":"2024-06-28T06:08:38","date_gmt":"2024-06-28T04:08:38","guid":{"rendered":"https:\/\/www.invarena.cz\/?p=50174"},"modified":"2024-06-28T06:08:39","modified_gmt":"2024-06-28T04:08:39","slug":"kazdy-jsme-jiny-a-to-nas-bavi","status":"publish","type":"post","link":"https:\/\/www.invarena.cz\/?p=50174","title":{"rendered":"Ka\u017ed\u00fd jsme jin\u00fd, a to n\u00e1s bav\u00ed"},"content":{"rendered":"\n<p>advertorial<\/p>\n\n\n\n<p>Jsme firma AB plus CZ s.r.o., kter\u00e1 dod\u00e1v\u00e1 kancel\u00e1\u0159sk\u00e9 pot\u0159eby firm\u00e1m ji\u017e od roku 1997. Mezi na\u0161imi z\u00e1kazn\u00edky jsme v\u0161ak zn\u00e1m\u00ed p\u0159ev\u00e1\u017en\u011b pod zna\u010dkou <a href=\"https:\/\/vasekancelar.cz\/\">VA\u0160EKANCEL\u00c1\u0158.CZ<\/a>, kter\u00e1 je z\u00e1rove\u0148 i adresou na\u0161eho e-shopu, kde si m\u016f\u017eete prohl\u00e9dnout cel\u00fd n\u00e1\u0161 sortiment.<\/p>\n\n\n\n<figure class=\"wp-block-image size-large\"><img loading=\"lazy\" decoding=\"async\" width=\"470\" height=\"227\" src=\"https:\/\/www.invarena.cz\/wp-content\/uploads\/image-8-e1719498345775-470x227.png\" alt=\"\" class=\"wp-image-50178\" srcset=\"https:\/\/www.invarena.cz\/wp-content\/uploads\/image-8-e1719498345775-470x227.png 470w, https:\/\/www.invarena.cz\/wp-content\/uploads\/image-8-e1719498345775-250x121.png 250w, https:\/\/www.invarena.cz\/wp-content\/uploads\/image-8-e1719498345775-130x63.png 130w, https:\/\/www.invarena.cz\/wp-content\/uploads\/image-8-e1719498345775-768x371.png 768w, https:\/\/www.invarena.cz\/wp-content\/uploads\/image-8-e1719498345775.png 1000w\" sizes=\"auto, (max-width: 470px) 100vw, 470px\" \/><\/figure>\n\n\n\n<p>N\u00e1\u0161 t\u00fdm tvo\u0159\u00ed 81 koleg\u016f, z nich\u017e v\u00edce ne\u017e 75 % jsou lid\u00e9 zdravotn\u011b znev\u00fdhodn\u011bn\u00ed. Spolupracujeme s kolegy na voz\u00ed\u010dku, nevidom\u00fdmi, nedosl\u00fdchav\u00fdmi \u010di s&nbsp;jin\u00fdm zdravotn\u00edm znev\u00fdhodn\u011bn\u00edm, a to na nejr\u016fzn\u011bj\u0161\u00edch pracovn\u00edch pozic\u00edch jako jsou nap\u0159\u00edklad:<\/p>\n\n\n\n<ul class=\"wp-block-list\">\n<li>obchodn\u00ed z\u00e1stupci,<\/li>\n\n\n\n<li>skladn\u00edci,<\/li>\n\n\n\n<li>administrativn\u00ed pracovn\u00edci,<\/li>\n\n\n\n<li>IT specialisti,<\/li>\n\n\n\n<li>v oblasti marketingu, grafiky aj.<\/li>\n<\/ul>\n\n\n\n<p>A\u010dkoliv se vz\u00e1jemn\u011b li\u0161\u00edme mno\u017estv\u00edm sil a zdravotn\u00edmi dispozicemi, ka\u017ed\u00fd je schopen svou funkci plnit \u010dastokr\u00e1t i nad b\u011b\u017en\u00e1 o\u010dek\u00e1v\u00e1n\u00ed lid\u00ed, p\u0159ed kter\u00fdmi b\u00fdv\u00e1 tato men\u0161inov\u00e1 skupina zna\u010dn\u011b nedocen\u011bna. Mnoho na\u0161ich koleg\u016f pat\u0159\u00ed mezi vedouc\u00ed typy na sv\u00fdch pozic\u00edch a nezpochybniteln\u00e9 odborn\u00edky.<\/p>\n\n\n\n<p>\u201e<em>Ka\u017ed\u00fd jsme jin\u00fd, ale to je na tom t\u00fdmu to, co n\u00e1s bav\u00ed. Sna\u017e\u00edme se u ka\u017ed\u00e9ho kolegy maxim\u00e1ln\u011b vyu\u017e\u00edt jeho schopnost\u00ed, v&nbsp;\u010dem je siln\u00fd, co ho bav\u00ed, na co m\u00e1 nad\u00e1n\u00ed. Jde n\u00e1m o rovnocennost mezi sebou, aby se nikdo nec\u00edtil m\u00e9n\u011b d\u016fle\u017eit\u00fd, ale z\u00e1rove\u0148 je pot\u0159eba, aby ka\u017ed\u00fd p\u0159ijal plnou zodpov\u011bdnost za svou pr\u00e1ci.<\/em>\u201c \u0158\u00edk\u00e1 k&nbsp;tomu Igor Hendrych, \u0159editel spole\u010dnosti.<\/p>\n\n\n\n<p>Ka\u017ed\u00fd m\u00e1 sv\u00e9 specifick\u00e9 pot\u0159eby z&nbsp;hlediska zp\u016fsobu pr\u00e1ce, \u010dasov\u00fdch mo\u017enost\u00ed \u010di doj\u00ed\u017ed\u011bn\u00ed. V\u011bt\u0161ina na\u0161eho t\u00fdmu pracuje z&nbsp;domova, co\u017e n\u00e1m umo\u017e\u0148uje zam\u011bstn\u00e1vat lidi po cel\u00e9 \u010cR. Spoustu na\u0161ich \u00fasp\u011b\u0161n\u00fdch obchodn\u00edch z\u00e1stupc\u016f se zrakov\u00fdm znev\u00fdhodn\u011bn\u00edm m\u00e1me nap\u0159\u00edklad a\u017e na Morav\u011b.<\/p>\n\n\n\n<p>Na\u0161\u00edm c\u00edlem nen\u00ed jen prosperovat na trhu kancel\u00e1\u0159sk\u00fdch pot\u0159eb a budovat silnou a konkuren\u010dn\u011b schopnou zna\u010dku, ale vytv\u00e1\u0159et hodnoty, kter\u00e9 m\u016f\u017eou inspirovat a motivovat ostatn\u00ed. N\u00e1s samotn\u00e9 pr\u00e1ce s&nbsp;na\u0161imi kolegy s&nbsp;handicapem inspiruje. Spousta jejich \u017eivotn\u00edch p\u0159\u00edb\u011bh\u016f vzbuzuj\u00ed obdiv a respekt jak k&nbsp;jejich pracovn\u00edmu nasazen\u00ed, tak i jejich \u017eivotn\u00ed filozofii a schopnosti v\u00e1\u017eit si v\u011bc\u00ed, kter\u00e9 b\u00fdvaj\u00ed pro mnoh\u00e9 zdrav\u00e9 lidi samoz\u0159ejmost\u00ed.<\/p>\n\n\n\n<p>P\u0159e\u010dt\u011bte si p\u0159\u00edb\u011bhy koleg\u016f z\u00a0na\u0161\u00ed chr\u00e1n\u011bn\u00e9 d\u00edlny, kter\u00e9 postupn\u011b zve\u0159ej\u0148ujeme na na\u0161em firemn\u00edm <a href=\"https:\/\/www.linkedin.com\/company\/vasekancelarcz\/\">linkedinu<\/a> a nechte se inspirovat i Vy.<\/p>\n\n\n\n<p><strong>Alena R\u00e1kosn\u00edkov\u00e1<\/strong>, mana\u017eerka TLM<\/p>\n\n\n\n<figure class=\"wp-block-image size-large is-resized\"><img loading=\"lazy\" decoding=\"async\" width=\"261\" height=\"260\" src=\"https:\/\/www.invarena.cz\/wp-content\/uploads\/image-5-261x260.png\" alt=\"\" class=\"wp-image-50175\" style=\"width:150px;height:auto\" srcset=\"https:\/\/www.invarena.cz\/wp-content\/uploads\/image-5-261x260.png 261w, https:\/\/www.invarena.cz\/wp-content\/uploads\/image-5-184x183.png 184w, https:\/\/www.invarena.cz\/wp-content\/uploads\/image-5-83x83.png 83w, https:\/\/www.invarena.cz\/wp-content\/uploads\/image-5-120x120.png 120w, https:\/\/www.invarena.cz\/wp-content\/uploads\/image-5.png 272w\" sizes=\"auto, (max-width: 261px) 100vw, 261px\" \/><\/figure>\n\n\n\n<p> <em>Do AB plus jsem nastoupila v\u00a0b\u0159eznu roku 2014, tak\u017ee p\u0159\u00ed\u0161t\u00ed rok zde budu ji\u017e 10 let. Komunikuji a star\u00e1m se jak o na\u0161e z\u00e1kazn\u00edky, tak o cel\u00fd n\u00e1\u0161 t\u00fdm, kde \u0159e\u0161\u00edm v\u0161echny mo\u017en\u00e9 provozn\u00ed z\u00e1le\u017eitosti. Sou\u010d\u00e1st\u00ed t\u00fdmu jsou lid\u00e9 \u0161patn\u011b chod\u00edc\u00ed, po t\u011b\u017ek\u00fdch operac\u00edch, epileptici \u010di s\u00a0psychick\u00fdm onemocn\u011bn\u00edm. Sna\u017e\u00edm se tu pro n\u011b b\u00fdt \u010dastokr\u00e1t i nad r\u00e1mec sv\u00e9 pr\u00e1ce. Je pro m\u011b d\u016fle\u017eit\u00e9, aby se tu c\u00edtili dob\u0159e, proto\u017ee i to se pak odr\u00e1\u017e\u00ed na jejich v\u00fdsledc\u00edch pr\u00e1ce. V AB plus m\u00e1m mo\u017enost pracovat i z domova, co\u017e mi hodn\u011b pom\u00e1h\u00e1.\u201c <\/em><a href=\"https:\/\/www.linkedin.com\/feed\/update\/urn:li:activity:7119925048211058688\"><em>P\u0159e\u010d\u00edst cel\u00fd rozhovor na Linkedinu<\/em><\/a><\/p>\n\n\n\n<p><strong>Michak Fuka<\/strong>, skladn\u00edk<\/p>\n\n\n\n<figure class=\"wp-block-image size-large is-resized\"><img loading=\"lazy\" decoding=\"async\" width=\"290\" height=\"260\" src=\"https:\/\/www.invarena.cz\/wp-content\/uploads\/image-6-290x260.png\" alt=\"\" class=\"wp-image-50176\" style=\"width:178px;height:auto\" srcset=\"https:\/\/www.invarena.cz\/wp-content\/uploads\/image-6-290x260.png 290w, https:\/\/www.invarena.cz\/wp-content\/uploads\/image-6-204x183.png 204w, https:\/\/www.invarena.cz\/wp-content\/uploads\/image-6-93x83.png 93w, https:\/\/www.invarena.cz\/wp-content\/uploads\/image-6.png 301w\" sizes=\"auto, (max-width: 290px) 100vw, 290px\" \/><\/figure>\n\n\n\n<p><em>Ve firm\u011b pracuji od roku 2009, bude to u\u017e tedy 14 let. Ze sv\u00e9 vlastn\u00ed zku\u0161enosti mohu potvrdit, \u017ee ani sluchov\u00fd handicap nen\u00ed p\u0159ek\u00e1\u017ekou. Na sv\u00e9 pozici funguji zcela samostatn\u011b a pr\u00e1ci zvl\u00e1d\u00e1m bez probl\u00e9m\u016f.\u201c <\/em><a href=\"https:\/\/www.linkedin.com\/feed\/update\/urn:li:activity:7155454186208317441\"><em>P\u0159e\u010d\u00edst cel\u00fd rozhovor na Linkedinu<\/em><\/a><\/p>\n\n\n\n<p><strong>Jakub Vevera<\/strong>, obchodn\u00ed z\u00e1stupce<\/p>\n\n\n\n<figure class=\"wp-block-image size-large is-resized\"><img loading=\"lazy\" decoding=\"async\" width=\"265\" height=\"260\" src=\"https:\/\/www.invarena.cz\/wp-content\/uploads\/image-7-265x260.png\" alt=\"\" class=\"wp-image-50177\" style=\"width:163px;height:auto\" srcset=\"https:\/\/www.invarena.cz\/wp-content\/uploads\/image-7-265x260.png 265w, https:\/\/www.invarena.cz\/wp-content\/uploads\/image-7-186x183.png 186w, https:\/\/www.invarena.cz\/wp-content\/uploads\/image-7-84x83.png 84w, https:\/\/www.invarena.cz\/wp-content\/uploads\/image-7.png 291w\" sizes=\"auto, (max-width: 265px) 100vw, 265px\" \/><\/figure>\n\n\n\n<p><em>Pracuji na pozici obchodn\u00edho z\u00e1stupce v odd\u011blen\u00ed telemarketingu. Letos v listopadu u\u017e to bude 10 let, co zde pracuji. Tato pr\u00e1ce m\u011b moc bav\u00ed, proto\u017ee r\u00e1d komunikuji s lidmi. D\u00e1 se \u0159\u00edct, \u017ee jsem se v tom na\u0161el. Pr\u00e1ce mi dala novou chu\u0165 do \u017eivota. Vzhledem k m\u00e9mu zrakov\u00e9mu i t\u011blesn\u00e9mu znev\u00fdhodn\u011bn\u00ed jsem hledal pr\u00e1ci v chr\u00e1n\u011bn\u00e9 d\u00edln\u011b, kter\u00e1 bude pro m\u011b zvladateln\u00e1, a ve kter\u00e9 bych se mohl z\u00e1rove\u0148 vzhl\u00e9dnout. To jsem nakonec na\u0161el ve sv\u00e9 sou\u010dasn\u00e9 pr\u00e1ci.\u201c <\/em><a href=\"https:\/\/www.linkedin.com\/feed\/update\/urn:li:activity:7168137763546988544\"><em>P\u0159e\u010d\u00edst cel\u00fd rozhovor na Linkedinu<\/em><\/a><\/p>\n\n\n\n<p><strong>AB plus CZ s.r.o.<\/strong><br \/>K B\u00edl\u00e9mu vrchu 2960\/8<br \/>193 00, Praha\u00a09<\/p>\n\n\n\n<p>+420 286 000 900<br \/>info@vasekancelar.cz<br \/><strong><a href=\"https:\/\/www.vasekancelar.cz\/\" target=\"_blank\" rel=\"noreferrer noopener\">www.vasekancelar.cz<\/a><\/strong><\/p>\n","protected":false},"excerpt":{"rendered":"<div class=\"mh-excerpt\"><p>advertorial Jsme firma AB plus CZ s.r.o., kter\u00e1 dod\u00e1v\u00e1 kancel\u00e1\u0159sk\u00e9 pot\u0159eby firm\u00e1m ji\u017e od roku 1997. Mezi na\u0161imi z\u00e1kazn\u00edky jsme v\u0161ak zn\u00e1m\u00ed p\u0159ev\u00e1\u017en\u011b pod zna\u010dkou <a class=\"mh-excerpt-more\" href=\"https:\/\/www.invarena.cz\/?p=50174\" title=\"Ka\u017ed\u00fd jsme jin\u00fd, a to n\u00e1s bav\u00ed\">[&#8230;]<\/a><\/p>\n<\/div>","protected":false},"author":1,"featured_media":17232,"comment_status":"open","ping_status":"closed","sticky":false,"template":"","format":"standard","meta":{"footnotes":""},"categories":[9],"tags":[],"class_list":["post-50174","post","type-post","status-publish","format-standard","has-post-thumbnail","hentry","category-zpravy"],"_links":{"self":[{"href":"https:\/\/www.invarena.cz\/index.php?rest_route=\/wp\/v2\/posts\/50174","targetHints":{"allow":["GET"]}}],"collection":[{"href":"https:\/\/www.invarena.cz\/index.php?rest_route=\/wp\/v2\/posts"}],"about":[{"href":"https:\/\/www.invarena.cz\/index.php?rest_route=\/wp\/v2\/types\/post"}],"author":[{"embeddable":true,"href":"https:\/\/www.invarena.cz\/index.php?rest_route=\/wp\/v2\/users\/1"}],"replies":[{"embeddable":true,"href":"https:\/\/www.invarena.cz\/index.php?rest_route=%2Fwp%2Fv2%2Fcomments&post=50174"}],"version-history":[{"count":0,"href":"https:\/\/www.invarena.cz\/index.php?rest_route=\/wp\/v2\/posts\/50174\/revisions"}],"wp:featuredmedia":[{"embeddable":true,"href":"https:\/\/www.invarena.cz\/index.php?rest_route=\/wp\/v2\/media\/17232"}],"wp:attachment":[{"href":"https:\/\/www.invarena.cz\/index.php?rest_route=%2Fwp%2Fv2%2Fmedia&parent=50174"}],"wp:term":[{"taxonomy":"category","embeddable":true,"href":"https:\/\/www.invarena.cz\/index.php?rest_route=%2Fwp%2Fv2%2Fcategories&post=50174"},{"taxonomy":"post_tag","embeddable":true,"href":"https:\/\/www.invarena.cz\/index.php?rest_route=%2Fwp%2Fv2%2Ftags&post=50174"}],"curies":[{"name":"wp","href":"https:\/\/api.w.org\/{rel}","templated":true}]}}