{"id":50182,"date":"2024-06-27T20:05:03","date_gmt":"2024-06-27T18:05:03","guid":{"rendered":"https:\/\/www.invarena.cz\/?p=50182"},"modified":"2024-06-27T20:05:04","modified_gmt":"2024-06-27T18:05:04","slug":"hry-pro-radost-nabidly-sportovni-zapoleni-pro-ctyricet-tymu-hendikepovanych","status":"publish","type":"post","link":"https:\/\/www.invarena.cz\/?p=50182","title":{"rendered":"Hry pro radost nab\u00eddly sportovn\u00ed z\u00e1polen\u00ed pro \u010dty\u0159icet t\u00fdm\u016f hendikepovan\u00fdch"},"content":{"rendered":"\n<p>Pracovn\u00edci Z\u0160, M\u0160 a P\u0160 Kol\u00edn v \u010dele Tom\u00e1\u0161em K\u0159ivou p\u0159ipravili ji\u017e jedenadvac\u00e1t\u00fd ro\u010dn\u00edk z\u00e1polen\u00ed \u017e\u00e1k\u016f a klient\u016f podobn\u00fdch za\u0159\u00edzen\u00ed nejen z kol\u00ednsk\u00e9ho regionu.<\/p>\n\n\n\n<p>Ve \u010dtvrtek 20.6. dopoledne nastoupili ve \u010dty\u0159iceti t\u00fdmech z\u00e1vodn\u00edci osmn\u00e1cti dru\u017estev po\u0159\u00e1daj\u00edc\u00ed \u0161koly a z Kol\u00edna je\u0161t\u011b i klienti Volna, Diakonie, Mely nebo D\u011btsk\u00e9ho centra a coby zpest\u0159en\u00ed i p\u0159ev\u00e1\u017en\u011b d\u00e1my z Domova pro seniory \u0159\u00edkaj\u00edc\u00ed si Pohod\u00e1\u0159i. Dorazili i sout\u011b\u017e\u00edc\u00ed z region\u00e1ln\u00edch Cerhenic, \u010c\u00e1slavi, Kutn\u00e9 Hory, \u010cesk\u00e9ho Brodu, Doubrav\u010dan nebo Polep, ale i ze vzd\u00e1len\u011bj\u0161\u00edch Mlad\u00e9 Boleslavi, Hradce Kr\u00e1lov\u00e9 \u010di dokonce Trutnova a mnoha dal\u0161\u00edch domov\u016f.<\/p>\n\n\n\n<p>V 9 hodin v\u0161echny z\u00e1vodn\u00edky p\u0159iv\u00edtala reprodukovan\u00e1 \u010desk\u00e1 hymna, pozdravila je \u0159editelka \u0161koly Ladislava Vavrincov\u00e1 a \u017e\u00e1dn\u00e9 zran\u011bn\u00ed, hodn\u011b sportovn\u00edch \u00fasp\u011bch\u016f a kr\u00e1sn\u00e9 po\u010das\u00ed pop\u0159\u00e1l m\u00edstostarosta podporuj\u00edc\u00edho m\u011bsta Kol\u00edna Roman \u0160ulc. Ten pot\u00e9 nejen odstartoval b\u011bhy na \u0161edes\u00e1t metr\u016f, ale jeden si s voz\u00ed\u010dk\u00e1\u0159kou i zab\u011bhl a pozd\u011bji pom\u00e1hal s rozd\u00e1v\u00e1n\u00edm sponzorsk\u00e9 zmrzliny.<\/p>\n\n\n\n<p>Jeho p\u0159\u00e1n\u00ed se nakonec vyplnila. Nikdo se nezranil a po\u010das\u00ed bylo na sportov\u00e1n\u00ed ide\u00e1ln\u00ed. D\u011bti i dosp\u011bl\u00ed si zab\u011bhli nejen on\u011bch \u0161edes\u00e1t metr\u016f, ale tak\u00e9 \u201emarat\u00f3n\u201c, co\u017e v tomto kl\u00e1n\u00ed znamen\u00e1 \u010dty\u0159istametrov\u00fd okruh, sk\u00e1kali do d\u00e1lky \u010di h\u00e1zeli m\u00ed\u010dkem. Tradic\u00ed je i b\u011b\u017eeck\u00fd slalom voz\u00ed\u010dk\u00e1\u0159\u016f, letos jej po\u0159adatel\u00e9 je\u0161t\u011b zt\u00ed\u017eili t\u00edm, \u017ee \u0159idi\u010d voz\u00edku t\u00e1hl za sebou nav\u00edc pneumatiku. Na v\u0161echny \u010dekal je\u0161t\u011b doprovodn\u00fd program v podob\u011b mo\u017enosti vyzkou\u0161et si j\u00edzdu na motorce motokrosov\u00e9ho z\u00e1vodn\u00edka Ji\u0159\u00edho \u010cepel\u00e1ka, sk\u00e1kac\u00ed hrad, simul\u00e1tory veslov\u00e1n\u00ed, elektronickou st\u0159elnici a mnoho dal\u0161\u00edch hr\u00e1tek. Zpest\u0159en\u00edm byl nejen ji\u017e tradi\u010dn\u00ed o\u017eivl\u00fd maskot Kol\u00edna drak, ale i filmov\u00fd Shrek se \u017eenou Fionou. Poh\u00e1dkov\u00e1 postava vrhala koul\u00ed a na jej\u00ed v\u00fdkon bylo mo\u017en\u00e9 uzav\u00edrat s\u00e1zky.<\/p>\n\n\n\n<p>P\u0159esto\u017ee na z\u00e1v\u011br medaili dostali \u00fapln\u011b v\u0161ichni a ka\u017ed\u00fd t\u00fdm nav\u00edc m\u00ed\u010d, oce\u0148ovali se i jednotliv\u00e9 v\u00fdkony a ti nejlep\u0161\u00ed si vyzkou\u0161eli stupn\u011b v\u00edt\u011bz\u016f. \u0160edes\u00e1t metr\u016f nejrychleji zab\u011bhl kol\u00ednsk\u00fd Kamil \u010cerm\u00e1k, druh\u00fd byl \u0160t\u011bp\u00e1n Vy\u010d\u00edtal z Hradce Kr\u00e1lov\u00e9 a t\u0159et\u00ed Mat\u011bj Bliml z Mlad\u00e9 Boleslavi. M\u00ed\u010dek nejd\u00e1l hodil Patrik \u010cerve\u0148\u00e1k z Kol\u00edna p\u0159ed Ondrou Tomi z Hradce Kr\u00e1lov\u00e9 a Petrem Duchanem z Bylan, nejd\u00e1l sko\u010dil Dominik Chadraba z Mlad\u00e9 Boleslavi, st\u0159\u00edbrnou medaili si odnesl Adam Rozkovec z Trutnova a bronzovou Nikola Andrej z Hradce Kr\u00e1lov\u00e9. Z voz\u00ed\u010dk\u00e1\u0159\u016f byla nejrychlej\u0161\u00ed seniorka Al\u010da z kol\u00ednsk\u00fdch seniorsk\u00fdch Pohod\u00e1\u0159\u016f a i na dal\u0161\u00edch prvn\u00edch dvou m\u00edstech se um\u00edstili Kol\u00ed\u0148\u00e1ci. V na organizaci n\u00e1ro\u010dn\u00e9 akci pom\u00e1hali studenti kol\u00ednsk\u00fdch st\u0159edn\u00edch i z\u00e1kladn\u00edch \u0161kol.<\/p>\n\n\n\n<p>Zden\u011bk Hejduk<\/p>\n\n\n\n<p>Kol\u00ednsk\u00fd den\u00edk<\/p>\n\n\n\n<p><a href=\"https:\/\/kolinsky.denik.cz\" target=\"_blank\" rel=\"noreferrer noopener\">https:\/\/kolinsky.denik.cz<\/a><\/p>\n","protected":false},"excerpt":{"rendered":"<div class=\"mh-excerpt\"><p>Pracovn\u00edci Z\u0160, M\u0160 a P\u0160 Kol\u00edn v \u010dele Tom\u00e1\u0161em K\u0159ivou p\u0159ipravili ji\u017e jedenadvac\u00e1t\u00fd ro\u010dn\u00edk z\u00e1polen\u00ed \u017e\u00e1k\u016f a klient\u016f podobn\u00fdch za\u0159\u00edzen\u00ed nejen z kol\u00ednsk\u00e9ho regionu. Ve <a class=\"mh-excerpt-more\" href=\"https:\/\/www.invarena.cz\/?p=50182\" title=\"Hry pro radost nab\u00eddly sportovn\u00ed z\u00e1polen\u00ed pro \u010dty\u0159icet t\u00fdm\u016f hendikepovan\u00fdch\">[&#8230;]<\/a><\/p>\n<\/div>","protected":false},"author":1,"featured_media":6904,"comment_status":"open","ping_status":"closed","sticky":false,"template":"","format":"standard","meta":{"footnotes":""},"categories":[9],"tags":[],"class_list":["post-50182","post","type-post","status-publish","format-standard","has-post-thumbnail","hentry","category-zpravy"],"_links":{"self":[{"href":"https:\/\/www.invarena.cz\/index.php?rest_route=\/wp\/v2\/posts\/50182","targetHints":{"allow":["GET"]}}],"collection":[{"href":"https:\/\/www.invarena.cz\/index.php?rest_route=\/wp\/v2\/posts"}],"about":[{"href":"https:\/\/www.invarena.cz\/index.php?rest_route=\/wp\/v2\/types\/post"}],"author":[{"embeddable":true,"href":"https:\/\/www.invarena.cz\/index.php?rest_route=\/wp\/v2\/users\/1"}],"replies":[{"embeddable":true,"href":"https:\/\/www.invarena.cz\/index.php?rest_route=%2Fwp%2Fv2%2Fcomments&post=50182"}],"version-history":[{"count":0,"href":"https:\/\/www.invarena.cz\/index.php?rest_route=\/wp\/v2\/posts\/50182\/revisions"}],"wp:featuredmedia":[{"embeddable":true,"href":"https:\/\/www.invarena.cz\/index.php?rest_route=\/wp\/v2\/media\/6904"}],"wp:attachment":[{"href":"https:\/\/www.invarena.cz\/index.php?rest_route=%2Fwp%2Fv2%2Fmedia&parent=50182"}],"wp:term":[{"taxonomy":"category","embeddable":true,"href":"https:\/\/www.invarena.cz\/index.php?rest_route=%2Fwp%2Fv2%2Fcategories&post=50182"},{"taxonomy":"post_tag","embeddable":true,"href":"https:\/\/www.invarena.cz\/index.php?rest_route=%2Fwp%2Fv2%2Ftags&post=50182"}],"curies":[{"name":"wp","href":"https:\/\/api.w.org\/{rel}","templated":true}]}}