{"id":50185,"date":"2024-06-27T20:16:19","date_gmt":"2024-06-27T18:16:19","guid":{"rendered":"https:\/\/www.invarena.cz\/?p=50185"},"modified":"2024-06-28T06:17:14","modified_gmt":"2024-06-28T04:17:14","slug":"v-tele-23lete-katky-zije-8mesicni-dite-jeji-maminka-ji-musi-tahat-v-naruci","status":"publish","type":"post","link":"https:\/\/www.invarena.cz\/?p=50185","title":{"rendered":"V t\u011ble 23let\u00e9 Katky \u017eije 8m\u011bs\u00ed\u010dn\u00ed d\u00edt\u011b. Jej\u00ed maminka ji mus\u00ed tahat v\u00a0n\u00e1ru\u010d\u00ed"},"content":{"rendered":"\n<p>P\u00e1r m\u011bs\u00edc\u016f po porodu dcery Kate\u0159iny se Lence Kov\u00e1\u010dov\u00e9 z \u0160irok\u00e9ho Brodu na Jesenicku obr\u00e1til \u017eivot naruby. Hol\u010di\u010dce, kter\u00e1 se a\u017e do osm\u00e9ho m\u011bs\u00edce vyv\u00edjela \u201epodle tabulek \u201c, byla diagnostikov\u00e1na d\u011btsk\u00e1 mozkov\u00e1 obrna. Dnes ji\u017e 23let\u00e1 Ka\u010denka je t\u011b\u017ece pohybov\u011b posti\u017een\u00e1 a ment\u00e1ln\u011b z\u016fst\u00e1v\u00e1 na \u00farovni osmim\u011bs\u00ed\u010dn\u00edho d\u00edt\u011bte.<\/p>\n\n\n\n<p>Lenka Kov\u00e1\u010dov\u00e1 je maminkou doslova na pln\u00fd \u00favazek. Jej\u00ed t\u0159iadvacetilet\u00e1 dcera Kate\u0159ina je na n\u00ed toti\u017e pln\u011b z\u00e1visl\u00e1 a Lenka Kov\u00e1\u010dov\u00e1 tak mus\u00ed v\u0161echno pod\u0159izovat d\u00edv\u010din\u00fdm pot\u0159eb\u00e1m. Kdy\u017e bylo Katce osm m\u011bs\u00edc\u016f, l\u00e9ka\u0159i j\u00ed diagnostikovali d\u011btskou mozkovou obrnu. Ta d\u00edvce zp\u016fsobila t\u011b\u017ek\u00e9 fyzick\u00e9 posti\u017een\u00ed a ment\u00e1ln\u011b ji uv\u011bznila na \u00farovni nemluvn\u011bte.<\/p>\n\n\n\n<p>Neust\u00e1vaj\u00edc\u00ed nasazen\u00ed se projevuje i na fyzick\u00e9m a psychick\u00e9m stavu Kat\u010diny maminky Lenky Kov\u00e1\u010dov\u00e9. A\u010dkoli je velmi vy\u010derpan\u00e1, v\u00ed, \u017ee nem\u016f\u017ee polevit. Celou situaci nav\u00edc nezvl\u00e1dl man\u017eel Lenky Kov\u00e1\u010dov\u00e9 &#8211; rodinu opustil. \u017den\u011b tak s v\u00fdchovou posti\u017een\u00e9 dcery pom\u00e1h\u00e1 pouze jej\u00ed syn, Kat\u010din bratr.<\/p>\n\n\n\n<p>\u201eV\u00edm, \u017ee tohle je nem\u011bnn\u00fd stav. Bude to tak do konce jej\u00edho \u017eivota. J\u00e1 jsem si to obre\u010dela, vztekala jsem se, a po\u0159\u00e1d se ptala, pro\u010d zrovna my. To jsem ale musela prost\u011b vypustit, jestli jsem Katce cht\u011bla pomoct,\u201c \u0159\u00edk\u00e1 Lenka Kov\u00e1\u010dov\u00e1 v \u00favodu videa, kter\u00e9 p\u0159ipravila neziskov\u00e1 organizace Aliance pro individualizovanou podporu.<\/p>\n\n\n\n<p>T\u011b\u017ek\u00e9 posti\u017een\u00ed dcery a osam\u011blost<\/p>\n\n\n\n<p>Kv\u016fli pohybov\u00e9mu posti\u017een\u00ed a s n\u00edm souvisej\u00edc\u00ed absenci pohybu trp\u00ed Katka i vysok\u00fdm stup\u0148em skoli\u00f3zy. \u201ePozd\u011bji se u n\u00ed objevily i epileptick\u00e9 z\u00e1chvaty a denn\u011b je z\u00e1visl\u00e1 na l\u00e9c\u00edch. Bez nich se dost\u00e1v\u00e1 do stav\u016f ohro\u017euj\u00edc\u00edch jej\u00ed \u017eivot,\u201c vysv\u011btluje Lenka Kov\u00e1\u010dov\u00e1 ve sb\u00edrce na Donio, kterou pro dceru zalo\u017eila.<\/p>\n\n\n\n<p>Proto\u017ee mus\u00ed o dceru nep\u0159etr\u017eit\u011b pe\u010dovat, nem\u016f\u017ee Lenka Kov\u00e1\u010dov\u00e1 doch\u00e1zet do zam\u011bstn\u00e1n\u00ed. I kv\u016fli tomu se pr\u00fd \u010dasto c\u00edt\u00ed, jakoby na n\u011b cel\u00fd sv\u011bt zapomn\u011bl. \u201eN\u011bkdy na m\u011b ta samota prost\u011b dolehne,\u201c p\u0159izn\u00e1v\u00e1 \u017eena.<\/p>\n\n\n\n<p>Nevyhovuj\u00edc\u00ed \u017eivotn\u00ed podm\u00ednky<\/p>\n\n\n\n<p>P\u0159esto\u017ee m\u00e1 Katka u\u017e 23 let, v\u00e1\u017e\u00ed pouh\u00fdch 35 kilogram\u016f. I to je v\u0161ak pro Lenku Kov\u00e1\u010dovou, kter\u00e1 ji mus\u00ed neust\u00e1le nosit, rok od roku n\u00e1ro\u010dn\u011bj\u0161\u00ed.<\/p>\n\n\n\n<p>\u201eS Ka\u010denkou dlouhodob\u011b ob\u00fdv\u00e1me horn\u00ed patro domu, tak\u017ee jsem nucena ji nahoru vyn\u00e1\u0161et. To s sebou nese \u010d\u00edm d\u00e1l t\u00edm t\u011b\u017e\u0161\u00ed mo\u017enost manipulace. Tuto \u010d\u00e1st domu v\u0161ak nen\u00ed mo\u017en\u00e9 p\u0159ebudovat na bezbari\u00e9rovou,\u201c vysv\u011btluje Lenka Kov\u00e1\u010dov\u00e1, kter\u00e1 svou dceru v\u0161ude p\u0159en\u00e1\u0161\u00ed v n\u00e1ru\u010di.<\/p>\n\n\n\n<p>Dlouhodob\u00e9 p\u0159et\u011b\u017eov\u00e1n\u00ed se projevuje i na jej\u00edm vlastn\u00edm zdravotn\u00edm stavu. Lenka Kov\u00e1\u010dov\u00e1 trp\u00ed \u010dasto siln\u00fdmi bolestmi zad, kter\u00e9 ji u\u017e tak slo\u017eitou manipulaci s dcerou je\u0161t\u011b v\u00edce znesnad\u0148uj\u00ed.<\/p>\n\n\n\n<p>\u201eProbl\u00e9my m\u00e1me t\u0159eba i p\u0159i koup\u00e1n\u00ed. Koupelna je mal\u00e1, \u0161patn\u011b se mi tam s Ka\u010denkou manipuluje. Velmi r\u00e1di bychom \u017eili dole v p\u0159\u00edzem\u00ed, kde by bylo mo\u017en\u00e9 byt zrekonstruovat a upravit na bezbari\u00e9rov\u00fd. Bohu\u017eel \u017eijeme z invalidn\u00edho d\u016fchodu dcery a m\u00e9ho p\u0159\u00edsp\u011bvku na p\u00e9\u010di. Nen\u00ed v na\u0161ich sil\u00e1ch d\u016fm p\u0159estav\u011bt,\u201c pokra\u010duje Lenka Kov\u00e1\u010dov\u00e1.<\/p>\n\n\n\n<p>Bezbari\u00e9rov\u00e9 bydlen\u00ed na vlastn\u00ed p\u011bst<\/p>\n\n\n\n<p>Nedostatku financ\u00ed navzdory se ned\u00e1vno se synem rozhodli, \u017ee spodn\u00ed \u010d\u00e1st domu p\u0159ed\u011blaj\u00ed. Vlastn\u00ed iniciativou dostali p\u0159\u00edsp\u011bvek od st\u00e1tu. Ten u\u017e v\u0161ak vy\u010derpali a doln\u00ed patro st\u00e1le nen\u00ed obyvateln\u00e9. Bylo toti\u017e v katastrof\u00e1ln\u00edm stavu po t\u00e9, co ho zdemoloval b\u00fdval\u00fd obyvatel. Bohu\u017eel to byl \u010dlen rodiny, kter\u00fd d\u016fm z\u00e1rove\u0148 zadlu\u017eil. Lenka Kov\u00e1\u010dov\u00e1 si kv\u016fli tomu musela vz\u00edt v u\u017e tak t\u011b\u017ek\u00e9 finan\u010dn\u00ed situaci p\u016fj\u010dku, aby mohla d\u016fm vyplatit z exekuce.<\/p>\n\n\n\n<p>\u201eMo\u017enost \u010derp\u00e1n\u00ed finan\u010dn\u00ed podpory od st\u00e1tu jsme ji\u017e vyu\u017eili, ale na dokon\u010den\u00ed rekonstrukce nedosta\u010duj\u00edc\u00ed. Padly na ni u\u017e i v\u0161echny na\u0161e spole\u010dn\u00e9 \u00faspory. Proto jsem se rozhodla po\u017e\u00e1dat o pomoc touto cestou,\u201c vysv\u011btluje \u017eena d\u016fvody, pro\u010d se rozhodla zalo\u017eit sb\u00edrku na platform\u011b Donio.<\/p>\n\n\n\n<p>Pot\u0159ebn\u00fdch 160 tis\u00edc<\/p>\n\n\n\n<p>Celkov\u00e1 cena za rekonstrukci je vy\u010d\u00edslena stavebn\u00ed firmou zhruba na 300 000 korun plus v\u00edce pr\u00e1ce. V \u010d\u00e1stce jsou zahrnuty p\u0159edev\u0161\u00edm povrchov\u00e9 \u00fapravy podlah se speci\u00e1ln\u00ed protiskluzovou vrstvou a \u00fapravy venkovn\u00edho vstupu a p\u0159\u00edstupov\u00e9 chodby.<\/p>\n\n\n\n<p>\u201eKa\u010denka je pro m\u011b v\u0161\u00edm. P\u0159\u00e1la bych si b\u00fdt schopn\u00e1 zajistit j\u00ed plnohodnotn\u00fd \u017eivot, kter\u00fd nen\u00ed limitovan\u00fd setrv\u00e1n\u00edm v nevyhovuj\u00edc\u00edm bydlen\u00ed,\u201c ze srdce si p\u0159eje Lenka Kov\u00e1\u010dov\u00e1. Z\u00e1rove\u0148 d\u011bkuje v\u0161em d\u00e1rc\u016fm, kte\u0159\u00ed u\u017e sb\u00edrku podpo\u0159ili \u010di se ji podpo\u0159it chystaj\u00ed.<\/p>\n\n\n\n<p>Do sb\u00edrky na webu Donio (<a href=\"https:\/\/donio.cz\/dustojne-bydleni-pro-kacenku-s-maminkou\" target=\"_blank\" rel=\"noreferrer noopener\">https:\/\/donio.cz\/dustojne-bydleni-pro-kacenku-s-maminkou<\/a>) je mo\u017en\u00e9 p\u0159isp\u011bt do poloviny \u010dervence. Na pot\u0159ebnou rekonstrukci by lenka Kov\u00e1\u010dov\u00e1 pot\u0159ebovala vybrat je\u0161t\u011b zhruba 160 000 korun.<\/p>\n\n\n\n<p>Kate\u0159ina N\u011bmcov\u00e1<\/p>\n\n\n\n<p>Chebsk\u00fd den\u00edk<\/p>\n\n\n\n<p><a href=\"https:\/\/chebsky.denik.cz\" target=\"_blank\" rel=\"noreferrer noopener\">https:\/\/chebsky.denik.cz<\/a><\/p>\n","protected":false},"excerpt":{"rendered":"<div class=\"mh-excerpt\"><p>P\u00e1r m\u011bs\u00edc\u016f po porodu dcery Kate\u0159iny se Lence Kov\u00e1\u010dov\u00e9 z \u0160irok\u00e9ho Brodu na Jesenicku obr\u00e1til \u017eivot naruby. Hol\u010di\u010dce, kter\u00e1 se a\u017e do osm\u00e9ho m\u011bs\u00edce vyv\u00edjela <a class=\"mh-excerpt-more\" href=\"https:\/\/www.invarena.cz\/?p=50185\" title=\"V t\u011ble 23let\u00e9 Katky \u017eije 8m\u011bs\u00ed\u010dn\u00ed d\u00edt\u011b. Jej\u00ed maminka ji mus\u00ed tahat v\u00a0n\u00e1ru\u010d\u00ed\">[&#8230;]<\/a><\/p>\n<\/div>","protected":false},"author":1,"featured_media":16282,"comment_status":"open","ping_status":"closed","sticky":false,"template":"","format":"standard","meta":{"footnotes":""},"categories":[9],"tags":[],"class_list":["post-50185","post","type-post","status-publish","format-standard","has-post-thumbnail","hentry","category-zpravy"],"_links":{"self":[{"href":"https:\/\/www.invarena.cz\/index.php?rest_route=\/wp\/v2\/posts\/50185","targetHints":{"allow":["GET"]}}],"collection":[{"href":"https:\/\/www.invarena.cz\/index.php?rest_route=\/wp\/v2\/posts"}],"about":[{"href":"https:\/\/www.invarena.cz\/index.php?rest_route=\/wp\/v2\/types\/post"}],"author":[{"embeddable":true,"href":"https:\/\/www.invarena.cz\/index.php?rest_route=\/wp\/v2\/users\/1"}],"replies":[{"embeddable":true,"href":"https:\/\/www.invarena.cz\/index.php?rest_route=%2Fwp%2Fv2%2Fcomments&post=50185"}],"version-history":[{"count":0,"href":"https:\/\/www.invarena.cz\/index.php?rest_route=\/wp\/v2\/posts\/50185\/revisions"}],"wp:featuredmedia":[{"embeddable":true,"href":"https:\/\/www.invarena.cz\/index.php?rest_route=\/wp\/v2\/media\/16282"}],"wp:attachment":[{"href":"https:\/\/www.invarena.cz\/index.php?rest_route=%2Fwp%2Fv2%2Fmedia&parent=50185"}],"wp:term":[{"taxonomy":"category","embeddable":true,"href":"https:\/\/www.invarena.cz\/index.php?rest_route=%2Fwp%2Fv2%2Fcategories&post=50185"},{"taxonomy":"post_tag","embeddable":true,"href":"https:\/\/www.invarena.cz\/index.php?rest_route=%2Fwp%2Fv2%2Ftags&post=50185"}],"curies":[{"name":"wp","href":"https:\/\/api.w.org\/{rel}","templated":true}]}}