{"id":50188,"date":"2024-06-27T20:21:43","date_gmt":"2024-06-27T18:21:43","guid":{"rendered":"https:\/\/www.invarena.cz\/?p=50188"},"modified":"2024-06-27T20:21:44","modified_gmt":"2024-06-27T18:21:44","slug":"den-prevence-ve-stredni-skole-husova-9-studenty-zajimaly-detaily","status":"publish","type":"post","link":"https:\/\/www.invarena.cz\/?p=50188","title":{"rendered":"Den prevence ve St\u0159edn\u00ed \u0161kole Husova 9. Studenty zaj\u00edmaly detaily"},"content":{"rendered":"\n<p>St\u0159edn\u00ed \u0161kola obchodn\u00ed, Husova 9 v \u010cesk\u00fdch Bud\u011bjovic\u00edch uspo\u0159\u00e1dala Den prevence, na kter\u00e9m se studenti setkali s odborn\u00edky z r\u016fzn\u00fdch odv\u011btv\u00ed. Ji\u0159\u00ed Sm\u00e9kal, vedouc\u00ed 1. Centra zdravotn\u011b posti\u017een\u00fdch Jiho\u010desk\u00e9ho kraje, sd\u00edlel sv\u00e9 zku\u0161enosti se sportem handicapovan\u00fdch a inspiroval studenty p\u0159\u00edb\u011bhy \u00fasp\u011b\u0161n\u00fdch sportovc\u016f.<\/p>\n\n\n\n<p>St\u0159edn\u00ed \u0161kola obchodn\u00ed, \u010cesk\u00e9 Bud\u011bjovice, Husova 9 velmi aktivn\u011b zorganizovala Den prevence. Mezi studenty dorazili odborn\u00edci z n\u011bkolika odv\u011btv\u00ed. Vedouc\u00ed 1. Centra zdravotn\u011b posti\u017een\u00fdch Jiho\u010desk\u00e9ho kraje Ji\u0159\u00ed Sm\u00e9kal vypr\u00e1v\u011bl o sv\u00fdch zku\u0161enostech se sportem handicapovan\u00fdch. Ve sv\u00e9 \u00fasp\u011b\u0161n\u00e9 kari\u00e9\u0159e vybojoval medaili na mistrovstv\u00ed \u010cSSR v \u0159ecko\u0159\u00edmsk\u00e9m z\u00e1pase. Po p\u0159esunu do \u010cesk\u00fdch Bud\u011bjovic pomohl stovk\u00e1m sportovc\u016fm s handicapem. &#8222;Sportuj\u00ed u n\u00e1s v bezbari\u00e9rov\u00e9 hale, prostor je i pro zdrav\u00e9 sportovce, k n\u00e1m m\u016f\u017ee p\u0159ij\u00edt kdokoli,&#8220; vypr\u00e1v\u011bl o modern\u00edm sportovi\u0161ti v \u010cesk\u00fdch Bud\u011bjovic\u00edch.<\/p>\n\n\n\n<p>Studenty zaj\u00edmal \u017eivot sportovc\u016f, kte\u0159\u00ed nem\u011bli v \u017eivot\u011b tolik \u0161t\u011bst\u00ed. Sm\u00e9kal popisoval vte\u0159iny, kter\u00e9 pozd\u011bj\u0161\u00edm reprezentant\u016fm zm\u011bnily \u017eivot. &#8222;Sta\u010d\u00ed chvili\u010dka a v\u0161echno je jinak.&#8220;<\/p>\n\n\n\n<p>Ji\u0159\u00ed Sm\u00e9kal student\u016fm presti\u017en\u00ed \u010deskobud\u011bjovick\u00e9 st\u0159edn\u00ed \u0161koly popisoval p\u0159\u00edb\u011bh st\u0159elce Ji\u0159\u00edho N\u011bmce. &#8222;Po \u00farazu, kdy ho zachytil vlak, z\u016fstal na voz\u00edku. M\u00e1 jednu kon\u010detinu. Vybrali jsme pro n\u011bj st\u0159elbu. \u00da\u010dast na paralympijsk\u00fdch hr\u00e1ch v Pa\u0159\u00ed\u017ei mu utekla jen t\u011bsn\u011b, p\u0159esto\u017ee v\u00fdkonnost\u00ed by na n\u011b pat\u0159il. Tr\u00e9nuje sv\u011bdomit\u011b, p\u0159iprav\u00edme ho na dal\u0161\u00ed paralympi\u00e1du.&#8220;<\/p>\n\n\n\n<p>Studenti si prohl\u00e9dli i speci\u00e1ln\u00ed pom\u016fcky, se kter\u00fdm sportuj\u00ed slep\u00ed nebo slabozrac\u00ed.<\/p>\n\n\n\n<p>Kamil J\u00e1\u0161a<\/p>\n\n\n\n<p>\u010ceskobud\u011bjovick\u00fd den\u00edk<\/p>\n\n\n\n<p><a href=\"https:\/\/ceskobudejovicky.denik.cz\" target=\"_blank\" rel=\"noreferrer noopener\">https:\/\/ceskobudejovicky.denik.cz<\/a><\/p>\n","protected":false},"excerpt":{"rendered":"<div class=\"mh-excerpt\"><p>St\u0159edn\u00ed \u0161kola obchodn\u00ed, Husova 9 v \u010cesk\u00fdch Bud\u011bjovic\u00edch uspo\u0159\u00e1dala Den prevence, na kter\u00e9m se studenti setkali s odborn\u00edky z r\u016fzn\u00fdch odv\u011btv\u00ed. Ji\u0159\u00ed Sm\u00e9kal, vedouc\u00ed 1. <a class=\"mh-excerpt-more\" href=\"https:\/\/www.invarena.cz\/?p=50188\" title=\"Den prevence ve St\u0159edn\u00ed \u0161kole Husova 9. Studenty zaj\u00edmaly detaily\">[&#8230;]<\/a><\/p>\n<\/div>","protected":false},"author":1,"featured_media":1804,"comment_status":"open","ping_status":"closed","sticky":false,"template":"","format":"standard","meta":{"footnotes":""},"categories":[9],"tags":[],"class_list":["post-50188","post","type-post","status-publish","format-standard","has-post-thumbnail","hentry","category-zpravy"],"_links":{"self":[{"href":"https:\/\/www.invarena.cz\/index.php?rest_route=\/wp\/v2\/posts\/50188","targetHints":{"allow":["GET"]}}],"collection":[{"href":"https:\/\/www.invarena.cz\/index.php?rest_route=\/wp\/v2\/posts"}],"about":[{"href":"https:\/\/www.invarena.cz\/index.php?rest_route=\/wp\/v2\/types\/post"}],"author":[{"embeddable":true,"href":"https:\/\/www.invarena.cz\/index.php?rest_route=\/wp\/v2\/users\/1"}],"replies":[{"embeddable":true,"href":"https:\/\/www.invarena.cz\/index.php?rest_route=%2Fwp%2Fv2%2Fcomments&post=50188"}],"version-history":[{"count":0,"href":"https:\/\/www.invarena.cz\/index.php?rest_route=\/wp\/v2\/posts\/50188\/revisions"}],"wp:featuredmedia":[{"embeddable":true,"href":"https:\/\/www.invarena.cz\/index.php?rest_route=\/wp\/v2\/media\/1804"}],"wp:attachment":[{"href":"https:\/\/www.invarena.cz\/index.php?rest_route=%2Fwp%2Fv2%2Fmedia&parent=50188"}],"wp:term":[{"taxonomy":"category","embeddable":true,"href":"https:\/\/www.invarena.cz\/index.php?rest_route=%2Fwp%2Fv2%2Fcategories&post=50188"},{"taxonomy":"post_tag","embeddable":true,"href":"https:\/\/www.invarena.cz\/index.php?rest_route=%2Fwp%2Fv2%2Ftags&post=50188"}],"curies":[{"name":"wp","href":"https:\/\/api.w.org\/{rel}","templated":true}]}}