{"id":50194,"date":"2024-06-27T21:57:55","date_gmt":"2024-06-27T19:57:55","guid":{"rendered":"https:\/\/www.invarena.cz\/?p=50194"},"modified":"2024-06-27T21:57:56","modified_gmt":"2024-06-27T19:57:56","slug":"zpivajici-ruce-ostrava-se-chysta-na-unikatni-koncert-sluchove-postizenych-deti","status":"publish","type":"post","link":"https:\/\/www.invarena.cz\/?p=50194","title":{"rendered":"Zp\u00edvaj\u00edc\u00ed ruce. Ostrava se chyst\u00e1 na unik\u00e1tn\u00ed koncert sluchov\u011b posti\u017een\u00fdch d\u011bt\u00ed"},"content":{"rendered":"\n<p>Hodn\u011b nezvykl\u00fd benefi\u010dn\u00ed koncert nazvan\u00fd Ruce, kter\u00e9 zp\u00edvaj\u00ed, se chyst\u00e1 v budov\u011b kina Vesm\u00edr v Ostrav\u011b. Ve spolupr\u00e1ci s Jan\u00e1\u010dkovou filharmoni\u00ed se na p\u00f3diu p\u0159edstav\u00ed d\u011bti se sluchov\u00fdm posti\u017een\u00edm. Koncertu se z\u00fa\u010dastn\u00ed formou tich\u00e9ho zp\u00edv\u00e1n\u00ed ve znakov\u00e9 \u0159e\u010di. Doprovod\u00ed zp\u011bv\u00e1ka, jeho\u017e jm\u00e9no zat\u00edm organiz\u00e1to\u0159i neprozradili. Vylou\u010deno dokonce nen\u00ed ani to, \u017ee interpret\u016f bude v\u00edce.<\/p>\n\n\n\n<p>Pomoc d\u011btem<\/p>\n\n\n\n<p>S n\u00e1padem na vystoupen\u00ed p\u0159i\u0161el dev\u011bta\u010dty\u0159icetilet\u00fd Martin N\u00e9meth z Ostravy. \u201eU\u017e n\u011bkolik let p\u0159em\u00fd\u0161l\u00edm, jak bych mohl pomoci. Byl jsem si jist\u00fd, \u017ee akce m\u00e1 b\u00fdt ur\u010dena d\u011btem. Ony sv\u016fj osud nemohou ovlivnit, tak jak by t\u0159eba cht\u011bly. Proto jsem cht\u011bl pomoci pr\u00e1v\u011b jim. Sledoval jsem r\u016fzn\u00e9 organizace a dobro\u010dinn\u00e9 akce, ale v\u017edy tam bylo n\u011bco, co mi nevyhovovalo. Nakonec jsem se inspiroval v zahrani\u010d\u00ed, konkr\u00e9tn\u011b v Polsku, kde se ka\u017edoro\u010dn\u011b kon\u00e1 velk\u00fd charitativn\u00ed koncert, jeho\u017e v\u00fdt\u011b\u017eek jde d\u011btem. Proto jsem zvolil koncert,\u201c vzpomn\u011bl Martin N\u00e9meth, kter\u00fd m\u00e1 jist\u00e9 zku\u0161enosti s po\u0159\u00e1d\u00e1n\u00edm rockov\u00fdch akc\u00ed.<\/p>\n\n\n\n<p>Jan\u00e1\u010dkova filharmonie<\/p>\n\n\n\n<p>Kdy\u017e zva\u017eoval formu vystoupen\u00ed, napadlo ho spojit sluchov\u011b posti\u017een\u00e9 d\u011bti a symfonick\u00fd orchestr. Konkr\u00e9tn\u011b Jan\u00e1\u010dkovu filharmonii Ostrava (JFO) a specializovanou \u0161kolu z Ostravy-Poruby. V\u011bd\u011bl, \u017ee se JFO z\u00fa\u010dastnila \u0159ady zaj\u00edmav\u00fdch projekt\u016f. A tak to zkusil\u2026 \u201eOslovil jsem Jan\u00e1\u010dkovu filharmonii Ostrava, zda by nem\u011bla z\u00e1jem o benefi\u010dn\u00ed koncert. Vysv\u011btlil jsem jim, o co jde. Byli nad\u0161eni, hned souhlasili,\u201c vyl\u00ed\u010dil Martin N\u00e9meth.<\/p>\n\n\n\n<p>\u0158editele JFO Jana \u017demlu projekt zaujal. \u201ePokud m\u016f\u017eeme s Jan\u00e1\u010dkovou filharmoni\u00ed Ostrava podpo\u0159it jakoukoli opravdu prosp\u011b\u0161nou \u010dinnost, nev\u00e1h\u00e1me, pokud n\u00e1m to na\u0161e mo\u017enosti dovol\u00ed. Tento projekt m\u011b od po\u010d\u00e1tku zaujal. Paradox toho, \u017ee symfonick\u00fd orchestr, kter\u00fd \u201eprodukuje\u201c zvuk, uspo\u0159\u00e1d\u00e1 akci pro nesly\u0161\u00edc\u00ed, se stal hned od za\u010d\u00e1tku v\u00fdzvou,\u201c \u0159ekl Jan \u017demla.<\/p>\n\n\n\n<p>Nada\u010dn\u00ed fond Paragraf<\/p>\n\n\n\n<p>Martin N\u00e9meth v\u0161ak p\u0159i organizov\u00e1n\u00ed za\u010dal nar\u00e1\u017eet na \u00fa\u0159edn\u00ed mantinely t\u00fdkaj\u00edc\u00ed se po\u0159\u00e1d\u00e1n\u00ed benefi\u010dn\u00edch projekt\u016f, zakl\u00e1d\u00e1n\u00ed transparentn\u00edch \u00fa\u010dt\u016f a podobn\u011b.<\/p>\n\n\n\n<p>\u201eNa\u0161t\u011bst\u00ed jsem dostal od sestry kontakt na Nada\u010dn\u00ed fond Paragraf, jeho\u017e zakladatelem je ostravsk\u00fd advok\u00e1t Petr Kausta. S n\u00edm a dal\u0161\u00edmi jeho spolupracovn\u00edky jsme vytvo\u0159ili t\u00fdm. Vede n\u00e1s jako mentor, pom\u00e1h\u00e1 v\u0161emu d\u00e1t tu spr\u00e1vnou formu. Z\u0159\u00eddili jsme transparentn\u00ed \u00fa\u010det, na port\u00e1lu Darujme.cz m\u00e1me registrovan\u00fd projekt t\u00e9to kr\u00e1sn\u00e9 akce,\u201c doplnil Martin N\u00e9meth, kter\u00fd ocenil podporu nada\u010dn\u00edho fondu a v\u0161ech, kte\u0159\u00ed se v projektu anga\u017euj\u00ed.<\/p>\n\n\n\n<p>\u201eTen n\u00e1pad se n\u00e1m od sam\u00e9ho za\u010d\u00e1tku l\u00edbil. My\u0161lenka pomoci t\u00edmto origin\u00e1ln\u00edm zp\u016fsobem d\u011btem, kter\u00e9 to pot\u0159ebuj\u00ed, je skv\u011bl\u00e1. R\u00e1di jsme se zapojili a v r\u00e1mci sv\u00fdch mo\u017enost\u00ed pomohli. V\u011b\u0159\u00edm, \u017ee lid\u00e9 projekt podpo\u0159\u00ed a poda\u0159\u00ed se vybrat co nejv\u00edce pen\u011bz,\u201c uvedl p\u0159edseda spr\u00e1vn\u00ed rady Nada\u010dn\u00edho fondu Paragraf Petr Kausta.<\/p>\n\n\n\n<p>D\u011bti se t\u011b\u0161\u00ed<\/p>\n\n\n\n<p>S Jan\u00e1\u010dkovou filharmoni\u00ed Ostrava by m\u011blo vystoupit 25 a\u017e 30 d\u011bt\u00ed ze Z\u00e1kladn\u00ed \u0161koly a Mate\u0159sk\u00e9 \u0161koly pro sluchov\u011b posti\u017een\u00e9 a vady \u0159e\u010di z Ostravy-Poruby. \u0158editele \u0161koly Bohumila Va\u0148ka projekt p\u0159\u00edjemn\u011b p\u0159ekvapil. \u201eNeb\u00fdv\u00e1 pravidlem, \u017ee n\u011bkdo p\u0159ijde a chce n\u00e1m jako \u0161kole pomoci. Zp\u016fsob, jak\u00fdm n\u00e1m cht\u011bj\u00ed pomoci, je \u00fa\u017easn\u00fd. Jsme r\u00e1di, \u017ee m\u016f\u017eeme prezentovat tich\u00e9 zp\u00edv\u00e1n\u00ed a na\u0161i \u0161kolu,\u201c uvedl Bohumil Van\u011bk.<\/p>\n\n\n\n<p>Pen\u00edze pomohou nejen d\u011btem ze specializovan\u00e9 \u0161koly v Ostrav\u011b-Porub\u011b, ale tak\u00e9 mal\u00fdm pacient\u016fm z d\u011btsk\u00e9ho odd\u011blen\u00ed M\u011bstsk\u00e9 nemocnice Ostrava, kde Martin N\u00e9meth p\u0159ed l\u00e9ty p\u016fsobil. \u201ePen\u00edze p\u016fjdou na n\u00e1kup interaktivn\u00edch tabul\u00ed, projektor\u016f a podobn\u011b. Zkr\u00e1tka do vybaven\u00ed \u0161koly a d\u011btsk\u00e9ho odd\u011blen\u00ed nemocnice,\u201c uzav\u0159el Martin N\u00e9meth. Co se t\u00fdk\u00e1 zp\u011bv\u00e1ka, kter\u00fd vystoup\u00ed s d\u011btmi a Jan\u00e1\u010dkovou filharmoni\u00ed, v sou\u010dasn\u00e9 dob\u011b prob\u00edhaj\u00ed fin\u00e1ln\u00ed jedn\u00e1n\u00ed.<\/p>\n\n\n\n<p>K t\u00e9matu<\/p>\n\n\n\n<p>Benefi\u010dn\u00ed koncert se uskute\u010dn\u00ed 4. \u0159\u00edjna v 19 hodin v budov\u011b kina Vesm\u00edr v Zahradn\u00ed ulici 1741 v Ostrav\u011b. Z ka\u017ed\u00e9 vstupenky p\u016fjde stokoruna d\u011btem. L\u00edstky se ji\u017e nyn\u00ed daj\u00ed zakoupit na str\u00e1nk\u00e1ch www.rucekterezpivaji.cz. Je zde i \u010d\u00edslo transparentn\u00edho \u00fa\u010dtu, na kter\u00fd lze p\u0159isp\u011bt libovolnou \u010d\u00e1stkou. Pen\u00edze je mo\u017en\u00e9 zaslat i p\u0159es QR k\u00f3d nebo prost\u0159ednictv\u00edm port\u00e1lu Darujme.cz.<\/p>\n\n\n\n<p>Jaroslav Perdoch<\/p>\n\n\n\n<p>Moravskoslezsk\u00fd den\u00edk<\/p>\n\n\n\n<p><a href=\"https:\/\/moravskoslezsky.denik.cz\" target=\"_blank\" rel=\"noreferrer noopener\">https:\/\/moravskoslezsky.denik.cz<\/a><\/p>\n","protected":false},"excerpt":{"rendered":"<div class=\"mh-excerpt\"><p>Hodn\u011b nezvykl\u00fd benefi\u010dn\u00ed koncert nazvan\u00fd Ruce, kter\u00e9 zp\u00edvaj\u00ed, se chyst\u00e1 v budov\u011b kina Vesm\u00edr v Ostrav\u011b. Ve spolupr\u00e1ci s Jan\u00e1\u010dkovou filharmoni\u00ed se na p\u00f3diu p\u0159edstav\u00ed <a class=\"mh-excerpt-more\" href=\"https:\/\/www.invarena.cz\/?p=50194\" title=\"Zp\u00edvaj\u00edc\u00ed ruce. Ostrava se chyst\u00e1 na unik\u00e1tn\u00ed koncert sluchov\u011b posti\u017een\u00fdch d\u011bt\u00ed\">[&#8230;]<\/a><\/p>\n<\/div>","protected":false},"author":1,"featured_media":18796,"comment_status":"open","ping_status":"closed","sticky":false,"template":"","format":"standard","meta":{"footnotes":""},"categories":[9],"tags":[],"class_list":["post-50194","post","type-post","status-publish","format-standard","has-post-thumbnail","hentry","category-zpravy"],"_links":{"self":[{"href":"https:\/\/www.invarena.cz\/index.php?rest_route=\/wp\/v2\/posts\/50194","targetHints":{"allow":["GET"]}}],"collection":[{"href":"https:\/\/www.invarena.cz\/index.php?rest_route=\/wp\/v2\/posts"}],"about":[{"href":"https:\/\/www.invarena.cz\/index.php?rest_route=\/wp\/v2\/types\/post"}],"author":[{"embeddable":true,"href":"https:\/\/www.invarena.cz\/index.php?rest_route=\/wp\/v2\/users\/1"}],"replies":[{"embeddable":true,"href":"https:\/\/www.invarena.cz\/index.php?rest_route=%2Fwp%2Fv2%2Fcomments&post=50194"}],"version-history":[{"count":0,"href":"https:\/\/www.invarena.cz\/index.php?rest_route=\/wp\/v2\/posts\/50194\/revisions"}],"wp:featuredmedia":[{"embeddable":true,"href":"https:\/\/www.invarena.cz\/index.php?rest_route=\/wp\/v2\/media\/18796"}],"wp:attachment":[{"href":"https:\/\/www.invarena.cz\/index.php?rest_route=%2Fwp%2Fv2%2Fmedia&parent=50194"}],"wp:term":[{"taxonomy":"category","embeddable":true,"href":"https:\/\/www.invarena.cz\/index.php?rest_route=%2Fwp%2Fv2%2Fcategories&post=50194"},{"taxonomy":"post_tag","embeddable":true,"href":"https:\/\/www.invarena.cz\/index.php?rest_route=%2Fwp%2Fv2%2Ftags&post=50194"}],"curies":[{"name":"wp","href":"https:\/\/api.w.org\/{rel}","templated":true}]}}