{"id":50197,"date":"2024-06-27T22:02:48","date_gmt":"2024-06-27T20:02:48","guid":{"rendered":"https:\/\/www.invarena.cz\/?p=50197"},"modified":"2024-06-28T06:00:07","modified_gmt":"2024-06-28T04:00:07","slug":"take-my-mame-talent-zdravotne-postizeni-predvedou-sve-umeni","status":"publish","type":"post","link":"https:\/\/www.invarena.cz\/?p=50197","title":{"rendered":"Tak\u00e9 my m\u00e1me talent! Zdravotn\u011b posti\u017een\u00ed p\u0159edvedou sv\u00e9 um\u011bn\u00ed"},"content":{"rendered":"\n<p>Projekt &#8222;Tak\u00e9 my m\u00e1me talent&#8220; p\u0159in\u00e1\u0161\u00ed \u010dty\u0159i tematick\u00e1 setk\u00e1n\u00ed pro osoby se zdravotn\u00edm posti\u017een\u00edm v \u00dasteck\u00e9m kraji. \u00da\u010dastn\u00edci z domov\u016f a stacion\u00e1\u0159\u016f se zapoj\u00ed do aktivit ve v\u00fdtvarn\u00e9 \u010dinnosti, sportu, zp\u011bvu a tvo\u0159ivosti. Akci podporuje Program podpory rozvoje aktivit pro seniory a osoby se zdravotn\u00edm posti\u017een\u00edm \u00dasteck\u00e9ho kraje.<\/p>\n\n\n\n<p>V r\u00e1mci realizace uspo\u0159\u00e1d\u00e1me \u010dty\u0159i tematicky lad\u011bn\u00e1 setk\u00e1n\u00ed ve stylu genera\u010dn\u011b obl\u00edben\u00fdch talentov\u00fdch sout\u011b\u017e\u00ed pro osoby se zdravotn\u00edm posti\u017een\u00edm, kter\u00e9 jsou klienty slu\u017eeb domov\u016f \u010di denn\u00edch stacion\u00e1\u0159\u016f. Jedn\u00e1 se o 4 z\u00e1jmov\u00e9 oblasti \u2013 v\u00fdtvarnou \u010dinnost, sport, zp\u011bv a tvo\u0159ivou \u010dinnost.<\/p>\n\n\n\n<p>Ka\u017ed\u00e9 jednotliv\u00e9 akce se z\u00fa\u010dastn\u00ed klienti z domova\/stacion\u00e1\u0159e pro osoby se zdravotn\u00edm posti\u017een\u00edm z Chomutova, Vejprt, Kov\u00e1\u0159sk\u00e9, Litv\u00ednova, Kadan\u011b a H\u00e1je u Duchcova. V\u0161echna za\u0159\u00edzen\u00ed provozuj\u00ed svou \u010dinnost na \u00fazem\u00ed \u00dasteck\u00e9ho kraje a dlouhodob\u011b spolupracuj\u00ed na velmi vysok\u00e9 \u00farovni, v pr\u016fb\u011bhu roku se vz\u00e1jemn\u011b \u00fa\u010dastn\u00ed po\u0159\u00e1dan\u00fdch akc\u00ed. Partnerem projektu je M\u011bstsk\u00e9 gymn\u00e1zium Jirkov.<\/p>\n\n\n\n<p>Ve st\u0159edu 22. kv\u011btna 2024 ztv\u00e1rnili z\u00e1stupci z Chomutova, Vejprt, Nov\u00e9 Vsi v Hor\u00e1ch, Kadan\u011b a Litv\u00ednova t\u00e9ma \u201eChu\u0165 na tal\u00ed\u0159i\u201c. Ve spole\u010densk\u00e9 m\u00edstnosti Domova pro seniory P\u00edse\u010dn\u00e1 \u00fa\u010dastn\u00edk\u016fm v\u00fdtvarn\u00e9ho setk\u00e1n\u00ed skv\u011ble sekundovali studenti druh\u00e9ho ro\u010dn\u00edku jirkovsk\u00e9ho gymn\u00e1zia.<\/p>\n\n\n\n<p>Proto\u017ee je pr\u00e1ce s c\u00edlovou skupinou velice nadchla, dorazila stejn\u00e1 \u201eparta\u201c student\u016f tak\u00e9 na druh\u00e9 tematick\u00e9 setk\u00e1n\u00ed v \u00fater\u00fd 18. \u010dervna 2024. Po\u010das\u00ed n\u00e1m p\u0159\u00e1lo, a tak se t\u00e9ma \u201eSportujeme na zahrad\u011b\u201c, nemuselo p\u0159esouvat do vnit\u0159n\u00edch prostor. Na celkem 10 discipl\u00edn\u00e1ch si zasportovalo na 40 klient\u016f se sv\u00fdm doprovodem.<\/p>\n\n\n\n<p>Za ka\u017edou absolvovanou discipl\u00ednu obdr\u017eeli raz\u00edtko do sv\u00e9 karti\u010dky. V\u0161ichni byli z discipl\u00edn nad\u0161en\u00ed, a tak si je vyzkou\u0161eli opakovan\u011b. Do\u0161lo tak\u00e9 na spole\u010dn\u00e9 posezen\u00ed s ob\u010derstven\u00edm, ke kter\u00e9mu se hr\u00e1ly obl\u00edben\u00e9 p\u00edsni\u010dky.<\/p>\n\n\n\n<p>Centrum pro osoby se zdravotn\u00edm posti\u017een\u00edm P\u00edse\u010dn\u00e1<\/p>\n\n\n\n<p>Chomutovsk\u00fd den\u00edk<\/p>\n\n\n\n<p><a href=\"https:\/\/chomutovsky.denik.cz\" target=\"_blank\" rel=\"noreferrer noopener\">https:\/\/chomutovsky.denik.cz<\/a><\/p>\n","protected":false},"excerpt":{"rendered":"<div class=\"mh-excerpt\"><p>Projekt &#8222;Tak\u00e9 my m\u00e1me talent&#8220; p\u0159in\u00e1\u0161\u00ed \u010dty\u0159i tematick\u00e1 setk\u00e1n\u00ed pro osoby se zdravotn\u00edm posti\u017een\u00edm v \u00dasteck\u00e9m kraji. \u00da\u010dastn\u00edci z domov\u016f a stacion\u00e1\u0159\u016f se zapoj\u00ed do <a class=\"mh-excerpt-more\" href=\"https:\/\/www.invarena.cz\/?p=50197\" title=\"Tak\u00e9 my m\u00e1me talent! Zdravotn\u011b posti\u017een\u00ed p\u0159edvedou sv\u00e9 um\u011bn\u00ed\">[&#8230;]<\/a><\/p>\n<\/div>","protected":false},"author":1,"featured_media":8202,"comment_status":"open","ping_status":"closed","sticky":false,"template":"","format":"standard","meta":{"footnotes":""},"categories":[9],"tags":[],"class_list":["post-50197","post","type-post","status-publish","format-standard","has-post-thumbnail","hentry","category-zpravy"],"_links":{"self":[{"href":"https:\/\/www.invarena.cz\/index.php?rest_route=\/wp\/v2\/posts\/50197","targetHints":{"allow":["GET"]}}],"collection":[{"href":"https:\/\/www.invarena.cz\/index.php?rest_route=\/wp\/v2\/posts"}],"about":[{"href":"https:\/\/www.invarena.cz\/index.php?rest_route=\/wp\/v2\/types\/post"}],"author":[{"embeddable":true,"href":"https:\/\/www.invarena.cz\/index.php?rest_route=\/wp\/v2\/users\/1"}],"replies":[{"embeddable":true,"href":"https:\/\/www.invarena.cz\/index.php?rest_route=%2Fwp%2Fv2%2Fcomments&post=50197"}],"version-history":[{"count":0,"href":"https:\/\/www.invarena.cz\/index.php?rest_route=\/wp\/v2\/posts\/50197\/revisions"}],"wp:featuredmedia":[{"embeddable":true,"href":"https:\/\/www.invarena.cz\/index.php?rest_route=\/wp\/v2\/media\/8202"}],"wp:attachment":[{"href":"https:\/\/www.invarena.cz\/index.php?rest_route=%2Fwp%2Fv2%2Fmedia&parent=50197"}],"wp:term":[{"taxonomy":"category","embeddable":true,"href":"https:\/\/www.invarena.cz\/index.php?rest_route=%2Fwp%2Fv2%2Fcategories&post=50197"},{"taxonomy":"post_tag","embeddable":true,"href":"https:\/\/www.invarena.cz\/index.php?rest_route=%2Fwp%2Fv2%2Ftags&post=50197"}],"curies":[{"name":"wp","href":"https:\/\/api.w.org\/{rel}","templated":true}]}}