{"id":50200,"date":"2024-06-27T22:10:01","date_gmt":"2024-06-27T20:10:01","guid":{"rendered":"https:\/\/www.invarena.cz\/?p=50200"},"modified":"2024-06-27T22:10:02","modified_gmt":"2024-06-27T20:10:02","slug":"pardubice-podporily-fitness-pro-hendikepovane-nebo-terapeutickou-linku","status":"publish","type":"post","link":"https:\/\/www.invarena.cz\/?p=50200","title":{"rendered":"Pardubice podpo\u0159ily fitness pro hendikepovan\u00e9 nebo terapeutickou linku"},"content":{"rendered":"\n<p>V dubnu Rada m\u011bsta Pardubic nav\u00fd\u0161ila ro\u010dn\u00ed p\u0159\u00edsp\u011bvek pro Burzu filantropie, kter\u00e1 podporuje projekty neziskov\u00fdch organizac\u00ed. Nyn\u00ed rada schv\u00e1lila t\u0159i neziskov\u00e9 projekty, kter\u00e9 si mezi sebou rozd\u011bl\u00ed dotaci ve v\u00fd\u0161i 75 000 korun z Programu podpory soci\u00e1ln\u00ed a zdravotn\u00ed pomoci v r\u00e1mci ka\u017edoro\u010dn\u00ed Burzy filantropie.<\/p>\n\n\n\n<p>Burza filantropie funguje jako platforma, kde se setk\u00e1vaj\u00ed neziskov\u00e9 organizace a potenci\u00e1ln\u00ed d\u00e1rci z podnikatelsk\u00e9ho sektoru a ve\u0159ejn\u00e9 spr\u00e1vy. Projekty jsou zde prezentov\u00e1ny, a pokud spln\u00ed ur\u010dit\u00e9 podm\u00ednky a zaujmou d\u00e1rce, z\u00edskaj\u00ed pot\u0159ebnou finan\u010dn\u00ed podporu.<\/p>\n\n\n\n<p>\u201eBurza n\u00e1m umo\u017e\u0148uje ka\u017edoro\u010dn\u011b transparentn\u011b podpo\u0159it projekty s p\u0159esahem, kter\u00e9 \u00fapln\u011b nezapadaj\u00ed do standardn\u00edho dota\u010dn\u00edho programu, a z\u00e1rove\u0148 navazuj\u00ed na registrovan\u00e9 soci\u00e1ln\u00ed a souvisej\u00edc\u00ed slu\u017eby v r\u00e1mci komunitn\u00edho pl\u00e1nov\u00e1n\u00ed m\u011bsta. Ka\u017ed\u00fd projekt je pe\u010dliv\u011b posouzen a hodnocen, sou\u010d\u00e1st\u00ed je i prezentace p\u0159ed don\u00e1tory,\u201c uvedl prvn\u00ed n\u00e1m\u011bstek prim\u00e1tora Jakub Rychteck\u00fd zodpov\u00eddaj\u00edc\u00ed za oblast soci\u00e1ln\u00ed politiky a zdravotnictv\u00ed, kter\u00fd se jako aktivn\u00ed \u00fa\u010dastn\u00edk pravideln\u011b burzy \u00fa\u010dastn\u00ed jako z\u00e1stupce m\u011bsta.<\/p>\n\n\n\n<p>P\u0159esn\u011b takov\u00fdm p\u0159\u00edpadem, kter\u00fd vhodn\u011b dopl\u0148uje soci\u00e1ln\u00ed slu\u017eby ve m\u011bst\u011b a integruje lidi s hendikepem je Integra\u010dn\u00ed sportovn\u00ed klub IFC, kter\u00fd se mus\u00ed na dva roky do\u010dasn\u011b uzav\u0159\u00edt kv\u016fli rekonstrukci basketbalov\u00e9 haly v are\u00e1lu Dukla Sportovn\u00ed. Klub nyn\u00ed na do\u010dasnou dobu hled\u00e1 nov\u00e9 prostory vhodn\u00e9 i pro hendikepovan\u00e9 a \u00fa\u010dast na Burze filantropie m\u011bla za c\u00edl zajistit zb\u00fdvaj\u00edc\u00ed prost\u0159edky na n\u00e1jemn\u00e9 na nadch\u00e1zej\u00edc\u00ed dva roky.<\/p>\n\n\n\n<p>\u201eTady pom\u016f\u017eeme \u010d\u00e1stkou 32 tis\u00edc korun. Pro Pardubice je tento projekt naprosto unik\u00e1tn\u00ed v tom, \u017ee nab\u00edz\u00ed speci\u00e1ln\u011b upraven\u00e9 stroje pro hendikepovan\u00e9 sportovce, kter\u00fdm poskytuje mo\u017enost pravideln\u011b nebo nahodile sportovat s ostatn\u00ed sportuj\u00edc\u00ed ml\u00e1de\u017e\u00ed, profesion\u00e1ln\u00edmi sportovci, ale i seniory a \u0161irokou ve\u0159ejnost\u00ed. Po dokon\u010den\u00ed v\u00fdstavby nov\u00e9 basketbalov\u00e9 haly jsme z\u00e1stupc\u016fm centra p\u0159isl\u00edbili mo\u017enost pokra\u010dov\u00e1n\u00ed v rekonstruovan\u00fdch prostor\u00e1ch,\u201c \u0159ekl n\u00e1m\u011bstek Rychteck\u00fd.<\/p>\n\n\n\n<p>Dal\u0161\u00edm vybran\u00fdm projektem ze strany m\u011bsta, kter\u00e9 podpo\u0159ili \u010d\u00e1stkou 18 tis\u00edc korun je projekt \u201e\u0158\u00edd\u00edm, tedy jsem (l\u00e9pe zam\u011bstnateln\u00fd)\u201c, kter\u00fd realizuje organizace Salesi\u00e1nsk\u00fd klub ml\u00e1de\u017ee. C\u00edlem projektu je z\u00edskat finan\u010dn\u00ed prost\u0159edky na \u0159idi\u010dsk\u00e9 pr\u016fkazy pro t\u0159i klienty, kte\u0159\u00ed vyr\u016fstali mimo rodinn\u00e9 z\u00e1zem\u00ed a zlep\u0161it jejich uplatn\u011bn\u00ed na pracovn\u00edm trhu a umo\u017enit jim naj\u00edt l\u00e9pe placenou pr\u00e1ci.<\/p>\n\n\n\n<p>Podporu m\u011bsta \u010d\u00e1stkou 25 tis\u00edc korun do t\u0159etice z\u00edskala Terapeutick\u00e1 linka Sluch\u00e1tko, rozpo\u010det projektu bude pokr\u00fdvat n\u00e1klady na telefonick\u00e9 konzultace s psychoterapeuty a dal\u0161\u00edmi odborn\u00edky v oblasti psychosoci\u00e1ln\u00ed p\u00e9\u010de nebo vytvo\u0159en\u00ed let\u00e1k\u016f obsahuj\u00edc\u00edch datab\u00e1zi poskytovatel\u016f psychosoci\u00e1ln\u00ed p\u00e9\u010de.<\/p>\n\n\n\n<p>\u201eNedostatek psycholog\u016f a psychiatr\u016f \u010dasto vede ke dlouh\u00fdm \u010dekac\u00edm lh\u016ft\u00e1m na osobn\u00ed n\u00e1v\u0161t\u011bvy. Telefonn\u00ed linka umo\u017e\u0148uje rychlou reakci a okam\u017eitou dostupnost pomoci pro ty, kte\u0159\u00ed ji pot\u0159ebuj\u00ed bez zbyte\u010dn\u00fdch prodlev. Linka p\u0159edstavuje efektivn\u00ed a d\u016fle\u017eit\u00fd zp\u016fsob, jak \u0159e\u0161it nedostatek psychologick\u00fdch kapacit a zajistit dostupnost psychologick\u00e9 podpory pro co nejv\u00edce lid\u00ed, ne\u017e se dostanou fyzicky do poraden. Proto m\u011bsto podpo\u0159ilo i projekt Sluch\u00e1tka,\u201c doplnil Rychteck\u00fd.<\/p>\n\n\n\n<p>Burza filantropie leto\u0161n\u00edho roku skon\u010dila a vy\u0159izov\u00e1n\u00ed dar\u016f je v pln\u00e9m proudu. Potencion\u00e1ln\u00ed d\u00e1rci si vyslechli prezentace 11 neziskov\u00fdch organizac\u00ed, kter\u00e9 se letos uch\u00e1zely o finan\u010dn\u00ed podporu. Po\u0159ad\u00ed prezentac\u00ed bylo ur\u010deno losov\u00e1n\u00edm a ka\u017ed\u00fd projekt m\u011bl k dispozici 8 minut na svou prezentaci. Don\u00e1to\u0159i m\u011bli mo\u017enost kl\u00e1st dodate\u010dn\u00e9 dotazy, na kter\u00e9 \u017eadatel\u00e9 odpov\u00eddali. Na z\u00e1v\u011br burzy don\u00e1to\u0159i rozhodli, kter\u00e9 projekty a v jak\u00e9 v\u00fd\u0161i budou finan\u010dn\u011b podpo\u0159eny. Mezi neziskov\u00e9 organizace p\u016fsob\u00edc\u00ed na Pardubicku bylo rozd\u011bleno celkem 912 000 korun.<\/p>\n\n\n\n<p>Ji\u0159\u00ed T\u016fma<\/p>\n\n\n\n<p>Pardubick\u00fd den\u00edk<\/p>\n\n\n\n<p><a href=\"https:\/\/pardubicky.denik.cz\" target=\"_blank\" rel=\"noreferrer noopener\">https:\/\/pardubicky.denik.cz<\/a><\/p>\n","protected":false},"excerpt":{"rendered":"<div class=\"mh-excerpt\"><p>V dubnu Rada m\u011bsta Pardubic nav\u00fd\u0161ila ro\u010dn\u00ed p\u0159\u00edsp\u011bvek pro Burzu filantropie, kter\u00e1 podporuje projekty neziskov\u00fdch organizac\u00ed. Nyn\u00ed rada schv\u00e1lila t\u0159i neziskov\u00e9 projekty, kter\u00e9 si mezi <a class=\"mh-excerpt-more\" href=\"https:\/\/www.invarena.cz\/?p=50200\" title=\"Pardubice podpo\u0159ily fitness pro hendikepovan\u00e9 nebo terapeutickou linku\">[&#8230;]<\/a><\/p>\n<\/div>","protected":false},"author":1,"featured_media":14531,"comment_status":"open","ping_status":"closed","sticky":false,"template":"","format":"standard","meta":{"footnotes":""},"categories":[9],"tags":[],"class_list":["post-50200","post","type-post","status-publish","format-standard","has-post-thumbnail","hentry","category-zpravy"],"_links":{"self":[{"href":"https:\/\/www.invarena.cz\/index.php?rest_route=\/wp\/v2\/posts\/50200","targetHints":{"allow":["GET"]}}],"collection":[{"href":"https:\/\/www.invarena.cz\/index.php?rest_route=\/wp\/v2\/posts"}],"about":[{"href":"https:\/\/www.invarena.cz\/index.php?rest_route=\/wp\/v2\/types\/post"}],"author":[{"embeddable":true,"href":"https:\/\/www.invarena.cz\/index.php?rest_route=\/wp\/v2\/users\/1"}],"replies":[{"embeddable":true,"href":"https:\/\/www.invarena.cz\/index.php?rest_route=%2Fwp%2Fv2%2Fcomments&post=50200"}],"version-history":[{"count":0,"href":"https:\/\/www.invarena.cz\/index.php?rest_route=\/wp\/v2\/posts\/50200\/revisions"}],"wp:featuredmedia":[{"embeddable":true,"href":"https:\/\/www.invarena.cz\/index.php?rest_route=\/wp\/v2\/media\/14531"}],"wp:attachment":[{"href":"https:\/\/www.invarena.cz\/index.php?rest_route=%2Fwp%2Fv2%2Fmedia&parent=50200"}],"wp:term":[{"taxonomy":"category","embeddable":true,"href":"https:\/\/www.invarena.cz\/index.php?rest_route=%2Fwp%2Fv2%2Fcategories&post=50200"},{"taxonomy":"post_tag","embeddable":true,"href":"https:\/\/www.invarena.cz\/index.php?rest_route=%2Fwp%2Fv2%2Ftags&post=50200"}],"curies":[{"name":"wp","href":"https:\/\/api.w.org\/{rel}","templated":true}]}}