{"id":50218,"date":"2024-06-28T19:09:54","date_gmt":"2024-06-28T17:09:54","guid":{"rendered":"https:\/\/www.invarena.cz\/?p=50218"},"modified":"2024-06-28T19:09:55","modified_gmt":"2024-06-28T17:09:55","slug":"dosazeni-ochranneho-limitu-na-castecne-hrazene-leky-se-zohledni-hned-v-lekarne-podporili-poslanci","status":"publish","type":"post","link":"https:\/\/www.invarena.cz\/?p=50218","title":{"rendered":"Dosa\u017een\u00ed ochrann\u00e9ho limitu na \u010d\u00e1ste\u010dn\u011b hrazen\u00e9 l\u00e9ky se zohledn\u00ed hned v l\u00e9k\u00e1rn\u011b, podpo\u0159ili poslanci"},"content":{"rendered":"\n<p>Doplatky v l\u00e9k\u00e1rn\u011b za \u010d\u00e1ste\u010dn\u011b hrazen\u00e9 l\u00e9ky u\u017e lid\u00e9 nebudou platit v pln\u00e9 v\u00fd\u0161i, pokud dos\u00e1hnou z\u00e1konem dan\u00e9ho ochrann\u00e9ho limitu. P\u0159i jeho p\u0159ekro\u010den\u00ed budou upozorn\u011bni l\u00e9k\u00e1rn\u00edkem a nic dopl\u00e1cet nebudou, pop\u0159\u00edpad\u011b jen ni\u017e\u0161\u00ed \u010d\u00e1stku. Podle st\u00e1tu tak lid\u00e9 nebudou p\u0159ich\u00e1zet o tis\u00edce korun, kter\u00e9 se jim zdravotn\u00ed poji\u0161\u0165ovny sna\u017e\u00ed ne\u00fasp\u011b\u0161n\u011b vr\u00e1tit.<\/p>\n\n\n\n<p>Cel\u00fd \u010dl\u00e1nek naleznete na novinky.cz: <a href=\"https:\/\/www.novinky.cz\/clanek\/domaci-dosazeni-ochranneho-limitu-na-castecne-hrazene-leky-se-zohledni-hned-v-lekarne-podporili-poslanci-40477870\" target=\"_blank\" rel=\"noreferrer noopener\">https:\/\/www.novinky.cz\/clanek\/domaci-dosazeni-ochranneho-limitu-na-castecne-hrazene-leky-se-zohledni-hned-v-lekarne-podporili-poslanci-40477870<\/a><\/p>\n","protected":false},"excerpt":{"rendered":"<div class=\"mh-excerpt\"><p>Doplatky v l\u00e9k\u00e1rn\u011b za \u010d\u00e1ste\u010dn\u011b hrazen\u00e9 l\u00e9ky u\u017e lid\u00e9 nebudou platit v pln\u00e9 v\u00fd\u0161i, pokud dos\u00e1hnou z\u00e1konem dan\u00e9ho ochrann\u00e9ho limitu. P\u0159i jeho p\u0159ekro\u010den\u00ed budou upozorn\u011bni <a class=\"mh-excerpt-more\" href=\"https:\/\/www.invarena.cz\/?p=50218\" title=\"Dosa\u017een\u00ed ochrann\u00e9ho limitu na \u010d\u00e1ste\u010dn\u011b hrazen\u00e9 l\u00e9ky se zohledn\u00ed hned v l\u00e9k\u00e1rn\u011b, podpo\u0159ili poslanci\">[&#8230;]<\/a><\/p>\n<\/div>","protected":false},"author":1,"featured_media":14162,"comment_status":"open","ping_status":"closed","sticky":false,"template":"","format":"standard","meta":{"footnotes":""},"categories":[9],"tags":[],"class_list":["post-50218","post","type-post","status-publish","format-standard","has-post-thumbnail","hentry","category-zpravy"],"_links":{"self":[{"href":"https:\/\/www.invarena.cz\/index.php?rest_route=\/wp\/v2\/posts\/50218","targetHints":{"allow":["GET"]}}],"collection":[{"href":"https:\/\/www.invarena.cz\/index.php?rest_route=\/wp\/v2\/posts"}],"about":[{"href":"https:\/\/www.invarena.cz\/index.php?rest_route=\/wp\/v2\/types\/post"}],"author":[{"embeddable":true,"href":"https:\/\/www.invarena.cz\/index.php?rest_route=\/wp\/v2\/users\/1"}],"replies":[{"embeddable":true,"href":"https:\/\/www.invarena.cz\/index.php?rest_route=%2Fwp%2Fv2%2Fcomments&post=50218"}],"version-history":[{"count":0,"href":"https:\/\/www.invarena.cz\/index.php?rest_route=\/wp\/v2\/posts\/50218\/revisions"}],"wp:featuredmedia":[{"embeddable":true,"href":"https:\/\/www.invarena.cz\/index.php?rest_route=\/wp\/v2\/media\/14162"}],"wp:attachment":[{"href":"https:\/\/www.invarena.cz\/index.php?rest_route=%2Fwp%2Fv2%2Fmedia&parent=50218"}],"wp:term":[{"taxonomy":"category","embeddable":true,"href":"https:\/\/www.invarena.cz\/index.php?rest_route=%2Fwp%2Fv2%2Fcategories&post=50218"},{"taxonomy":"post_tag","embeddable":true,"href":"https:\/\/www.invarena.cz\/index.php?rest_route=%2Fwp%2Fv2%2Ftags&post=50218"}],"curies":[{"name":"wp","href":"https:\/\/api.w.org\/{rel}","templated":true}]}}