{"id":50224,"date":"2024-06-28T19:22:47","date_gmt":"2024-06-28T17:22:47","guid":{"rendered":"https:\/\/www.invarena.cz\/?p=50224"},"modified":"2024-06-28T19:22:47","modified_gmt":"2024-06-28T17:22:47","slug":"pulkilovi-bojovnici-dvojcata-prezila-velmi-predcasny-porod-rodinu-to-semklo","status":"publish","type":"post","link":"https:\/\/www.invarena.cz\/?p=50224","title":{"rendered":"P\u016flkilov\u00ed bojovn\u00edci. Dvoj\u010data p\u0159e\u017eila velmi p\u0159ed\u010dasn\u00fd porod, rodinu to semklo"},"content":{"rendered":"\n<p>Kdy\u017e se narodili, ve\u0161li by se do dlan\u011b, oba v\u00e1\u017eili jen n\u011bco p\u0159es p\u016fl kilogramu. Do \u017eivota to Mat\u011bjovi a \u0160imonovi p\u0159ineslo \u0159adu zdravotn\u00edch probl\u00e9m\u016f. Prvn\u00ed z nich je prakticky nevidom\u00fd a neb\u00fdt nezm\u011brn\u00e9ho \u00fasil\u00ed rodi\u010d\u016f, z\u0159ejm\u011b by dnes ani nechodil. P\u0159esto oba kluci maj\u00ed \u00fasm\u011bv na tv\u00e1\u0159i.<\/p>\n\n\n\n<p>Dvoj\u010data Mat\u011bj a \u0160imon, dnes dvan\u00e1ctilet\u00ed chlapci z vesni\u010dky nedaleko Plzn\u011b, se narodili velmi p\u0159ed\u010dasn\u011b. Na sv\u011bt p\u0159i\u0161li v 6. m\u011bs\u00edci t\u011bhotenstv\u00ed s porodn\u00ed v\u00e1hou 540 a 610 gram\u016f. Po letech marn\u00fdch pokus\u016f o ot\u011bhotn\u011bn\u00ed tak radost a t\u011b\u0161en\u00ed rodi\u010d\u016f na vytou\u017een\u00e1 miminka vyst\u0159\u00eddal strach, obavy a neust\u00e1l\u00e1 p\u00e9\u010de. Rodinu v\u0161ak tato skute\u010dnost je\u0161t\u011b v\u00edce semkla.<\/p>\n\n\n\n<p>V\u00fdvoj zdravotn\u00edho stavu br\u00e1\u0161k\u016f byl nejist\u00fd. L\u00e9ka\u0159i je\u0161t\u011b p\u0159ed narozen\u00edm dvoj\u010d\u00e1tek p\u0159ipravovali rodi\u010de i na mo\u017enost, \u017ee by tak \u010dasn\u00fd porod nemuseli chlapci p\u0159e\u017e\u00edt. \u201eKdy\u017e pak zvl\u00e1dli porod, p\u0159ich\u00e1zely dal\u0161\u00ed progn\u00f3zy. P\u0159ekonat kritick\u00e9 prvn\u00ed t\u0159i dny, pak t\u00fdden, deset dn\u00ed\u2026 V\u0161e bylo u t\u011bch na\u0161ich p\u016flkilov\u00fdch d\u011bti\u010dek po\u0159\u00e1d nejist\u00e9,\u201c vzpom\u00edn\u00e1 na nejt\u011b\u017e\u0161\u00ed chv\u00edle tat\u00ednek dvoj\u010dat Patrik.<\/p>\n\n\n\n<p>Chlapci nakonec str\u00e1vili v nemocnici prvn\u00ed \u010dty\u0159i m\u011bs\u00edce sv\u00e9ho \u017eivota, b\u011bhem nich\u017e si jejich rodi\u010de vyslechli \u0159adu nejr\u016fzn\u011bj\u0161\u00edch progn\u00f3z i diagn\u00f3z. Mezi tu nejz\u00e1sadn\u011bj\u0161\u00ed pat\u0159ila retinopatie nedono\u0161en\u00fdch, \u010dili po\u0161kozen\u00ed s\u00edtnice oka, kter\u00e9 m\u016f\u017ee zp\u016fsobit i \u00faplnou slepotu.<\/p>\n\n\n\n<p>\u0160imonek se s n\u00e1sledky p\u0159ed\u010dasn\u00e9ho porodu pot\u00fdkal v men\u0161\u00ed m\u00ed\u0159e. Zhruba ve dvou letech se jeho v\u00fdvoj srovnal a zrakov\u00fd handicap je podstatn\u011b men\u0161\u00ed ne\u017e u jeho bratra Mat\u011bje. Ten je dnes prakticky nevidom\u00fd, rozpozn\u00e1 jen sv\u011btlo a tmu. Tak\u00e9 se pot\u00fdk\u00e1 se st\u0159edn\u011b t\u011b\u017ek\u00fdm ment\u00e1ln\u00edm posti\u017een\u00edm, vadou \u0159e\u010di a poruchou pozornosti s hyperaktivitou.<\/p>\n\n\n\n<p>\u201ePrvn\u00edch sedm let sv\u00e9ho \u017eivota nav\u00edc Mat\u00fdsek v\u011bt\u0161inu \u010dasu jen rehabilitoval a cvi\u010dil. Odm\u00edtali jsme se s man\u017eelem sm\u00ed\u0159it s t\u00edm, \u017ee by nikdy nechodil,\u201c vysv\u011btluje jeho maminka Milena. D\u00edky ne\u00fanavn\u00e9 p\u00e9\u010di rodi\u010d\u016f a spolupr\u00e1ci s odborn\u00edky Mat\u011bj v \u0161esti letech nakonec ud\u011blal prvn\u00ed kr\u016f\u010dky a rozmluvil se.<\/p>\n\n\n\n<p>Dnes Mat\u011bje voz\u00ed jeho maminka ka\u017ed\u00fd den do \u0161koly pro d\u011bti se zrakov\u00fdm handicapem v Plzni. Po \u0161kole s n\u00edm pak absolvuje nejr\u016fzn\u011bj\u0161\u00ed rehabilitace \u010di terapie, nej\u010dast\u011bji ergoterapii, hipoterapii, zdravotn\u00ed cvi\u010den\u00ed nebo logopedii. \u201eSna\u017e\u00edme se s man\u017eelem p\u0159ij\u00edmat v\u011bci tak, jak jsou. Jsme sm\u00ed\u0159en\u00ed s t\u00edm, \u017ee toto je n\u00e1\u0161 \u017eivot. Z\u00e1rove\u0148 jsme ale celou dobu nep\u0159est\u00e1vali v\u011b\u0159it, \u017ee v\u0161e bude v po\u0159\u00e1dku. Maty m\u011bl \u0161patn\u00e9 vyhl\u00eddky \u2013 zejm\u00e9na ohledn\u011b po\u0161kozen\u00ed plic a st\u0159ev a hlavn\u011b se nev\u011bd\u011blo, jak na tom do budoucna bude, co se t\u00fd\u010de pohybu,\u201c popisuje pan\u00ed Milena a dod\u00e1v\u00e1 s \u00fasm\u011bvem: \u201eJ\u00e1 ale zkr\u00e1tka v\u011b\u0159\u00edm, \u017ee s\u00edla je v l\u00e1sce. Man\u017eel, ten by v\u00e1m zase \u0159ekl, \u017ee je jedno, v co v\u011b\u0159\u00edm j\u00e1, ale \u017ee on v\u011b\u0159\u00ed mn\u011b. A to pro m\u011b hodn\u011b znamen\u00e1 a dod\u00e1v\u00e1 mi s\u00edlu. I p\u0159es to v\u0161echno, co jsme jako rodina pro\u017eili a pro\u017e\u00edv\u00e1me, jsme st\u00e1le spolu. U\u017e 26 let a m\u00e1me se po\u0159\u00e1d moc r\u00e1di.\u201c<\/p>\n\n\n\n<p>Krom\u011b dvoj\u010dat maj\u00ed Milena s Patrikem je\u0161t\u011b syna Jakuba, kter\u00fd p\u0159i\u0161el na sv\u011bt ne\u010dekan\u011b rok po obou chlapc\u00edch, by\u0165 \u0161ance na to, \u017ee budou m\u00edt p\u0159irozenou cestou dal\u0161\u00edho potomka, byla minim\u00e1ln\u00ed. \u201eKub\u00edk se narodil v 41. t\u00fddnu, je zdrav\u00fd jako ryba. Lid\u00e9 si \u010dasto mysl\u00ed, \u017ee m\u00e1me troj\u010data,\u201c usm\u00edv\u00e1 se trojn\u00e1sobn\u00e1 maminka.<\/p>\n\n\n\n<p>V\u00e1\u017en\u00e9 onemocn\u011bn\u00ed jednoho z \u010dlen\u016f rodiny v\u017edy ovlivn\u00ed i v\u0161echny ostatn\u00ed. Pan\u00ed Milena s ohledem na p\u00e9\u010di o Mat\u00fdska nem\u016f\u017ee pracovat, proto zaji\u0161t\u011bn\u00ed p\u011bti\u010dlenn\u00e9 rodiny le\u017e\u00ed na bedrech jej\u00edho man\u017eela: \u201ePe\u010duje o n\u00e1s v\u0161echny skv\u011ble. Mus\u00ed v\u0161ak tr\u00e1vit \u010das v pr\u00e1ci i za m\u011b, \u010dasto i o v\u00edkendech, proto\u017ee p\u00e9\u010de o Mat\u011bje je st\u00e1le n\u00e1ro\u010dn\u00e1. Pokud v\u0161ak \u010das dovol\u00ed, sna\u017e\u00edm se p\u0159ivyd\u011bl\u00e1vat jako kade\u0159nice,\u201c dod\u00e1v\u00e1 pan\u00ed Milena.<\/p>\n\n\n\n<p>Velkou pomoc\u00ed jsou podle n\u00ed pro n\u011b tak\u00e9 p\u0159\u00edsp\u011bvky nadace Dobr\u00fd and\u011bl. \u201eD\u00edky dar\u016fm od Dobr\u00fdch and\u011bl\u016f mohu b\u00fdt ve v\u011bt\u0161\u00edm klidu, kdy\u017e t\u0159eba kv\u016fli nemoci kluk\u016f mus\u00edm pr\u00e1ci odsunout. Tak\u00e9 n\u00e1m pom\u00e1haj\u00ed tr\u00e1vit v\u00edce \u010dasu spole\u010dn\u011b. Mat\u00fdsek miluje jezdit na v\u00fdlety s rodinou a jsme r\u00e1di, \u017ee mu je i d\u00edky Dobr\u00fdm and\u011bl\u016fm m\u016f\u017eeme dop\u0159\u00e1t,\u201c dopl\u0148uje s vd\u011b\u010dnost\u00ed.<\/p>\n\n\n\n<p>Jak pom\u00e1hat<\/p>\n\n\n\n<p>Pokud byste cht\u011bli rodin\u00e1m, v nich\u017e se d\u00edt\u011b, maminka \u010di tat\u00ednek pot\u00fdkaj\u00ed se z\u00e1va\u017en\u00fdm onemocn\u011bn\u00edm, pom\u00e1hat i vy, sta\u0148te se Dobr\u00fdmi and\u011bly. Sta\u010d\u00ed se zaregistrovat na www.dobryandel.cz, zvolit libovolnou v\u00fd\u0161i p\u0159\u00edsp\u011bvku a za\u010d\u00edt p\u0159isp\u00edvat. Nadace va\u0161e p\u0159\u00edsp\u011bvky odevzd\u00e1 do posledn\u00edho hal\u00e9\u0159e a vy se d\u00edky sv\u00e9mu And\u011blsk\u00e9mu \u00fa\u010dtu m\u016f\u017eete ka\u017ed\u00fd m\u011bs\u00edc pod\u00edvat, kter\u00e9 konkr\u00e9tn\u00ed rodin\u011b jste pomohli.<\/p>\n\n\n\n<p>Milan Kili\u00e1n<\/p>\n\n\n\n<p>Den\u00edk.cz<\/p>\n\n\n\n<p><a href=\"https:\/\/www.denik.cz\" target=\"_blank\" rel=\"noreferrer noopener\">https:\/\/www.denik.cz<\/a><\/p>\n","protected":false},"excerpt":{"rendered":"<div class=\"mh-excerpt\"><p>Kdy\u017e se narodili, ve\u0161li by se do dlan\u011b, oba v\u00e1\u017eili jen n\u011bco p\u0159es p\u016fl kilogramu. Do \u017eivota to Mat\u011bjovi a \u0160imonovi p\u0159ineslo \u0159adu zdravotn\u00edch probl\u00e9m\u016f. <a class=\"mh-excerpt-more\" href=\"https:\/\/www.invarena.cz\/?p=50224\" title=\"P\u016flkilov\u00ed bojovn\u00edci. Dvoj\u010data p\u0159e\u017eila velmi p\u0159ed\u010dasn\u00fd porod, rodinu to semklo\">[&#8230;]<\/a><\/p>\n<\/div>","protected":false},"author":1,"featured_media":40847,"comment_status":"open","ping_status":"closed","sticky":false,"template":"","format":"standard","meta":{"footnotes":""},"categories":[9],"tags":[],"class_list":["post-50224","post","type-post","status-publish","format-standard","has-post-thumbnail","hentry","category-zpravy"],"_links":{"self":[{"href":"https:\/\/www.invarena.cz\/index.php?rest_route=\/wp\/v2\/posts\/50224","targetHints":{"allow":["GET"]}}],"collection":[{"href":"https:\/\/www.invarena.cz\/index.php?rest_route=\/wp\/v2\/posts"}],"about":[{"href":"https:\/\/www.invarena.cz\/index.php?rest_route=\/wp\/v2\/types\/post"}],"author":[{"embeddable":true,"href":"https:\/\/www.invarena.cz\/index.php?rest_route=\/wp\/v2\/users\/1"}],"replies":[{"embeddable":true,"href":"https:\/\/www.invarena.cz\/index.php?rest_route=%2Fwp%2Fv2%2Fcomments&post=50224"}],"version-history":[{"count":0,"href":"https:\/\/www.invarena.cz\/index.php?rest_route=\/wp\/v2\/posts\/50224\/revisions"}],"wp:featuredmedia":[{"embeddable":true,"href":"https:\/\/www.invarena.cz\/index.php?rest_route=\/wp\/v2\/media\/40847"}],"wp:attachment":[{"href":"https:\/\/www.invarena.cz\/index.php?rest_route=%2Fwp%2Fv2%2Fmedia&parent=50224"}],"wp:term":[{"taxonomy":"category","embeddable":true,"href":"https:\/\/www.invarena.cz\/index.php?rest_route=%2Fwp%2Fv2%2Fcategories&post=50224"},{"taxonomy":"post_tag","embeddable":true,"href":"https:\/\/www.invarena.cz\/index.php?rest_route=%2Fwp%2Fv2%2Ftags&post=50224"}],"curies":[{"name":"wp","href":"https:\/\/api.w.org\/{rel}","templated":true}]}}