{"id":5023,"date":"2013-05-16T23:19:52","date_gmt":"2013-05-16T21:19:52","guid":{"rendered":"http:\/\/www.invarena.cz\/?p=5023"},"modified":"2013-05-16T23:22:54","modified_gmt":"2013-05-16T21:22:54","slug":"chylkove-bylo-ve-tme-v-kavarne-potme-uzko","status":"publish","type":"post","link":"https:\/\/www.invarena.cz\/?p=5023","title":{"rendered":"Ch\u00fdlkov\u00e9 bylo v kav\u00e1rn\u011b Potm\u011b \u00fazko"},"content":{"rendered":"<p><strong>Na turn\u00e9 po \u010cesku vyjel kav\u00e1rensk\u00fd autobus Potm\u011b. N\u00e1v\u0161t\u011bvn\u00edky v \u010dern\u00e9m autobuse bez oken a osv\u011btlen\u00ed obslou\u017e\u00ed nevidom\u00ed \u010d\u00ed\u0161n\u00edci. V report\u00e1\u017ei \u010cesk\u00e9 televize byli hosty here\u010dky\u00a0Ivana Ch\u00fdlkov\u00e1 (na sn\u00edmku) a B\u00e1ra Hrz\u00e1nov\u00e1.\u00a0<\/strong><\/p>\n<p><!--more--><br \/>\nKav\u00e1rna na kolech, v n\u00ed\u017e se k\u00e1va serv\u00edruje v\u00fdhradn\u011b v \u010derno\u010dern\u00e9 tm\u011b, zaparkovala i na n\u00e1m\u011bst\u00ed M\u00edru na pra\u017esk\u00fdch Vinohradech.\u00a0Koup\u00ed k\u00e1vy, \u010daje, nebo lik\u00e9ru, tak lid\u00e9 p\u0159isp\u011bj\u00ed do sb\u00edrky Sv\u011btlu\u0161ka, kterou organizuje nada\u010dn\u00ed fond \u010cesk\u00e9ho rozhlasu<strong>.<\/strong><\/p>\n<p>Novou posilou t\u00fdmu nevidom\u00fdch kav\u00e1rn\u00edk\u016f je letos student p\u0159ekladatelstv\u00ed Zden\u011bk Ryb\u00e1k, kter\u00e1 nap\u0159ed musel proj\u00edt konkurzem. &#8222;N\u00e1v\u0161t\u011bvn\u00edk od n\u00e1s m\u016f\u017ee \u010dekat, \u017ee si vyzkou\u0161\u00ed jak\u00e9 to je b\u00fdt potm\u011b, ve tm\u011b a dostane od n\u00e1s v\u00fdborn\u00e9 kafe,&#8220; \u0159ekl nevidom\u00fd kav\u00e1rn\u00edk Zden\u011bk Ryb\u00e1k.<\/p>\n<p>Mezi prvn\u00edmi hosty kav\u00e1rny Potm\u011b byli zn\u00e1m\u00ed herci. Zat\u00edmco \u0161armantn\u00ed Ivanu Ch\u00fdlkovou tma zasko\u010dila, B\u00e1ra Hrz\u00e1nov\u00e1 si posezen\u00ed u k\u00e1vy u\u017eila. Sama by si v\u0161ak potm\u011b obsluhovat hosty netroufla. &#8222;J\u00e1 bych necht\u011bla nikomu ubl\u00ed\u017eit. Jako kav\u00e1rn\u00edk potm\u011b, mysl\u00edm, \u017ee by to byla trag\u00e9die,&#8220; usm\u00edvala se Hrz\u00e1nov\u00e1.<\/p>\n<p>Ch\u00fdlkov\u00e1 si m\u011bla vyzkou\u0161et p\u00edt k\u00e1vu ve tm\u011b, ale nezvl\u00e1dla to. \u201eUd\u011blalo se mi tam \u00fazko. Nemohla jsem d\u00fdchat,\u201c sv\u011b\u0159ila se.<\/p>\n<p>Patronkou projektu Kav\u00e1rna Potm\u011b je zp\u011bva\u010dka Aneta Langerov\u00e1. &#8222;Kdy\u017e n\u00e1v\u0161t\u011bvn\u00edk p\u0159ijde do t\u00e9 kav\u00e1rny, sed\u00ed a te\u010f na n\u011bj n\u011bkdo mluv\u00ed, tak on si ho n\u011bjak p\u0159edstavuje. Pak ho vid\u00ed venku a kolikr\u00e1t je \u00fapln\u011b zmaten a u\u017e tam m\u00e1me n\u011bkolik vzkaz\u016f, \u017ee se n\u011bkdo do n\u011bkoho zamiloval po hlase,&#8220; vypr\u00e1v\u00ed Langerov\u00e1.<\/p>\n<p>Mezi prvn\u00edmi hosty byli tak\u00e9 Sa\u0161a Ra\u0161ilov, Ond\u0159ej Brzobohat\u00fd nebo Ji\u0159\u00ed Mach\u00e1\u010dek.<\/p>\n<p>&#8222;Tma je ostrov nad\u011bje. Mysl\u00edm, \u017ee si po\u0159\u00edd\u00edm vlastn\u00ed autobus, ve kter\u00e9m budu tr\u00e1vit sv\u016fj voln\u00fd \u010das,&#8220; zazn\u011blo od Anety Langerov\u00e9.<\/p>\n<p>&#8222;Vid\u011bt je v\u00fdhoda, kterou \u0159ada z\u00a0n\u00e1s vn\u00edm\u00e1 jako b\u011b\u017enou v\u011bc. D\u00edky\u00a0kav\u00e1rn\u011b jsem si t\u00e9hle v\u00fdhody za\u010dal zase v\u00e1\u017eit,&#8220; uvedl Ond\u0159ej Brzobohat\u00fd.<\/p>\n<p>&#8222;P\u016fvodn\u011b jsem se t\u011b\u0161il, \u017ee budu moci osah\u00e1vat Ivanu Ch\u00fdlkovou, ale nakonec jsem v\u00a0kav\u00e1rn\u011b zjistil, co\u017e jsem ne\u010dekal, \u017ee m\u00e1m i velice bl\u00edzk\u00fd vztah k\u00a0Ond\u0159eji Brzobohat\u00e9mu a Sa\u0161ovi Ra\u0161ilovi,&#8220;\u00a0vtipkoval Ji\u0159\u00ed Mach\u00e1\u010dek.<\/p>\n<p>Kav\u00e1rnu\u00a0Potm\u011b na n\u00e1m\u011bst\u00ed M\u00edru bylo mo\u017en\u00e9 nav\u0161t\u00edvit do \u010dtvrtka 16. kv\u011btna do 20 hodin. Ti, kdo to do autobusov\u00e9 Kav\u00e1rny\u00a0Potm\u011b v\u00a0Praze nestihli, mohou zav\u00edtat do poj\u00edzdn\u00e9ho autobusu na Ovocn\u00e9m trhu, kter\u00fd bude otev\u0159en od 13. do 30. \u010dervna. Tam\u00a0kav\u00e1rnu slavnostn\u011b zah\u00e1j\u00ed Aneta Langerov\u00e1 s\u00a0here\u010dkou Eli\u0161kou Balzerovou. Aneta si po jedno odpoledne tak\u00e9 vyzkou\u0161\u00ed roli \u010d\u00ed\u0161nice,\u00a0pot\u00e9\u00a0v\u00a0absolutn\u00ed tm\u011b zahraje a zazp\u00edv\u00e1.<\/p>\n<p>Autobus z Prahy vyraz\u00ed do Zl\u00edna, kde si v n\u011bm budou moci z\u00e1jemci d\u00e1t k\u00e1vu na p\u0159elomu kv\u011btna a \u010dervna. Od 13. do 30. \u010dervna bude kav\u00e1rna fungovat na Ovocn\u00e9m trhu. V \u010dervenci bude n\u00e1sledovat zast\u00e1vka v Ostrav\u011b a Liberci, v srpnu v\u00a0Panensk\u00e9m T\u00fdnci a v z\u00e1\u0159\u00ed v Brn\u011b, Ji\u010d\u00edn\u011b a Olomouci. Term\u00edny a m\u00edsta jsou na adrese <a href=\"http:\/\/www.svetluska.net\">www.svetluska.net<\/a>. Ka\u017ed\u00fd, kdo netradi\u010dn\u00ed kav\u00e1rnu nav\u0161t\u00edv\u00ed, p\u0159isp\u011bje na Sv\u011btlu\u0161ku \u010d\u00e1stkou 170 korun. Jako vzpom\u00ednku na nev\u0161edn\u00ed z\u00e1\u017eitek si odnese hrn\u00ed\u010dek.<\/p>\n<p>Vloni se nada\u010dn\u00edmu fondu Sv\u011btlu\u0161ka poda\u0159ilo d\u00edky projektu Kav\u00e1rna Potm\u011b vybrat p\u0159es milion korun. Ty fond pou\u017eil na podporu aktivit zrakov\u011b posti\u017een\u00fdch, kter\u00e9 vedou k jejich samostatnosti, p\u0159isp\u00edv\u00e1 jim na speci\u00e1ln\u00ed pom\u016fcky, na hmatov\u00e9 kn\u00ed\u017eky, na osobn\u00ed asistenci.<\/p>\n<p>Vedle kav\u00e1rny na kolech Sv\u011btlu\u0161ka otev\u00edr\u00e1 u\u017e za m\u011bs\u00edc taky stacion\u00e1rn\u00ed kafe Potm\u011b na Ovocn\u00e9m trhu v Brn\u011b.<\/p>\n<p>podle report\u00e1\u017ee \u010cesk\u00e9 televize zaznamenala invArena.<\/p>\n","protected":false},"excerpt":{"rendered":"<div class=\"mh-excerpt\"><p>Na turn\u00e9 po \u010cesku vyjel kav\u00e1rensk\u00fd autobus Potm\u011b. N\u00e1v\u0161t\u011bvn\u00edky v \u010dern\u00e9m autobuse bez oken a osv\u011btlen\u00ed obslou\u017e\u00ed nevidom\u00ed \u010d\u00ed\u0161n\u00edci. V report\u00e1\u017ei \u010cesk\u00e9 televize byli hosty <a class=\"mh-excerpt-more\" href=\"https:\/\/www.invarena.cz\/?p=5023\" title=\"Ch\u00fdlkov\u00e9 bylo v kav\u00e1rn\u011b Potm\u011b \u00fazko\">[&#8230;]<\/a><\/p>\n<\/div>","protected":false},"author":1,"featured_media":5046,"comment_status":"open","ping_status":"open","sticky":false,"template":"","format":"standard","meta":{"footnotes":""},"categories":[7],"tags":[],"class_list":["post-5023","post","type-post","status-publish","format-standard","has-post-thumbnail","hentry","category-spolecnost"],"_links":{"self":[{"href":"https:\/\/www.invarena.cz\/index.php?rest_route=\/wp\/v2\/posts\/5023","targetHints":{"allow":["GET"]}}],"collection":[{"href":"https:\/\/www.invarena.cz\/index.php?rest_route=\/wp\/v2\/posts"}],"about":[{"href":"https:\/\/www.invarena.cz\/index.php?rest_route=\/wp\/v2\/types\/post"}],"author":[{"embeddable":true,"href":"https:\/\/www.invarena.cz\/index.php?rest_route=\/wp\/v2\/users\/1"}],"replies":[{"embeddable":true,"href":"https:\/\/www.invarena.cz\/index.php?rest_route=%2Fwp%2Fv2%2Fcomments&post=5023"}],"version-history":[{"count":0,"href":"https:\/\/www.invarena.cz\/index.php?rest_route=\/wp\/v2\/posts\/5023\/revisions"}],"wp:featuredmedia":[{"embeddable":true,"href":"https:\/\/www.invarena.cz\/index.php?rest_route=\/wp\/v2\/media\/5046"}],"wp:attachment":[{"href":"https:\/\/www.invarena.cz\/index.php?rest_route=%2Fwp%2Fv2%2Fmedia&parent=5023"}],"wp:term":[{"taxonomy":"category","embeddable":true,"href":"https:\/\/www.invarena.cz\/index.php?rest_route=%2Fwp%2Fv2%2Fcategories&post=5023"},{"taxonomy":"post_tag","embeddable":true,"href":"https:\/\/www.invarena.cz\/index.php?rest_route=%2Fwp%2Fv2%2Ftags&post=5023"}],"curies":[{"name":"wp","href":"https:\/\/api.w.org\/{rel}","templated":true}]}}