{"id":50230,"date":"2024-06-28T19:30:26","date_gmt":"2024-06-28T17:30:26","guid":{"rendered":"https:\/\/www.invarena.cz\/?p=50230"},"modified":"2024-06-28T19:30:27","modified_gmt":"2024-06-28T17:30:27","slug":"na-zavaznou-nemoc-upozornily-evu-48-otekle-a-modrajici-prsty","status":"publish","type":"post","link":"https:\/\/www.invarena.cz\/?p=50230","title":{"rendered":"Na z\u00e1va\u017enou nemoc upozornily Evu (48) otekl\u00e9 a modraj\u00edc\u00ed prsty"},"content":{"rendered":"\n<p>Pan\u00ed Eva (48) se od 25 let l\u00e9\u010d\u00ed s revmatoidn\u00ed artritidou. Na podzim roku 2022 ji ale zasko\u010dily bolesti kon\u010detin, s nimi\u017e se nikdy p\u0159edt\u00edm nesetkala. \u201ePrsty i dlan\u011b m\u011b nejenom bolely, ale nat\u00e9kaly mi a za\u010daly modrat a fialov\u011bt. To stejn\u00e9 se mi objevilo na chodidlech,\u201c popisuje Eva.<\/p>\n\n\n\n<p>Cel\u00fd \u010dl\u00e1nek naleznete v Pra\u017esk\u00e9m Patriotu: <a href=\"https:\/\/www.prazskypatriot.cz\/na-zavaznou-nemoc-upozornily-evu-48-otekle-a-modrajici-prsty\/\" target=\"_blank\" rel=\"noreferrer noopener\">https:\/\/www.prazskypatriot.cz\/na-zavaznou-nemoc-upozornily-evu-48-otekle-a-modrajici-prsty\/<\/a><\/p>\n","protected":false},"excerpt":{"rendered":"<div class=\"mh-excerpt\"><p>Pan\u00ed Eva (48) se od 25 let l\u00e9\u010d\u00ed s revmatoidn\u00ed artritidou. Na podzim roku 2022 ji ale zasko\u010dily bolesti kon\u010detin, s nimi\u017e se nikdy p\u0159edt\u00edm <a class=\"mh-excerpt-more\" href=\"https:\/\/www.invarena.cz\/?p=50230\" title=\"Na z\u00e1va\u017enou nemoc upozornily Evu (48) otekl\u00e9 a modraj\u00edc\u00ed prsty\">[&#8230;]<\/a><\/p>\n<\/div>","protected":false},"author":1,"featured_media":1253,"comment_status":"open","ping_status":"closed","sticky":false,"template":"","format":"standard","meta":{"footnotes":""},"categories":[9],"tags":[],"class_list":["post-50230","post","type-post","status-publish","format-standard","has-post-thumbnail","hentry","category-zpravy"],"_links":{"self":[{"href":"https:\/\/www.invarena.cz\/index.php?rest_route=\/wp\/v2\/posts\/50230","targetHints":{"allow":["GET"]}}],"collection":[{"href":"https:\/\/www.invarena.cz\/index.php?rest_route=\/wp\/v2\/posts"}],"about":[{"href":"https:\/\/www.invarena.cz\/index.php?rest_route=\/wp\/v2\/types\/post"}],"author":[{"embeddable":true,"href":"https:\/\/www.invarena.cz\/index.php?rest_route=\/wp\/v2\/users\/1"}],"replies":[{"embeddable":true,"href":"https:\/\/www.invarena.cz\/index.php?rest_route=%2Fwp%2Fv2%2Fcomments&post=50230"}],"version-history":[{"count":0,"href":"https:\/\/www.invarena.cz\/index.php?rest_route=\/wp\/v2\/posts\/50230\/revisions"}],"wp:featuredmedia":[{"embeddable":true,"href":"https:\/\/www.invarena.cz\/index.php?rest_route=\/wp\/v2\/media\/1253"}],"wp:attachment":[{"href":"https:\/\/www.invarena.cz\/index.php?rest_route=%2Fwp%2Fv2%2Fmedia&parent=50230"}],"wp:term":[{"taxonomy":"category","embeddable":true,"href":"https:\/\/www.invarena.cz\/index.php?rest_route=%2Fwp%2Fv2%2Fcategories&post=50230"},{"taxonomy":"post_tag","embeddable":true,"href":"https:\/\/www.invarena.cz\/index.php?rest_route=%2Fwp%2Fv2%2Ftags&post=50230"}],"curies":[{"name":"wp","href":"https:\/\/api.w.org\/{rel}","templated":true}]}}