{"id":50236,"date":"2024-06-28T20:11:40","date_gmt":"2024-06-28T18:11:40","guid":{"rendered":"https:\/\/www.invarena.cz\/?p=50236"},"modified":"2024-06-28T20:11:41","modified_gmt":"2024-06-28T18:11:41","slug":"jirkovska-cesta-proti-bolesti-vynesla-263-tisic-korun-pomuze-ctyrem-detem","status":"publish","type":"post","link":"https:\/\/www.invarena.cz\/?p=50236","title":{"rendered":"Jirkovsk\u00e1 Cesta proti bolesti vynesla 263 tis\u00edc korun. Pom\u016f\u017ee \u010dty\u0159em d\u011btem"},"content":{"rendered":"\n<p>Viktorka, Dominik, Ji\u0159\u00edk a Luk\u00e1\u0161. To jsou \u010dty\u0159i d\u011bti z Chomutovska, v jejich\u017e prosp\u011bch se letos v Jirkov\u011b odehr\u00e1val dal\u0161\u00ed ro\u010dn\u00edk Cesty proti bolesti. Obl\u00edben\u00e1 benefi\u010dn\u00ed akce vynesla d\u00edky p\u0159\u00edsp\u011bvk\u016fm \u00fa\u010dastn\u00edk\u016f 263 733 korun.<\/p>\n\n\n\n<p>I tentokr\u00e1t se po\u0159\u00e1daly na \u0159ece v centru m\u011bsta z\u00e1vody gumov\u00fdch ka\u010denek, kter\u00e9 div\u00e1ky poprv\u00e9 uchv\u00e1tily u\u017e p\u0159ed dv\u011bma lety. Roztomil\u00fdch hra\u010dek se nyn\u00ed poda\u0159ilo prodat v\u00edce ne\u017e \u010dty\u0159i sta a z\u00e1vody se musely jet ve \u010dty\u0159ech kolech. Lid\u00e9 p\u0159isp\u00edvali tak\u00e9 dal\u0161\u00edmi zp\u016fsoby. H\u00e1zeli pen\u00edze do kasi\u010dky, kupovali tri\u010dka s logem Cesty proti bolesti, prod\u00e1valy se v\u011bci darovan\u00e9 sponzory a tak\u00e9 p\u0159\u00edv\u011bsky na kl\u00ed\u010de s ka\u010denkami. Ty vytvo\u0159ila teprve desetilet\u00e1 Am\u00e1lka.<\/p>\n\n\n\n<p>\u201eOslovila n\u00e1s a nakonec m\u011bla na akci sv\u016fj st\u00e1nek. M\u011bla ohromn\u00fd \u00fasp\u011bch, lid\u00e9 k n\u00ed chodili nakupovat,\u201c vyzdvihl \u010dlen po\u0159\u00e1daj\u00edc\u00edho Nada\u010dn\u00edho fondu Cesta proti bolesti Bed\u0159ich Fry\u010d. \u201eMoc ji to bavilo, sed\u011bla tam s babi\u010dkou,\u201c doplnil. Celou z\u00edskanou \u010d\u00e1stku Am\u00e1lka po ode\u010dten\u00ed n\u00e1klad\u016f p\u0159edala nada\u010dn\u00edmu fondu.<\/p>\n\n\n\n<p>V m\u00edst\u011b po\u0159\u00e1d\u00e1n\u00ed akce se poda\u0159ilo vybrat v\u00edce ne\u017e 38 tis\u00edc z celkov\u00e9 \u010d\u00e1stky.<\/p>\n\n\n\n<p>Pen\u00edze poslou\u017e\u00ed d\u011btem, kter\u00e9 maj\u00ed kv\u016fli l\u00e9ka\u0159sk\u00e9 diagn\u00f3ze zt\u00ed\u017een\u00fd start do \u017eivota. T\u0159i z nich maj\u00ed poruchu autistick\u00e9ho spektra. \u010cty\u0159let\u00e1 Viktorka n\u00e1sledkem toho za\u010dala pozd\u011bji chodit, nemluv\u00ed a h\u016f\u0159e rozum\u00ed. D\u00edky v\u00fdnosu z benefi\u010dn\u00ed akce bude m\u00edt uhrazenou ergoterapii. Jedn\u00e1 se o typ l\u00e9\u010dby, kdy prob\u00edh\u00e1 u\u010den\u00ed tou nejp\u0159irozen\u011bj\u0161\u00ed formou, tedy pomoc\u00ed her a z\u00e1bavy.<\/p>\n\n\n\n<p>Stejnou terapii bude m\u00edt zaplacenou tak\u00e9 Ji\u0159\u00edk. P\u011btilet\u00fd chlape\u010dek se narodil jako zdrav\u00e9 d\u011b\u0165\u00e1tko, v kojeneck\u00e9m obdob\u00ed se ale pot\u00fdkal se zdravotn\u00edmi pot\u00ed\u017eemi a i po operac\u00edch byl \u010dasto nemocn\u00fd. \u201ePostupn\u011b p\u0159estal mluvit, stal se zak\u0159iknut\u00fdm a mamince za\u010dalo b\u00fdt jasn\u00e9, \u017ee je u Ji\u0159\u00edka n\u011bco jinak,\u201c popsal \u010dlen nada\u010dn\u00edho fondu. Dal\u0161\u00ed n\u00e1v\u0161t\u011bvy odborn\u00edk\u016f odhalily, \u017ee je za t\u00edm porucha autistick\u00e9ho spektra. Krom\u011b ergoterapie z\u00edsk\u00e1 tak\u00e9 speci\u00e1ln\u00ed tablet a dal\u0161\u00ed pom\u016fcky, kter\u00e9 usnadn\u00ed ka\u017edodenn\u00ed p\u00e9\u010di o n\u011bj.<\/p>\n\n\n\n<p>Stejnou diagn\u00f3zu m\u00e1 tak\u00e9 \u0161estilet\u00fd Dominik. I on se narodil jako zdrav\u00e9 miminko a do jeho 16 m\u011bs\u00edc\u016f nebylo poznat, \u017ee by mohl m\u00edt n\u011bjak\u00e9 pot\u00ed\u017ee. Postupn\u011b se v\u0161ak hor\u0161ily jeho dovednosti, p\u0159estal komunikovat, chodit a necht\u011bl j\u00edst. Chlape\u010dek nav\u0161t\u011bvuje speci\u00e1ln\u00ed t\u0159\u00eddu ve \u0161kolce a v z\u00e1\u0159\u00ed p\u016fjde do prvn\u00ed t\u0159\u00eddy speci\u00e1ln\u00ed \u0161koly. Pomohl by mu d\u011btsk\u00fd rotoped, na kter\u00e9m by mohl protahovat no\u017eky, a sedac\u00ed odpo\u010dinkov\u00fd vak. Oboj\u00ed mu bude d\u00edky v\u00fdnosu dop\u0159\u00e1no.<\/p>\n\n\n\n<p>\u010ctvrt\u00fd je \u0161estn\u00e1ctilet\u00fd Luk\u00e1\u0161, kter\u00fd \u017eije v \u00dastavu soci\u00e1ln\u00ed p\u00e9\u010de v \u017datci. Chlapec je invalidn\u00ed a trp\u00ed ment\u00e1ln\u00ed retardac\u00ed. \u201eProto\u017ee nem\u00e1 p\u0159\u00edjmy, nem\u016f\u017ee na v\u00fdlety, co\u017e je Luk\u00e1\u0161ovi l\u00edto. Dostane proto \u0161ek na 10 tis\u00edc korun, darujeme mu tak\u00e9 tablet,\u201c zm\u00ednil Fry\u010d.<\/p>\n\n\n\n<p>S charitativn\u00ed kampan\u00ed Cesta proti bolesti za\u010dal v roce 2015 Milan Dzuriak z Jirkova, mlad\u00fd mu\u017e, kter\u00fd je s\u00e1m nevyl\u00e9\u010diteln\u011b nemocn\u00fd. Proto\u017ee necht\u011bl propadat pocit\u016fm marnosti, sna\u017eil se p\u0159ekon\u00e1vat sv\u00e9 limity na cest\u00e1ch po \u010cesku a zahrani\u010d\u00ed ve prosp\u011bch d\u011bt\u00ed s posti\u017een\u00edm. Za sv\u00e9 \u00fasil\u00ed dostal od Nadace Via presti\u017en\u00ed ocen\u011bn\u00ed Bona Via. Pozd\u011bji stanul v \u010dele sou\u010dasn\u00e9ho Nada\u010dn\u00edho fondu Cesta proti bolesti.<\/p>\n\n\n\n<p>Jak Milan prozradil, zpo\u010d\u00e1tku nedoufal, \u017ee by se akce do\u010dkala tolika opakov\u00e1n\u00ed. \u201eKdy\u017e jsem s t\u00edm p\u0159i\u0161el za b\u00fdval\u00fdm starostou, myslel jsem si, \u017ee to bude jednor\u00e1zov\u00e1 akce. Ale jeliko\u017e m\u011bla u lid\u00ed velik\u00fd ohlas, \u0159ekli jsme si, pro\u010d ji ned\u011blat v\u00edckr\u00e1t. Dokud bude m\u00edt takovou s\u00edlu, \u017ee re\u00e1ln\u011b bude moct pomoct, byla by \u0161koda s n\u00ed skon\u010dit. D\u00edky tomu za sebou m\u00e1me osm\u00fd ro\u010dn\u00edk, proto\u017ee lid\u00e9 po\u0159\u00e1d chod\u00ed a bav\u00ed je to,\u201c dodal spokojen\u011b.<\/p>\n\n\n\n<p>Miroslava \u0160ebestov\u00e1<\/p>\n\n\n\n<p>Chomutovsk\u00fd den\u00edk<\/p>\n\n\n\n<p><a href=\"https:\/\/chomutovsky.denik.cz\" target=\"_blank\" rel=\"noreferrer noopener\">https:\/\/chomutovsky.denik.cz<\/a><\/p>\n","protected":false},"excerpt":{"rendered":"<div class=\"mh-excerpt\"><p>Viktorka, Dominik, Ji\u0159\u00edk a Luk\u00e1\u0161. To jsou \u010dty\u0159i d\u011bti z Chomutovska, v jejich\u017e prosp\u011bch se letos v Jirkov\u011b odehr\u00e1val dal\u0161\u00ed ro\u010dn\u00edk Cesty proti bolesti. Obl\u00edben\u00e1 <a class=\"mh-excerpt-more\" href=\"https:\/\/www.invarena.cz\/?p=50236\" title=\"Jirkovsk\u00e1 Cesta proti bolesti vynesla 263 tis\u00edc korun. Pom\u016f\u017ee \u010dty\u0159em d\u011btem\">[&#8230;]<\/a><\/p>\n<\/div>","protected":false},"author":1,"featured_media":18794,"comment_status":"open","ping_status":"closed","sticky":false,"template":"","format":"standard","meta":{"footnotes":""},"categories":[9],"tags":[],"class_list":["post-50236","post","type-post","status-publish","format-standard","has-post-thumbnail","hentry","category-zpravy"],"_links":{"self":[{"href":"https:\/\/www.invarena.cz\/index.php?rest_route=\/wp\/v2\/posts\/50236","targetHints":{"allow":["GET"]}}],"collection":[{"href":"https:\/\/www.invarena.cz\/index.php?rest_route=\/wp\/v2\/posts"}],"about":[{"href":"https:\/\/www.invarena.cz\/index.php?rest_route=\/wp\/v2\/types\/post"}],"author":[{"embeddable":true,"href":"https:\/\/www.invarena.cz\/index.php?rest_route=\/wp\/v2\/users\/1"}],"replies":[{"embeddable":true,"href":"https:\/\/www.invarena.cz\/index.php?rest_route=%2Fwp%2Fv2%2Fcomments&post=50236"}],"version-history":[{"count":0,"href":"https:\/\/www.invarena.cz\/index.php?rest_route=\/wp\/v2\/posts\/50236\/revisions"}],"wp:featuredmedia":[{"embeddable":true,"href":"https:\/\/www.invarena.cz\/index.php?rest_route=\/wp\/v2\/media\/18794"}],"wp:attachment":[{"href":"https:\/\/www.invarena.cz\/index.php?rest_route=%2Fwp%2Fv2%2Fmedia&parent=50236"}],"wp:term":[{"taxonomy":"category","embeddable":true,"href":"https:\/\/www.invarena.cz\/index.php?rest_route=%2Fwp%2Fv2%2Fcategories&post=50236"},{"taxonomy":"post_tag","embeddable":true,"href":"https:\/\/www.invarena.cz\/index.php?rest_route=%2Fwp%2Fv2%2Ftags&post=50236"}],"curies":[{"name":"wp","href":"https:\/\/api.w.org\/{rel}","templated":true}]}}