{"id":50249,"date":"2024-06-29T14:52:10","date_gmt":"2024-06-29T12:52:10","guid":{"rendered":"https:\/\/www.invarena.cz\/?p=50249"},"modified":"2024-06-29T15:16:23","modified_gmt":"2024-06-29T13:16:23","slug":"video-ministryne-ukazala-na-akci-publiku-sve-poprsi-stala-se-queer-patronkou","status":"publish","type":"post","link":"https:\/\/www.invarena.cz\/?p=50249","title":{"rendered":"Ministryn\u011b uk\u00e1zala na akci LGBTQ+ sv\u00e9 poprs\u00ed. Stala se queer patronkou"},"content":{"rendered":"\n<p>Jedn\u00e9 z\u00a0akc\u00ed norsk\u00e9 oslavy rovnopr\u00e1vnosti LGBTQ+ kultury se\u00a0\u00fa\u010dastnila i\u00a0norsk\u00e1 ministryn\u011b kultury a\u00a0rovnopr\u00e1vnosti Lubna Jafferyov\u00e1. V\u0161echny p\u0159\u00edtomn\u00e9 p\u0159ekvapila, kdy\u017e\u00a0na\u00a0oslavn\u00e9 akci uk\u00e1zala sv\u00e9 poprs\u00ed. <\/p>\n\n\n\n<p>Norsk\u00e1 ministryn\u011b kultury a\u00a0rovnopr\u00e1vnosti Lubna Jafferyov\u00e1 byla v\u00a0r\u00e1mci leto\u0161n\u00edho Oslo Pride jmenov\u00e1na\u00a0queer patronkou. T\u00edmto titulem byla velmi poct\u011bna\u00a0a\u00a0b\u011bhem sv\u00e9 prezentace se\u00a0tak rozhodla k\u00a0odv\u00e1\u017en\u00e9mu kroku, kdy si vyhrnula halenku a\u00a0publiku odhalila \u0148adra. <\/p>\n\n\n\n<p>&#8222;Jako ministryn\u011b pro\u00a0kulturu a\u00a0rovnost a\u00a0nyn\u00ed jako patron queer\u016f bych cht\u011bla, aby se\u00a0quee\u0159i\u00a0c\u00edtili bezpe\u010dn\u011b a\u00a0svobodn\u011b, toto je mal\u00fd p\u0159\u00edsp\u011bvek,&#8220; komentovala sv\u00e9 vystoupen\u00ed Jafferyov\u00e1.<\/p>\n\n\n\n<p><a href=\"https:\/\/x.com\/peacemaket71\/status\/1806904306357928055?ref_src=twsrc%5Etfw%7Ctwcamp%5Etweetembed%7Ctwterm%5E1806904306357928055%7Ctwgr%5E005f78ba5188ee3115f85c44ae2e1b1df6c0bf5c%7Ctwcon%5Es1_&amp;ref_url=https%3A%2F%2Fecho24.cz%2Fa%2FHQBbw%2Fzpravy-svet-ministryne-ukazala-poprsi-stala-se-queer-patronkou\">VIDEO ZDE<\/a><\/p>\n\n\n\n<p>A\u010dkoliv takov\u00e9 chov\u00e1n\u00ed vysok\u00fdch politik\u016f nen\u00ed b\u011b\u017en\u00e9, norsk\u00fd premi\u00e9r se\u00a0k\u00a0p\u0159edstaven\u00ed ministryn\u011b stav\u00ed pozitivn\u011b. &#8222;Lubna je bezpe\u010dn\u00fd, svobodn\u00fd a\u00a0\u00fa\u017easn\u00fd \u010dlov\u011bk, kter\u00fd je v\u0159ele p\u0159\u00edtomen na\u00a0kulturn\u00edch akc\u00edch po\u00a0cel\u00e9 zemi. V\u010dera byla tak\u00e9 v\u00a0Oslu a\u00a0mysl\u00edm, \u017ee je to \u00fapln\u011b v\u00a0po\u0159\u00e1dku,&#8220; uvedl podle norsk\u00e9 ve\u0159ejnopr\u00e1vn\u00ed televize\u00a0<a href=\"https:\/\/www.nrk.no\/norge\/kulturministeren-viste-puppene-pa-pride-arrangement-1.16941581\" target=\"_blank\" rel=\"noreferrer noopener\">NRK<\/a>\u00a0norsk\u00fd premi\u00e9r Jonas Gahr St\u00f8re den pot\u00e9, co k\u00a0ud\u00e1losti do\u0161lo.<\/p>\n\n\n\n<p><\/p>\n","protected":false},"excerpt":{"rendered":"<div class=\"mh-excerpt\"><p>Jedn\u00e9 z\u00a0akc\u00ed norsk\u00e9 oslavy rovnopr\u00e1vnosti LGBTQ+ kultury se\u00a0\u00fa\u010dastnila i\u00a0norsk\u00e1 ministryn\u011b kultury a\u00a0rovnopr\u00e1vnosti Lubna Jafferyov\u00e1. V\u0161echny p\u0159\u00edtomn\u00e9 p\u0159ekvapila, kdy\u017e\u00a0na\u00a0oslavn\u00e9 akci uk\u00e1zala sv\u00e9 poprs\u00ed. Norsk\u00e1 ministryn\u011b kultury <a class=\"mh-excerpt-more\" href=\"https:\/\/www.invarena.cz\/?p=50249\" title=\"Ministryn\u011b uk\u00e1zala na akci LGBTQ+ sv\u00e9 poprs\u00ed. Stala se queer patronkou\">[&#8230;]<\/a><\/p>\n<\/div>","protected":false},"author":1,"featured_media":50256,"comment_status":"open","ping_status":"closed","sticky":false,"template":"","format":"standard","meta":{"footnotes":""},"categories":[7],"tags":[],"class_list":["post-50249","post","type-post","status-publish","format-standard","has-post-thumbnail","hentry","category-spolecnost"],"_links":{"self":[{"href":"https:\/\/www.invarena.cz\/index.php?rest_route=\/wp\/v2\/posts\/50249","targetHints":{"allow":["GET"]}}],"collection":[{"href":"https:\/\/www.invarena.cz\/index.php?rest_route=\/wp\/v2\/posts"}],"about":[{"href":"https:\/\/www.invarena.cz\/index.php?rest_route=\/wp\/v2\/types\/post"}],"author":[{"embeddable":true,"href":"https:\/\/www.invarena.cz\/index.php?rest_route=\/wp\/v2\/users\/1"}],"replies":[{"embeddable":true,"href":"https:\/\/www.invarena.cz\/index.php?rest_route=%2Fwp%2Fv2%2Fcomments&post=50249"}],"version-history":[{"count":0,"href":"https:\/\/www.invarena.cz\/index.php?rest_route=\/wp\/v2\/posts\/50249\/revisions"}],"wp:featuredmedia":[{"embeddable":true,"href":"https:\/\/www.invarena.cz\/index.php?rest_route=\/wp\/v2\/media\/50256"}],"wp:attachment":[{"href":"https:\/\/www.invarena.cz\/index.php?rest_route=%2Fwp%2Fv2%2Fmedia&parent=50249"}],"wp:term":[{"taxonomy":"category","embeddable":true,"href":"https:\/\/www.invarena.cz\/index.php?rest_route=%2Fwp%2Fv2%2Fcategories&post=50249"},{"taxonomy":"post_tag","embeddable":true,"href":"https:\/\/www.invarena.cz\/index.php?rest_route=%2Fwp%2Fv2%2Ftags&post=50249"}],"curies":[{"name":"wp","href":"https:\/\/api.w.org\/{rel}","templated":true}]}}