{"id":5026,"date":"2013-06-05T12:34:43","date_gmt":"2013-06-05T10:34:43","guid":{"rendered":"http:\/\/www.invarena.cz\/?p=5026"},"modified":"2013-06-05T13:44:55","modified_gmt":"2013-06-05T11:44:55","slug":"bojuje-za-pravo-zemrit","status":"publish","type":"post","link":"https:\/\/www.invarena.cz\/?p=5026","title":{"rendered":"Bojuje za pr\u00e1vo zem\u0159\u00edt"},"content":{"rendered":"<p><strong>Po dvaceti letech chronick\u00fdch bolest\u00ed chce osmapades\u00e1tilet\u00fd Paul Lamb z Leedsu (na sn\u00edmku) jen jedno. D\u016fstojn\u011b zem\u0159\u00edt. A aby mu to bylo umo\u017en\u011bno, za\u010dal se soudit.<br \/>\n<\/strong><\/p>\n<p><!--more--><\/p>\n<p>Britsk\u00fd nejvy\u0161\u0161\u00ed odvolac\u00ed soud za\u010dal projedn\u00e1vat p\u0159\u00edpad dvou paralyzovan\u00fdch mu\u017e\u016f. Ti cht\u011bj\u00ed z\u00e1ruku beztrestnosti pro l\u00e9ka\u0159e, pokud ukon\u010d\u00ed jejich \u017eivoty asistovanou sebevra\u017edou.<\/p>\n<p>Oba mu\u017ei jsou v bolestech upout\u00e1ni na l\u016f\u017eko bez mo\u017enosti pohybu a jsou zcela z\u00e1visl\u00ed na sv\u00e9m okol\u00ed.<\/p>\n<p>Osmapades\u00e1tilet\u00fd Paul Lamb z Leedsu je paralyzov\u00e1n po automobilov\u00e9 nehod\u011b od krku dol\u016f. Okolnosti handicapu o 10 let mlad\u0161\u00edho mu\u017ee, zn\u00e1m\u00e9ho pod jm\u00e9nem Martin, nejsou zn\u00e1my.<\/p>\n<p>Paul Lamb trp\u00ed neust\u00e1l\u00fdmi bolestmi, proti nim\u017e b\u011b\u017en\u00e1 analgetika p\u0159\u00edli\u0161 nepom\u00e1haj\u00ed.\u00a0 Morfin nebo ketamin mu poskytuj\u00ed jen do\u010dasnou \u00falevu. Cel\u00e9 dny sed\u00ed v invalidn\u00edm voz\u00edku p\u0159ed televiz\u00ed. Ale to, co se d\u011bje na obrazovce, p\u0159\u00edli\u0161 nevn\u00edm\u00e1. Nezaj\u00edm\u00e1 ho to.<\/p>\n<p>&#8222;Dosud jsem se na \u017eivot d\u00edval a hodnotil negativa a pozitiva. Nyn\u00ed m\u00e1m ale u\u017e dost tohoto \u017eivota, ve kter\u00e9m ji\u017e nevid\u00edm v ni\u010dem \u017e\u00e1dn\u00fd smysl,&#8220; \u0159\u00edk\u00e1.<\/p>\n<p>S\u00e1m si v\u0161ak kv\u016fli paral\u00fdze v\u0161ech kon\u010detin vz\u00edt \u017eivot nedok\u00e1\u017ee a pot\u0159ebuje pomoc l\u00e9ka\u0159e. A tak \u017e\u00e1d\u00e1 soud, aby mu povolil asistovanou sebevra\u017edu.<\/p>\n<p>&#8222;P\u0159eji si nal\u00e9zt m\u00edr. Vol\u00edm tuto cestu a nen\u00ed to proto, \u017ee bych nad sebou c\u00edtil l\u00edtost. Cht\u011bl bych d\u016fstojn\u011b zem\u0159\u00edt doma a se sv\u00fdmi bl\u00edzk\u00fdmi kolem sebe. Chci jim \u0159\u00edci,&#8220;miluju v\u00e1s, m\u011bjte dobr\u00fd \u017eivot a v dobr\u00e9m na m\u011b vzpom\u00ednejte,&#8220;&#8220; \u0159ekl Lamb.<\/p>\n<p>Odvolac\u00ed soudce prohl\u00e1sil, \u017ee c\u00edt\u00ed s ob\u011bma mu\u017ei velk\u00e9 sympatie. Ty v\u0161ak pro rozhodov\u00e1n\u00ed nesta\u010d\u00ed. Jedn\u00e1n\u00ed soudu potrv\u00e1 je\u0161t\u011b n\u011bkolik dn\u00ed, mo\u017en\u00e1 t\u00fddn\u016f.<\/p>\n<p>invArena<\/p>\n","protected":false},"excerpt":{"rendered":"<div class=\"mh-excerpt\"><p>Po dvaceti letech chronick\u00fdch bolest\u00ed chce osmapades\u00e1tilet\u00fd Paul Lamb z Leedsu (na sn\u00edmku) jen jedno. D\u016fstojn\u011b zem\u0159\u00edt. A aby mu to bylo umo\u017en\u011bno, za\u010dal se <a class=\"mh-excerpt-more\" href=\"https:\/\/www.invarena.cz\/?p=5026\" title=\"Bojuje za pr\u00e1vo zem\u0159\u00edt\">[&#8230;]<\/a><\/p>\n<\/div>","protected":false},"author":1,"featured_media":6146,"comment_status":"open","ping_status":"open","sticky":false,"template":"","format":"standard","meta":{"footnotes":""},"categories":[7],"tags":[],"class_list":["post-5026","post","type-post","status-publish","format-standard","has-post-thumbnail","hentry","category-spolecnost"],"_links":{"self":[{"href":"https:\/\/www.invarena.cz\/index.php?rest_route=\/wp\/v2\/posts\/5026","targetHints":{"allow":["GET"]}}],"collection":[{"href":"https:\/\/www.invarena.cz\/index.php?rest_route=\/wp\/v2\/posts"}],"about":[{"href":"https:\/\/www.invarena.cz\/index.php?rest_route=\/wp\/v2\/types\/post"}],"author":[{"embeddable":true,"href":"https:\/\/www.invarena.cz\/index.php?rest_route=\/wp\/v2\/users\/1"}],"replies":[{"embeddable":true,"href":"https:\/\/www.invarena.cz\/index.php?rest_route=%2Fwp%2Fv2%2Fcomments&post=5026"}],"version-history":[{"count":0,"href":"https:\/\/www.invarena.cz\/index.php?rest_route=\/wp\/v2\/posts\/5026\/revisions"}],"wp:featuredmedia":[{"embeddable":true,"href":"https:\/\/www.invarena.cz\/index.php?rest_route=\/wp\/v2\/media\/6146"}],"wp:attachment":[{"href":"https:\/\/www.invarena.cz\/index.php?rest_route=%2Fwp%2Fv2%2Fmedia&parent=5026"}],"wp:term":[{"taxonomy":"category","embeddable":true,"href":"https:\/\/www.invarena.cz\/index.php?rest_route=%2Fwp%2Fv2%2Fcategories&post=5026"},{"taxonomy":"post_tag","embeddable":true,"href":"https:\/\/www.invarena.cz\/index.php?rest_route=%2Fwp%2Fv2%2Ftags&post=5026"}],"curies":[{"name":"wp","href":"https:\/\/api.w.org\/{rel}","templated":true}]}}