{"id":50292,"date":"2024-07-01T11:33:27","date_gmt":"2024-07-01T09:33:27","guid":{"rendered":"https:\/\/www.invarena.cz\/?p=50292"},"modified":"2024-07-01T11:33:27","modified_gmt":"2024-07-01T09:33:27","slug":"minimalni-mzda-se-bude-zvysovat-automaticky","status":"publish","type":"post","link":"https:\/\/www.invarena.cz\/?p=50292","title":{"rendered":"Minim\u00e1ln\u00ed mzda se bude zvy\u0161ovat automaticky\u00a0\u00a0"},"content":{"rendered":"\n<p>\u00a0\u010cT 1\u00a0&#8211; Ud\u00e1losti<br \/><br \/>Minim\u00e1ln\u00ed mzda se m\u00e1 od ledna zvednout o 1 700 K\u010d m\u011bs\u00ed\u010dn\u011b na 20 600 hrub\u00e9ho. Podle dnes schv\u00e1len\u00e9 novely z\u00e1kon\u00edku pr\u00e1ce a podle dat ministerstev to spo\u010d\u00edtala \u010cesk\u00e1 televize.<br \/><br \/>Poslanci odsouhlasili postupn\u00e9 automatick\u00e9 zvy\u0161ov\u00e1n\u00ed do roku 2029. Z leto\u0161n\u00edch 41 % pr\u016fm\u011brn\u00e9ho v\u00fdd\u011blku na 47 %. Vicepremi\u00e9r Jure\u010dka je p\u0159esv\u011bd\u010den\u00fd, \u017ee firmy si ten pr\u00e1v\u011b zm\u00edn\u011bn\u00fd r\u016fst na v\u00edc ne\u017e 20 500 v p\u0159\u00ed\u0161t\u00edm roce budou moct dovolit.<br \/><br \/>Marian JURE\u010cKA, vicepremi\u00e9r,\u00a0<strong>ministr<\/strong>\u00a0<strong>pr\u00e1ce<\/strong>\u00a0a soci\u00e1ln\u00edch v\u011bc\u00ed, p\u0159edseda strany \/KDU-\u010cSL\/<br \/>&#8212;&#8212;&#8212;&#8212;&#8212;&#8212;&#8211;<br \/>J\u00e1 mohu potvrdit, \u017ee zhruba v tomto rozptyl bychom se m\u011bli pohybovat, my v\u00edme, \u017ee v p\u0159\u00ed\u0161t\u00edch p\u011bti letech poroste ta minim\u00e1ln\u00ed mzda o 1,2 % v\u017edycky nahoru v\u016f\u010di t\u00e9 pr\u016fm\u011brn\u00e9, m\u011bli bychom se vlastn\u011b n\u011bkdy v tom roce 2029 dostat a\u017e na hodnotu kolem 28 000 K\u010d minim\u00e1ln\u00ed mzdy.<\/p>\n\n\n\n<p>Marian JURE\u010cKA, vicepremi\u00e9r,\u00a0<strong>ministr<\/strong>\u00a0<strong>pr\u00e1ce<\/strong>\u00a0a soci\u00e1ln\u00edch v\u011bc\u00ed, p\u0159edseda strany \/KDU-\u010cSL\/<br \/>&#8212;&#8212;&#8212;&#8212;&#8212;&#8212;&#8211;<br \/>Nastavujeme ten r\u016fst minim\u00e1ln\u00ed mzdy takov\u00fdm tempem na takovou hodnotu, kter\u00e1 tady historicky nikdy nebyla, tak vlastn\u011b to zv\u00fd\u0161en\u00ed n\u00e1m pokryje oproti t\u00e9 sou\u010dasn\u00e9 situaci to, \u017ee vlastn\u011b t\u011bch prvn\u00edch \u0161est stup\u0148\u016f t\u00e9 minim\u00e1ln\u00ed zaru\u010den\u00e9 mzdy vlastn\u011b bude p\u0159ekon\u00e1no tou samotnou hodnotou minim\u00e1ln\u00ed mzdy, to znamen\u00e1 do t\u0159in\u00e1ct\u00e9 platov\u00e9 t\u0159\u00eddy.<br \/><br \/>Ale\u0161 JUCHELKA, \u010dlen v\u00fdboru pro soci\u00e1ln\u00ed politiku, PS \/ANO\/<br \/>&#8212;&#8212;&#8212;&#8212;&#8212;&#8212;&#8211;<br \/>My vlastn\u011b dos\u00e1hneme a\u017e v roce 2027 \u00farovn\u011b roku 2021, tak bychom je\u0161t\u011b v t\u011bch \u010dty\u0159ech stupn\u00edch ty zaru\u010den\u00e9 mzdy dle m\u00e9ho n\u00e1zoru m\u011bli ponechat.<\/p>\n","protected":false},"excerpt":{"rendered":"<div class=\"mh-excerpt\"><p>\u00a0\u010cT 1\u00a0&#8211; Ud\u00e1losti Minim\u00e1ln\u00ed mzda se m\u00e1 od ledna zvednout o 1 700 K\u010d m\u011bs\u00ed\u010dn\u011b na 20 600 hrub\u00e9ho. Podle dnes schv\u00e1len\u00e9 novely z\u00e1kon\u00edku pr\u00e1ce <a class=\"mh-excerpt-more\" href=\"https:\/\/www.invarena.cz\/?p=50292\" title=\"Minim\u00e1ln\u00ed mzda se bude zvy\u0161ovat automaticky\u00a0\u00a0\">[&#8230;]<\/a><\/p>\n<\/div>","protected":false},"author":1,"featured_media":19889,"comment_status":"open","ping_status":"closed","sticky":false,"template":"","format":"standard","meta":{"footnotes":""},"categories":[1],"tags":[],"class_list":["post-50292","post","type-post","status-publish","format-standard","has-post-thumbnail","hentry","category-nezarazene"],"_links":{"self":[{"href":"https:\/\/www.invarena.cz\/index.php?rest_route=\/wp\/v2\/posts\/50292","targetHints":{"allow":["GET"]}}],"collection":[{"href":"https:\/\/www.invarena.cz\/index.php?rest_route=\/wp\/v2\/posts"}],"about":[{"href":"https:\/\/www.invarena.cz\/index.php?rest_route=\/wp\/v2\/types\/post"}],"author":[{"embeddable":true,"href":"https:\/\/www.invarena.cz\/index.php?rest_route=\/wp\/v2\/users\/1"}],"replies":[{"embeddable":true,"href":"https:\/\/www.invarena.cz\/index.php?rest_route=%2Fwp%2Fv2%2Fcomments&post=50292"}],"version-history":[{"count":0,"href":"https:\/\/www.invarena.cz\/index.php?rest_route=\/wp\/v2\/posts\/50292\/revisions"}],"wp:featuredmedia":[{"embeddable":true,"href":"https:\/\/www.invarena.cz\/index.php?rest_route=\/wp\/v2\/media\/19889"}],"wp:attachment":[{"href":"https:\/\/www.invarena.cz\/index.php?rest_route=%2Fwp%2Fv2%2Fmedia&parent=50292"}],"wp:term":[{"taxonomy":"category","embeddable":true,"href":"https:\/\/www.invarena.cz\/index.php?rest_route=%2Fwp%2Fv2%2Fcategories&post=50292"},{"taxonomy":"post_tag","embeddable":true,"href":"https:\/\/www.invarena.cz\/index.php?rest_route=%2Fwp%2Fv2%2Ftags&post=50292"}],"curies":[{"name":"wp","href":"https:\/\/api.w.org\/{rel}","templated":true}]}}