{"id":50384,"date":"2024-07-03T12:26:53","date_gmt":"2024-07-03T10:26:53","guid":{"rendered":"https:\/\/www.invarena.cz\/?p=50384"},"modified":"2024-07-03T12:26:54","modified_gmt":"2024-07-03T10:26:54","slug":"prakticti-lekari-mohou-nove-predepisovat-dalsi-tisicovku-leku","status":"publish","type":"post","link":"https:\/\/www.invarena.cz\/?p=50384","title":{"rendered":"Prakti\u010dt\u00ed l\u00e9ka\u0159i mohou nov\u011b p\u0159edepisovat dal\u0161\u00ed tis\u00edcovku l\u00e9k\u016f"},"content":{"rendered":"\n<p><em>Ulev\u00ed pacient\u016fm i specialist\u016fm<\/em><\/p>\n\n\n\n<p><strong>Praha, 3. 7. 2024 \u2013 N\u011bkter\u00e9 l\u00e9ky na cukrovku, poruchy sr\u00e1\u017elivosti krve, ko\u017en\u00ed, o\u010dn\u00ed \u010di urologick\u00e9 probl\u00e9my \u2013 prakti\u010dt\u00ed l\u00e9ka\u0159i je mohou od 1. \u010dervence nov\u011b p\u0159edepisovat sv\u00fdm pacient\u016fm bez omezen\u00ed. Nemus\u00ed je tak u\u017e pos\u00edlat k&nbsp;ambulantn\u00edm specialist\u016fm, a to d\u00edky vl\u00e1dn\u00ed vyhl\u00e1\u0161ce, kter\u00e1 zm\u00edr\u0148uje dosavadn\u00ed preskrip\u010dn\u00ed omezen\u00ed. V \u010cesku je v sou\u010dasn\u00e9 dob\u011b registrov\u00e1no p\u0159ibli\u017en\u011b 5 000 l\u00e9k\u016f, praktici ale doposud mohli p\u0159edepisovat pouze polovinu z&nbsp;nich. Te\u010f k&nbsp;nim p\u0159ibylo dal\u0161\u00edch p\u0159ibli\u017en\u011b tis\u00edc prepar\u00e1t\u016f.<\/strong><\/p>\n\n\n\n<p>\u201e<em>Nikde v Evrop\u011b nem\u00e1 obdoby, \u017ee by praktici mohli p\u0159edepisovat pouze 50 % l\u00e9k\u016f dostupn\u00fdch na trhu. O zm\u011bnu jsme usilovali des\u00edtky let. Odvahu uvolnit dal\u0161\u00ed l\u00e9ky pro praktick\u00e9 l\u00e9ka\u0159e na\u0161el ale a\u017e ministr Vlastimil V\u00e1lek,\u201c<\/em> \u0159\u00edk\u00e1 MUDr. Petr \u0160onka, p\u0159edseda Sdru\u017een\u00ed praktick\u00fdch l\u00e9ka\u0159\u016f (SPL) \u010cR. Zm\u011bna vypl\u00fdv\u00e1 z\u00a0novely prov\u00e1d\u011bc\u00ed vyhl\u00e1\u0161ky \u010d. 376\/2011 Sb. k\u00a0z\u00e1konu o\u00a0ve\u0159ejn\u00e9m zdravotn\u00edm poji\u0161t\u011bn\u00ed a t\u00fdk\u00e1 se l\u00e9k\u016f s tzv. preskrip\u010dn\u00edm omezen\u00edm L. Ty mohli do 1. \u010dervence leto\u0161n\u00edho roku p\u0159edepisovat pouze ambulantn\u00ed specialist\u00e9 nebo prakti\u010dt\u00ed l\u00e9ka\u0159i, kter\u00fdm specialist\u00e9 preskripci schv\u00e1lili.<\/p>\n\n\n\n<p> <em>\u201ePacient\u016fm te\u010f bude moci l\u00e9ky, kter\u00e9 pot\u0159ebuj\u00ed, p\u0159edepsat rovnou praktik, tedy jejich nejbli\u017e\u0161\u00ed l\u00e9ka\u0159. V\u00fdrazn\u011b to pom\u016f\u017ee zejm\u00e9na v regionech, kde je \u0161patn\u00e1 dostupnost specializovan\u00e9 ambulantn\u00ed p\u00e9\u010de. Usnadn\u00ed to tak\u00e9 l\u00e9\u010dbu pacient\u016f v\u00a0pobytov\u00fdch za\u0159\u00edzen\u00edch soci\u00e1ln\u00edch slu\u017eeb a senior\u016f na venkov\u011b. Ti maj\u00ed p\u0159\u00edstup k l\u00e9k\u016fm nejkomplikovan\u011bj\u0161\u00ed,\u201c<\/em> vysv\u011btluje p\u0159edseda SPL \u010cR. <\/p>\n\n\n\n<p>Krom\u011b n\u011bkter\u00fdch l\u00e9k\u016f na cukrovku, poruchy sr\u00e1\u017elivosti krve \u010di ko\u017en\u00ed, o\u010dn\u00ed a urologick\u00e9 probl\u00e9my mohou prakti\u010dt\u00ed l\u00e9ka\u0159i nov\u011b p\u0159edepisovat tak\u00e9 kombinovan\u00e9 inhala\u010dn\u00ed prepar\u00e1ty na chronickou obstruk\u010dn\u00ed plicn\u00ed nemoc nebo astma. <em>\u201eD\u00edky tomu zv\u00fd\u0161\u00edme komfort pacient\u016f a zlep\u0161\u00edme p\u00e9\u010di o chronicky nemocn\u00e9. Ulev\u00edme tak\u00e9 ambulantn\u00edm specialist\u016fm, jejich\u017e ordinace jsou na mnoha m\u00edstech p\u0159et\u00ed\u017een\u00e9,\u201c<\/em> kvituje zm\u011bny plynouc\u00ed z vl\u00e1dn\u00ed vyhl\u00e1\u0161ky doc. MUDr. Svatopluk B\u00fdma, p\u0159edseda Spole\u010dnosti v\u0161eobecn\u00e9ho l\u00e9ka\u0159stv\u00ed \u010cLS JEP.<\/p>\n","protected":false},"excerpt":{"rendered":"<div class=\"mh-excerpt\"><p>Ulev\u00ed pacient\u016fm i specialist\u016fm Praha, 3. 7. 2024 \u2013 N\u011bkter\u00e9 l\u00e9ky na cukrovku, poruchy sr\u00e1\u017elivosti krve, ko\u017en\u00ed, o\u010dn\u00ed \u010di urologick\u00e9 probl\u00e9my \u2013 prakti\u010dt\u00ed l\u00e9ka\u0159i je <a class=\"mh-excerpt-more\" href=\"https:\/\/www.invarena.cz\/?p=50384\" title=\"Prakti\u010dt\u00ed l\u00e9ka\u0159i mohou nov\u011b p\u0159edepisovat dal\u0161\u00ed tis\u00edcovku l\u00e9k\u016f\">[&#8230;]<\/a><\/p>\n<\/div>","protected":false},"author":1,"featured_media":14888,"comment_status":"open","ping_status":"closed","sticky":false,"template":"","format":"standard","meta":{"footnotes":""},"categories":[11],"tags":[],"class_list":["post-50384","post","type-post","status-publish","format-standard","has-post-thumbnail","hentry","category-zdravi"],"_links":{"self":[{"href":"https:\/\/www.invarena.cz\/index.php?rest_route=\/wp\/v2\/posts\/50384","targetHints":{"allow":["GET"]}}],"collection":[{"href":"https:\/\/www.invarena.cz\/index.php?rest_route=\/wp\/v2\/posts"}],"about":[{"href":"https:\/\/www.invarena.cz\/index.php?rest_route=\/wp\/v2\/types\/post"}],"author":[{"embeddable":true,"href":"https:\/\/www.invarena.cz\/index.php?rest_route=\/wp\/v2\/users\/1"}],"replies":[{"embeddable":true,"href":"https:\/\/www.invarena.cz\/index.php?rest_route=%2Fwp%2Fv2%2Fcomments&post=50384"}],"version-history":[{"count":0,"href":"https:\/\/www.invarena.cz\/index.php?rest_route=\/wp\/v2\/posts\/50384\/revisions"}],"wp:featuredmedia":[{"embeddable":true,"href":"https:\/\/www.invarena.cz\/index.php?rest_route=\/wp\/v2\/media\/14888"}],"wp:attachment":[{"href":"https:\/\/www.invarena.cz\/index.php?rest_route=%2Fwp%2Fv2%2Fmedia&parent=50384"}],"wp:term":[{"taxonomy":"category","embeddable":true,"href":"https:\/\/www.invarena.cz\/index.php?rest_route=%2Fwp%2Fv2%2Fcategories&post=50384"},{"taxonomy":"post_tag","embeddable":true,"href":"https:\/\/www.invarena.cz\/index.php?rest_route=%2Fwp%2Fv2%2Ftags&post=50384"}],"curies":[{"name":"wp","href":"https:\/\/api.w.org\/{rel}","templated":true}]}}