{"id":50391,"date":"2024-07-04T00:36:18","date_gmt":"2024-07-03T22:36:18","guid":{"rendered":"https:\/\/www.invarena.cz\/?p=50391"},"modified":"2024-07-04T00:36:19","modified_gmt":"2024-07-03T22:36:19","slug":"radunska-oranzerie-laka-na-vystavu-i-romanticky-zazitek","status":"publish","type":"post","link":"https:\/\/www.invarena.cz\/?p=50391","title":{"rendered":"Radu\u0148sk\u00e1 oran\u017eerie l\u00e1k\u00e1 na v\u00fdstavu i romantick\u00fd z\u00e1\u017eitek"},"content":{"rendered":"\n<p>Dobr\u00fd tip na pr\u00e1zdninov\u00fd v\u00fdlet je romantick\u00fd radu\u0148sk\u00fd z\u00e1mek se svou oran\u017eeri\u00ed, kter\u00e1 n\u00e1v\u0161t\u011bvn\u00edky pot\u011b\u0161\u00ed z\u00e1plavou kv\u011btin i v\u00fdstavou. Ve v\u0161udyp\u0159\u00edtomn\u00e9 zeleni je k vid\u011bn\u00ed p\u0159ehl\u00eddka v\u00edt\u011bzn\u00fdch sn\u00edmk\u016f 16. ro\u010dn\u00edku charitn\u00ed fotosout\u011b\u017ee M\u016fj sv\u011bt.<\/p>\n\n\n\n<p>Jako \u00fapln\u011b prvn\u00ed si prohl\u00e9dli jej\u00ed auto\u0159i, klienti Charity Opava, pro kter\u00e9 kastel\u00e1nka Mark\u00e9ta Kou\u0159ilov\u00e1 uspo\u0159\u00e1dala v \u010dervnu akci s n\u00e1zvem Den Charity Opava na z\u00e1mku Raduni. Mezi t\u0159iceti vybran\u00fdmi sn\u00edmky je \u0161est fotografi\u00ed od t\u0159\u00ed opavsk\u00fdch autor\u016f. Krom\u011b prac\u00ed Petra Kubesy a Magdy Flegrov\u00e9 ze soci\u00e1ln\u011b terapeutick\u00e9 d\u00edlny Radost jsou k vid\u011bn\u00ed i dva sn\u00edmky Evy Rohovsk\u00e9, obyvatelky chr\u00e1n\u011bn\u00e9ho bydlen\u00ed Domu sv. Cyrila a Metod\u011bje.<\/p>\n\n\n\n<p>Z\u00e1me\u010dt\u00ed pr\u016fvodci p\u0159izp\u016fsobuj\u00ed prohl\u00eddky a koment\u00e1\u0159e tak, aby byly zaj\u00edmav\u00e9 a sd\u011bln\u00e9 i pro lidi s r\u016fzn\u00fdmi handicapy. Nevidom\u00ed nebo slabozrac\u00ed maj\u00ed krom\u011b speci\u00e1ln\u00edho v\u00fdkladu mo\u017enost osahat si n\u011bkter\u00e9 expon\u00e1ty, co\u017e b\u011b\u017en\u00fd n\u00e1v\u0161t\u011bvn\u00edk nem\u016f\u017ee. \u201eTyto charitn\u00ed n\u00e1v\u0161t\u011bvy jsou pro n\u00e1s velmi prosp\u011b\u0161n\u00e9. U\u010d\u00ed n\u00e1s, jak takov\u00e9to prohl\u00eddky koncipovat,\u201c \u0159\u00edk\u00e1 kastel\u00e1nka radu\u0148sk\u00e9ho z\u00e1mku Mark\u00e9ta Kou\u0159ilov\u00e1.<\/p>\n\n\n\n<p>Novoklasicistn\u00ed oran\u017e\u00e9rie tvo\u0159\u00ed se z\u00e1mkem jedno z nejromanti\u010dt\u011bj\u0161\u00edch m\u00edst v Moravskoslezsk\u00e9m kraji. Elegantn\u00ed p\u0159\u00edzemn\u00ed objekt s vysok\u00fdmi okny byl postaven za\u010d\u00e1tkem 19. stolet\u00ed a jeho \u00fakolem byla ochrana subtropick\u00fdch rostlin p\u0159ed chladem. Sou\u010dasn\u011b v\u0161ak poskytoval p\u0159\u00edjemn\u00e9 posezen\u00ed v dob\u011b, kdy bylo v parku u\u017e sychravo nebo zima. S p\u0159ilehlou okrasnou zahradou nab\u00edz\u00ed sb\u00edrku t\u00e9m\u011b\u0159 sedmi set cizokrajn\u00fdch rostlin a citrusov\u00fdch d\u0159evin.<\/p>\n\n\n\n<p>Jitka Hru\u0161kov\u00e1<\/p>\n\n\n\n<p>Opavsk\u00fd den\u00edk<\/p>\n\n\n\n<p><a href=\"https:\/\/opavsky.denik.cz\" target=\"_blank\" rel=\"noreferrer noopener\">https:\/\/opavsky.denik.cz<\/a><\/p>\n","protected":false},"excerpt":{"rendered":"<div class=\"mh-excerpt\"><p>Dobr\u00fd tip na pr\u00e1zdninov\u00fd v\u00fdlet je romantick\u00fd radu\u0148sk\u00fd z\u00e1mek se svou oran\u017eeri\u00ed, kter\u00e1 n\u00e1v\u0161t\u011bvn\u00edky pot\u011b\u0161\u00ed z\u00e1plavou kv\u011btin i v\u00fdstavou. Ve v\u0161udyp\u0159\u00edtomn\u00e9 zeleni je k vid\u011bn\u00ed <a class=\"mh-excerpt-more\" href=\"https:\/\/www.invarena.cz\/?p=50391\" title=\"Radu\u0148sk\u00e1 oran\u017eerie l\u00e1k\u00e1 na v\u00fdstavu i romantick\u00fd z\u00e1\u017eitek\">[&#8230;]<\/a><\/p>\n<\/div>","protected":false},"author":1,"featured_media":43411,"comment_status":"open","ping_status":"closed","sticky":false,"template":"","format":"standard","meta":{"footnotes":""},"categories":[9],"tags":[],"class_list":["post-50391","post","type-post","status-publish","format-standard","has-post-thumbnail","hentry","category-zpravy"],"_links":{"self":[{"href":"https:\/\/www.invarena.cz\/index.php?rest_route=\/wp\/v2\/posts\/50391","targetHints":{"allow":["GET"]}}],"collection":[{"href":"https:\/\/www.invarena.cz\/index.php?rest_route=\/wp\/v2\/posts"}],"about":[{"href":"https:\/\/www.invarena.cz\/index.php?rest_route=\/wp\/v2\/types\/post"}],"author":[{"embeddable":true,"href":"https:\/\/www.invarena.cz\/index.php?rest_route=\/wp\/v2\/users\/1"}],"replies":[{"embeddable":true,"href":"https:\/\/www.invarena.cz\/index.php?rest_route=%2Fwp%2Fv2%2Fcomments&post=50391"}],"version-history":[{"count":0,"href":"https:\/\/www.invarena.cz\/index.php?rest_route=\/wp\/v2\/posts\/50391\/revisions"}],"wp:featuredmedia":[{"embeddable":true,"href":"https:\/\/www.invarena.cz\/index.php?rest_route=\/wp\/v2\/media\/43411"}],"wp:attachment":[{"href":"https:\/\/www.invarena.cz\/index.php?rest_route=%2Fwp%2Fv2%2Fmedia&parent=50391"}],"wp:term":[{"taxonomy":"category","embeddable":true,"href":"https:\/\/www.invarena.cz\/index.php?rest_route=%2Fwp%2Fv2%2Fcategories&post=50391"},{"taxonomy":"post_tag","embeddable":true,"href":"https:\/\/www.invarena.cz\/index.php?rest_route=%2Fwp%2Fv2%2Ftags&post=50391"}],"curies":[{"name":"wp","href":"https:\/\/api.w.org\/{rel}","templated":true}]}}