{"id":50397,"date":"2024-07-04T00:59:15","date_gmt":"2024-07-03T22:59:15","guid":{"rendered":"https:\/\/www.invarena.cz\/?p=50397"},"modified":"2024-07-04T00:59:15","modified_gmt":"2024-07-03T22:59:15","slug":"uspesna-maxistafeta-v-chodove-prinesla-rekordni-vytezek-pro-materidousku","status":"publish","type":"post","link":"https:\/\/www.invarena.cz\/?p=50397","title":{"rendered":"\u00dasp\u011b\u0161n\u00e1 Maxi\u0161tafeta v Chodov\u011b p\u0159inesla rekordn\u00ed v\u00fdt\u011b\u017eek pro Mate\u0159\u00eddou\u0161ku"},"content":{"rendered":"\n<p>Minul\u00fd t\u00fdden jsme se z\u00fa\u010dastnili ji\u017e 24. ro\u010dn\u00edku chodovsk\u00e9 Maxi\u0161tafety. Jde o akci organizovanou pod hlavi\u010dkou \u0160koln\u00edho atletick\u00e9ho klubu Chodov, kter\u00e1 u\u017e neodmysliteln\u011b pat\u0159\u00ed k pravideln\u00fdm sportovn\u00edm ud\u00e1lostem Chodova.<\/p>\n\n\n\n<p>Kdo by v\u0161ak nev\u011bd\u011bl, o co jde &#8211; v pr\u016fb\u011bhu 24 hodin si \u00fa\u010dastn\u00edci b\u011bhu p\u0159ed\u00e1vaj\u00ed \u0161tafetov\u00fd kol\u00edk. C\u00edlem je vydr\u017eet a zdolat co nejv\u00edc kole\u010dek atletick\u00e9ho stadionu.<\/p>\n\n\n\n<p>I letos bylo dobrovoln\u00e9 startovn\u00e9 v\u011bnov\u00e1no Mate\u0159\u00eddou\u0161ce. A z toho m\u00e1me obrovskou radost, proto\u017ee se vybralo rekordn\u00edch 14 510 K\u010d! Vzhledem k tomu, \u017ee p\u0159\u00ed\u0161t\u00ed rok m\u00e1me v pl\u00e1nu po\u0159\u00eddit nov\u00e9 velk\u00e9 svozov\u00e9 vozidlo s rampou pro transport invalidn\u00edch voz\u00edk\u016f, hod\u00ed se doopravdy ka\u017ed\u00e1 koruna. D\u011bkujeme v\u0161em, kte\u0159\u00ed se zapojili a p\u0159isp\u011bli. Jste skv\u011bl\u00ed!<\/p>\n\n\n\n<p>DC Mate\u0159\u00eddou\u0161ka Chodov<\/p>\n\n\n\n<p>Sokolovsk\u00fd den\u00edk<\/p>\n\n\n\n<p><a href=\"https:\/\/sokolovsky.denik.cz\" target=\"_blank\" rel=\"noreferrer noopener\">https:\/\/sokolovsky.denik.cz<\/a><\/p>\n","protected":false},"excerpt":{"rendered":"<div class=\"mh-excerpt\"><p>Minul\u00fd t\u00fdden jsme se z\u00fa\u010dastnili ji\u017e 24. ro\u010dn\u00edku chodovsk\u00e9 Maxi\u0161tafety. Jde o akci organizovanou pod hlavi\u010dkou \u0160koln\u00edho atletick\u00e9ho klubu Chodov, kter\u00e1 u\u017e neodmysliteln\u011b pat\u0159\u00ed k <a class=\"mh-excerpt-more\" href=\"https:\/\/www.invarena.cz\/?p=50397\" title=\"\u00dasp\u011b\u0161n\u00e1 Maxi\u0161tafeta v Chodov\u011b p\u0159inesla rekordn\u00ed v\u00fdt\u011b\u017eek pro Mate\u0159\u00eddou\u0161ku\">[&#8230;]<\/a><\/p>\n<\/div>","protected":false},"author":1,"featured_media":21719,"comment_status":"open","ping_status":"closed","sticky":false,"template":"","format":"standard","meta":{"footnotes":""},"categories":[9],"tags":[],"class_list":["post-50397","post","type-post","status-publish","format-standard","has-post-thumbnail","hentry","category-zpravy"],"_links":{"self":[{"href":"https:\/\/www.invarena.cz\/index.php?rest_route=\/wp\/v2\/posts\/50397","targetHints":{"allow":["GET"]}}],"collection":[{"href":"https:\/\/www.invarena.cz\/index.php?rest_route=\/wp\/v2\/posts"}],"about":[{"href":"https:\/\/www.invarena.cz\/index.php?rest_route=\/wp\/v2\/types\/post"}],"author":[{"embeddable":true,"href":"https:\/\/www.invarena.cz\/index.php?rest_route=\/wp\/v2\/users\/1"}],"replies":[{"embeddable":true,"href":"https:\/\/www.invarena.cz\/index.php?rest_route=%2Fwp%2Fv2%2Fcomments&post=50397"}],"version-history":[{"count":0,"href":"https:\/\/www.invarena.cz\/index.php?rest_route=\/wp\/v2\/posts\/50397\/revisions"}],"wp:featuredmedia":[{"embeddable":true,"href":"https:\/\/www.invarena.cz\/index.php?rest_route=\/wp\/v2\/media\/21719"}],"wp:attachment":[{"href":"https:\/\/www.invarena.cz\/index.php?rest_route=%2Fwp%2Fv2%2Fmedia&parent=50397"}],"wp:term":[{"taxonomy":"category","embeddable":true,"href":"https:\/\/www.invarena.cz\/index.php?rest_route=%2Fwp%2Fv2%2Fcategories&post=50397"},{"taxonomy":"post_tag","embeddable":true,"href":"https:\/\/www.invarena.cz\/index.php?rest_route=%2Fwp%2Fv2%2Ftags&post=50397"}],"curies":[{"name":"wp","href":"https:\/\/api.w.org\/{rel}","templated":true}]}}