{"id":50400,"date":"2024-07-04T04:47:20","date_gmt":"2024-07-04T02:47:20","guid":{"rendered":"https:\/\/www.invarena.cz\/?p=50400"},"modified":"2024-07-04T04:47:20","modified_gmt":"2024-07-04T02:47:20","slug":"den-charity-na-karlovarskem-festivalu","status":"publish","type":"post","link":"https:\/\/www.invarena.cz\/?p=50400","title":{"rendered":"Den charity na karlovarsk\u00e9m festivalu\u00a0\u00a0"},"content":{"rendered":"\n<p>\u00a0\u010cT 1\u00a0<\/p>\n\n\n\n<p>Doprovodn\u00fd program Mezin\u00e1rodn\u00edho filmov\u00e9ho festivalu v Karlov\u00fdch Varech d\u00e1v\u00e1 prostor taky charitativn\u00edm organizac\u00edm. Letos je ofici\u00e1ln\u00edm neziskov\u00fdm partnerem Nadace Jakuba Vor\u00e1\u010dka, kter\u00e1 pom\u00e1h\u00e1 pacient\u016fm s roztrou\u0161enou skler\u00f3zou. Organizace p\u016fsob\u00ed u\u017e dev\u011bt let a \u010desk\u00fd hokejista ji zalo\u017eil se svou sestrou.<br \/><br \/>U\u017e skoro 10 let i d\u00edky hokeji pom\u00e1haj\u00ed pacient\u016fm s roztrou\u0161enou skler\u00f3zou. A letos Nadaci Jakuba Vor\u00e1\u010dka zase pom\u016f\u017ee Mezin\u00e1rodn\u00ed filmov\u00fd festival. Stala se jeho hlavn\u00edm neziskov\u00fdm partnerem.<br \/><br \/>Petra Klausov\u00e1, spoluzakladatelka, Nadace Jakuba Vor\u00e1\u010dka<br \/>&#8212;&#8212;&#8212;&#8212;&#8212;&#8212;&#8211;<br \/>M\u00e1me tady nada\u010dn\u00ed merch, z jeho\u017e prodeje ve\u0161ker\u00fd v\u00fdt\u011b\u017eek putuje pr\u00e1v\u011b na pacienty s roztrou\u0161enou skler\u00f3zou mozkom\u00ed\u0161n\u00ed. D\u00e1le pak tady m\u00e1me sout\u011b\u017e hokejovou.<br \/><br \/>redaktor<br \/>&#8212;&#8212;&#8212;&#8212;&#8212;&#8212;&#8211;<br \/>Sestra Jakuba Vor\u00e1\u010dka Petra Klausov\u00e1 nadaci spoluzalo\u017eila. P\u0159ed deseti lety j\u00ed roztrou\u0161enou skler\u00f3zu diagnostikovali. Od t\u00e9 doby ostatn\u00edm pom\u00e1haj\u00ed. \u017divot zlep\u0161ili tis\u00edc\u016fm lid\u00ed.<br \/><br \/>Petra Klausov\u00e1, spoluzakladatelka, Nadace Jakuba Vor\u00e1\u010dka<br \/>&#8212;&#8212;&#8212;&#8212;&#8212;&#8212;&#8211;<br \/>Se nejedn\u00e1 jenom o ty podpo\u0159en\u00e9 pacienty, ale samoz\u0159ejm\u011b i o jejich rodiny.<br \/><br \/>Jakub Vor\u00e1\u010dek (spoluzakladatel, Nadace Jakuba Vor\u00e1\u010dka, hokejista) ,<br \/>&#8212;&#8212;&#8212;&#8212;&#8212;&#8212;&#8211;<br \/>Za posledn\u00edch dev\u011bt let se n\u00e1m poda\u0159ilo vybrat p\u0159es 21 milion\u016f K\u010d.<br \/><br \/> redaktor<br \/>&#8212;&#8212;&#8212;&#8212;&#8212;&#8212;&#8211;<br \/>Nejv\u011bt\u0161\u00edm c\u00edlem nadace je stavba zdravotn\u00edho centra v T\u0159eboni. Ta m\u00e1 za\u010d\u00edt za dva roky a pacient\u016fm s roztrou\u0161enou skler\u00f3zou nab\u00eddne 40 l\u016f\u017eek. I d\u00edky Mezin\u00e1rodn\u00edmu filmov\u00e9mu festivalu je realizace o kousek bl\u00ed\u017e.<br \/><br \/>\u017daneta Cag\u00e1\u0161kov\u00e1, n\u00e1v\u0161t\u011bvnice MFF KV<br \/>&#8212;&#8212;&#8212;&#8212;&#8212;&#8212;&#8211;<br \/>Je to pro dobrou v\u011bc, \u017ee n\u011bkdo nehled\u00ed na sebe, ale chce ud\u011blat n\u011bco pro druh\u00fd. Te\u010fka jdeme toti\u017e z filmu Invaze o v\u00e1lce na Ukrajin\u011b, tak je to asi pot\u0159eba.<br \/><br \/> redaktor<br \/>&#8212;&#8212;&#8212;&#8212;&#8212;&#8212;&#8211;<br \/>K filmov\u00e9mu festivalu u\u017e neodmysliteln\u011b pat\u0159\u00ed tak\u00e9 organizace Kino bez bari\u00e9r. Projekt, kter\u00fd se u\u017e v\u00edc ne\u017e 20 let sna\u017e\u00ed zprost\u0159edkovat co nejlep\u0161\u00ed filmov\u00fd z\u00e1\u017eitek i handicapovan\u00fdm n\u00e1v\u0161t\u011bvn\u00edk\u016fm.<br \/><br \/>Jana Gabrielov\u00e1, koordin\u00e1torka, Kino bez bari\u00e9r<br \/>&#8212;&#8212;&#8212;&#8212;&#8212;&#8212;&#8211;<br \/>Dost\u00e1vaj\u00ed od n\u00e1s vstupenky zadarmo, zprost\u0159edkujeme jim dopravu tady po m\u011bst\u011b a bl\u00edzk\u00fdm okol\u00ed a hlavn\u011b chod\u00ed do velk\u00e9ho s\u00e1lu jako hv\u011bzdy po \u010derven\u00fdm koberci.<br \/><br \/> redaktor<br \/>&#8212;&#8212;&#8212;&#8212;&#8212;&#8212;&#8211;<br \/>Ten dnes rozvinuli tak\u00e9 na Ml\u00fdnsk\u00e9 kolon\u00e1d\u011b. Jako ka\u017edou festivalovou st\u0159edu na n\u011bm\u00a0<strong>voz\u00ed\u010dk\u00e1\u0159i<\/strong>\u00a0vystoupili pro ve\u0159ejnost.<\/p>\n\n\n\n<p>\u010cesk\u00e1 televize, Karlovy Vary.<\/p>\n\n\n\n<p><\/p>\n\n\n\n<p>\u00a0<\/p>\n","protected":false},"excerpt":{"rendered":"<div class=\"mh-excerpt\"><p>\u00a0\u010cT 1\u00a0 Doprovodn\u00fd program Mezin\u00e1rodn\u00edho filmov\u00e9ho festivalu v Karlov\u00fdch Varech d\u00e1v\u00e1 prostor taky charitativn\u00edm organizac\u00edm. Letos je ofici\u00e1ln\u00edm neziskov\u00fdm partnerem Nadace Jakuba Vor\u00e1\u010dka, kter\u00e1 pom\u00e1h\u00e1 <a class=\"mh-excerpt-more\" href=\"https:\/\/www.invarena.cz\/?p=50400\" title=\"Den charity na karlovarsk\u00e9m festivalu\u00a0\u00a0\">[&#8230;]<\/a><\/p>\n<\/div>","protected":false},"author":1,"featured_media":40709,"comment_status":"open","ping_status":"closed","sticky":false,"template":"","format":"standard","meta":{"footnotes":""},"categories":[7],"tags":[],"class_list":["post-50400","post","type-post","status-publish","format-standard","has-post-thumbnail","hentry","category-spolecnost"],"_links":{"self":[{"href":"https:\/\/www.invarena.cz\/index.php?rest_route=\/wp\/v2\/posts\/50400","targetHints":{"allow":["GET"]}}],"collection":[{"href":"https:\/\/www.invarena.cz\/index.php?rest_route=\/wp\/v2\/posts"}],"about":[{"href":"https:\/\/www.invarena.cz\/index.php?rest_route=\/wp\/v2\/types\/post"}],"author":[{"embeddable":true,"href":"https:\/\/www.invarena.cz\/index.php?rest_route=\/wp\/v2\/users\/1"}],"replies":[{"embeddable":true,"href":"https:\/\/www.invarena.cz\/index.php?rest_route=%2Fwp%2Fv2%2Fcomments&post=50400"}],"version-history":[{"count":0,"href":"https:\/\/www.invarena.cz\/index.php?rest_route=\/wp\/v2\/posts\/50400\/revisions"}],"wp:featuredmedia":[{"embeddable":true,"href":"https:\/\/www.invarena.cz\/index.php?rest_route=\/wp\/v2\/media\/40709"}],"wp:attachment":[{"href":"https:\/\/www.invarena.cz\/index.php?rest_route=%2Fwp%2Fv2%2Fmedia&parent=50400"}],"wp:term":[{"taxonomy":"category","embeddable":true,"href":"https:\/\/www.invarena.cz\/index.php?rest_route=%2Fwp%2Fv2%2Fcategories&post=50400"},{"taxonomy":"post_tag","embeddable":true,"href":"https:\/\/www.invarena.cz\/index.php?rest_route=%2Fwp%2Fv2%2Ftags&post=50400"}],"curies":[{"name":"wp","href":"https:\/\/api.w.org\/{rel}","templated":true}]}}