{"id":50403,"date":"2024-07-04T05:29:38","date_gmt":"2024-07-04T03:29:38","guid":{"rendered":"https:\/\/www.invarena.cz\/?p=50403"},"modified":"2024-07-04T05:31:47","modified_gmt":"2024-07-04T03:31:47","slug":"interview-ct24-marian-jurecka-2","status":"publish","type":"post","link":"https:\/\/www.invarena.cz\/?p=50403","title":{"rendered":"Jure\u010dka: Nad\u00e1le budeme finan\u010dn\u011b podporovat zam\u011bstn\u00e1v\u00e1n\u00ed osob se zdravotn\u00edm posti\u017een\u00edm"},"content":{"rendered":"\n<p>\u010cT 24<br \/><br \/>T\u00e9mata, kter\u00e1 nepo\u010dkaj\u00ed do konce pr\u00e1zdnin. Hostem Interview \u010cT24 je p\u0159edseda KDU-\u010cSL a <strong>ministr<\/strong>&nbsp;<strong>pr\u00e1ce<\/strong>&nbsp;a soci\u00e1ln\u00edch v\u011bc\u00ed Marian Jure\u010dka \/KDU-\u010cSL\/&#8230;<\/p>\n\n\n\n<p>Poj\u010fme k dne\u0161n\u00edmu jedn\u00e1n\u00ed vl\u00e1dy, na po\u0159adu dne byla agenda va\u0161eho ministerstva, novela z\u00e1kona o zam\u011bstnanosti a p\u0159idru\u017een\u00e9 normy. Vy jste na t\u00e9 tiskov\u00e9 konferenci po jedn\u00e1n\u00ed vl\u00e1dy vlastn\u011b jako prvn\u00ed bod zm\u00ednil ot\u00e1zku podpory zam\u011bstnanc\u016f s handicapem \u010di zdravotn\u00edm omezen\u00edm a \u010d\u00e1stku 10,5 miliardy korun, kter\u00e9 to stoj\u00ed st\u00e1t ka\u017ed\u00fd rok. S t\u00edm, \u017ee jste dodal: &#8222;V tomhle syst\u00e9mu jsou b\u00edl\u00e1 m\u00edsta na map\u011b.&#8220; Jak tomu rozum\u011bt? Tam doch\u00e1z\u00ed ke zneu\u017e\u00edv\u00e1n\u00ed nebo neefektivn\u00edmu vyu\u017e\u00edv\u00e1n\u00ed t\u011bchhle pen\u011bz?<br \/><br \/>Marian Jure\u010dka, <br \/>Ur\u010dit\u011b bych \u0159ekl, \u017ee v n\u011bkter\u00fdch situac\u00edch doch\u00e1zelo k neefektivn\u00edmu vyu\u017e\u00edv\u00e1n\u00ed t\u011bch finan\u010dn\u00edch prost\u0159edk\u016f. My jsme proto vedli zhruba v\u00edce ne\u017e rok jedn\u00e1n\u00ed i s t\u011bmi samotn\u00fdmi akt\u00e9ry toho chr\u00e1n\u011bn\u00e9ho trhu pr\u00e1ce, abysme opravdu s nimi prodiskutovali, kdy ty pen\u00edze st\u00e1t z pen\u011bz da\u0148ov\u00fdch poplatn\u00edk\u016f opravdu m\u00e1 sm\u011b\u0159ovat, kdy opravdu v\u00edme, \u017ee ten n\u00e1klad je spojen s t\u00edm, \u017ee tam pracuje \u010dlov\u011bk, kter\u00fd m\u00e1 handicap, m\u00e1 ni\u017e\u0161\u00ed v\u00fdkonnost, p\u0159\u00edpadn\u011b pot\u0159ebujeme adaptovat to pracovn\u00ed m\u00edsto nebo p\u0159\u00edpadn\u011b podpo\u0159it t\u0159eba dopravu t\u011bch lid\u00ed do t\u00e9 pr\u00e1ce a z pr\u00e1ce. To si mysl\u00edm, \u017ee jsme dok\u00e1zali vyprecizovat, dok\u00e1zali jsme to takto upravit z\u00e1konn\u011b, aby nebylo mo\u017en\u00e9 si ten z\u00e1kon dosavadn\u00ed vykl\u00e1dat r\u016fzn\u00fdmi zp\u016fsoby a potom n\u00e1rokovat finan\u010dn\u00ed prost\u0159edky na v\u011bci, kter\u00e9 u\u017e n\u00e1m nep\u0159ijdou efektivn\u00ed a smyslupln\u00e9.<br \/><br \/>moder\u00e1tor<br \/>&#8212;&#8212;&#8212;&#8212;&#8212;&#8212;&#8211;<br \/>Jenom, abych si to p\u0159edstavil \u00fapln\u011b konkr\u00e9tn\u011b. N\u011bkdo je na home officu a dost\u00e1v\u00e1 jeho zam\u011bstnavatel p\u0159\u00edsp\u011bvek na dopravu?<br \/><br \/>Marian Jure\u010dka, vicepremi\u00e9r,\u00a0<strong>ministr<\/strong>\u00a0<strong>pr\u00e1ce<\/strong>\u00a0a soci\u00e1ln\u00edch v\u011bc\u00ed, p\u0159edseda strany \/KDU-\u010cSL\/<br \/>&#8212;&#8212;&#8212;&#8212;&#8212;&#8212;&#8211;<br \/>To je t\u0159eba ot\u00e1zka n\u00e1klad\u016f, kter\u00e9 jsou spojen\u00e9 ve v\u00fdkladu a z p\u0159\u00edstupu n\u011bkter\u00fdch t\u011bchto akt\u00e9r\u016f na tom chr\u00e1n\u011bn\u00e9m trhu pr\u00e1ce, t\u0159eba z pohledu dovozu materi\u00e1lu a odvozu, potom p\u0159\u00edpadn\u011b i t\u011bch hotov\u00fdch v\u00fdrobk\u016f i na pom\u011brn\u011b velk\u00e9 vzd\u00e1lenosti. To jsou t\u0159eba momenty, kdy j\u00e1 \u0159\u00edk\u00e1m, to u\u017e z m\u00e9ho pohledu jako nen\u00ed to, co ten st\u00e1t m\u00e1 financovat, to u\u017e je opravdu to podnikatelsk\u00e9 riziko, kam se maj\u00ed kalkulovat tyto n\u00e1klady, ale my m\u00e1me t\u011bm firm\u00e1m a takto jsem se sna\u017eil to nastavit, zaplatit ten rozd\u00edl v tom, \u017ee ten \u010dlov\u011bk m\u00e1 ni\u017e\u0161\u00ed v\u00fdkonnost, \u017ee ten \u010dlov\u011bk pot\u0159ebuje n\u011bjakou adaptaci na to, aby mohl pracovat v n\u011bjak\u00e9m speci\u00e1ln\u00edm prost\u0159ed\u00ed, upraven\u00e9m pracovn\u00edm prost\u0159ed\u00ed a \u017ee p\u0159\u00edpadn\u011b toho \u010dlov\u011bka m\u00e1me podpo\u0159it t\u00edm, abysme ho do t\u00e9 pr\u00e1ce mohli dov\u00e9zt a z t\u00e9 pr\u00e1ce bezpe\u010dn\u011b odv\u00e9st. To jsou z\u00e1kladn\u00ed principi\u00e1ln\u00ed v\u011bci, kde ten st\u00e1t m\u00e1 \u0159\u00edct, ano, toto podporujeme a takto garantujeme, \u017ee ty pen\u00edze budou transparentn\u011b doru\u010den\u00e9 a cokoliv nad to je ot\u00e1zkou, kdy jsme to se sna\u017eili v t\u00e9 novele upravit, co bylo dneska d\u016fle\u017eit\u00e9 na vl\u00e1d\u011b, nakonec jsme to schv\u00e1lili s tou \u00fapravou, kter\u00e1 d\u00e1l po\u010d\u00edt\u00e1 s t\u00edm, \u017ee budeme takto finan\u010dn\u011b podporovat zam\u011bstn\u00e1v\u00e1n\u00ed nejenom osob se zdravotn\u00edm posti\u017een\u00edm, ale i se zdravotn\u00edm znev\u00fdhodn\u011bn\u00edm, co\u017e byla jedna z p\u0159ipom\u00ednek t\u0159eba N\u00e1rodn\u00ed rady osob se zdravotn\u00edm posti\u017een\u00edm.<br \/><br \/> moder\u00e1tor<br \/>&#8212;&#8212;&#8212;&#8212;&#8212;&#8212;&#8211;<br \/>Jenom je\u0161t\u011b popi\u0161te ten strategick\u00fd z\u00e1m\u011br a znovu se vr\u00e1t\u00edm k t\u00e9 \u010d\u00e1stce 10,5 miliardy korun, jde o to tuhle \u010d\u00e1stku sn\u00ed\u017eit nebo ji vyu\u017e\u00edvat l\u00e9pe tam, kde to m\u00e1 v\u011bt\u0161\u00ed v\u00fdznam?<br \/><br \/>Marian Jure\u010dka, <br \/>Prim\u00e1rn\u011b my tu \u010d\u00e1stku vlastn\u011b nesn\u00ed\u017e\u00edme, proto\u017ee rok od roku n\u00e1m roste po\u010det osob, kter\u00e9 na tom chr\u00e1n\u011bn\u00e9m trhu pr\u00e1ce pracuj\u00ed, co\u017e je ur\u010dit\u011b pozitivn\u00ed v\u011bc a na\u0161\u00edm c\u00edlem je, jak jste to vlastn\u011b nazna\u010dil, ty pen\u00edze zac\u00edlit opravdu tam, kde to jde za t\u00edm \u010dlov\u011bkem, kde tam vytv\u00e1\u0159\u00edm nebo dr\u017e\u00edm to pracovn\u00ed m\u00edsto takov\u00e9ho toho \u010dlov\u011bka a nesanovat t\u00edm jin\u00e9 n\u00e1klady, kter\u00e9 typov\u011b maj\u00ed vlastn\u011b i ostatn\u00ed firmy a vlastn\u011b pak u\u017e to nen\u00ed efektivn\u00ed podpora opravdu zam\u011bstn\u00e1v\u00e1n\u00ed osoby se zdravotn\u00edm posti\u017een\u00edm nebo zdravotn\u00edm znev\u00fdhodn\u011bn\u00edm.<br \/><br \/>moder\u00e1tor<br \/>&#8212;&#8212;&#8212;&#8212;&#8212;&#8212;&#8211;<br \/>K t\u00e9matu neleg\u00e1ln\u00ed pr\u00e1ce. Vy jste zm\u00ednil to, \u017ee inspektor\u00e1ty pr\u00e1ce by pro p\u0159\u00ed\u0161t\u011b m\u011bly m\u00edt v\u011bt\u0161\u00ed pravomoci p\u0159i kontrolov\u00e1n\u00ed takov\u00fdch proh\u0159e\u0161k\u016f, v\u010detn\u011b mo\u017enosti vyu\u017e\u00edvat audiovizu\u00e1ln\u00ed techniku. Ono to zn\u00ed mo\u017en\u00e1 trochu stra\u0161ideln\u011b, to znamen\u00e1, \u017ee by inspektor\u00e1ty pr\u00e1ce vyu\u017e\u00edvaly v podstat\u011b policejn\u00ed metody ke kontrolov\u00e1n\u00ed t\u011bchhle povinnost\u00ed?<br \/><br \/>Marian Jure\u010dka, <br \/>V tom n\u00e1vrhu je obsa\u017eeno to, \u017ee by mohly vyu\u017e\u00edt v p\u0159\u00edpad\u011b kontrol, kdy je od\u016fvodn\u011bn\u00e9 podez\u0159en\u00ed, \u017ee doch\u00e1z\u00ed k neleg\u00e1ln\u00edmu zam\u011bstn\u00e1v\u00e1n\u00ed nebo zast\u0159en\u00e9mu zam\u011bstn\u00e1v\u00e1n\u00ed osob. Vlastn\u011b to, co zn\u00e1me v okam\u017eiku, kdy t\u0159eba n\u00e1s oslov\u00ed policie m\u011bstsk\u00e1 nebo nap\u0159\u00edklad dopravn\u00ed, tak aby ten p\u0159estupek bylo mo\u017en\u00e9 jasn\u011b zdokumentovat a vid\u011bt, \u017ee ten \u010din se stal v dan\u00fd okam\u017eik opravdu na dan\u00e9m m\u00edst\u011b a my se pot\u00fdk\u00e1me s t\u00edm \u010dasto u t\u011bch kontrol, \u017ee vlastn\u011b ta situace se ve velmi kr\u00e1tk\u00e9m momentu zm\u011bn\u00ed, \u017ee najednou p\u0159ich\u00e1z\u00edte na pracovi\u0161t\u011b, kdy je\u0161t\u011b vid\u00edte \u010dlov\u011bka, kter\u00fd re\u00e1ln\u011b pracuje a v \u0159\u00e1du jako opravdu t\u0159eba minut nebo v okam\u017eiku najednou vid\u00edte \u010dlov\u011bka, kter\u00fd se tv\u00e1\u0159\u00ed, jako \u017ee u\u017e tam teda nepracuje, \u017ee jede n\u00e1hodou kolem, \u017ee vlastn\u011b on s t\u00edm pracovi\u0161t\u011bm a s tou firmou nem\u00e1 prakticky nic spole\u010dn\u00e9ho. A pak vlastn\u011b jako velmi t\u011b\u017eko dok\u00e1\u017eete obst\u00e1t v tom \u0159\u00edzen\u00ed s t\u00edm d\u016fkazn\u00edm b\u0159emenem, aby z toho opravdu m\u011bl, vy jste jako byl schopen \u0159\u00edct ano, a ten \u010dlov\u011bk tam tady tu pr\u00e1ci vykon\u00e1val. On tady st\u00e1l, on tady opravdu pracoval, tak\u017ee to jeden z d\u016fvod\u016f, proto\u017ee pokud jedn\u00edm z opravdu velk\u00fdch probl\u00e9m\u016f dneska je neleg\u00e1ln\u00ed zam\u011bstn\u00e1v\u00e1n\u00ed a odhadem n\u00e1m tady ut\u00edkaj\u00ed opravdu velk\u00e9 prost\u0159edky, n\u011bkter\u00e9 studie \u0159\u00edkaj\u00ed a\u017e 40 miliard korun ro\u010dn\u011b n\u00e1m ut\u00edk\u00e1 pro ve\u0159ejn\u00e9 finance. Tak j\u00e1 se sna\u017e\u00edm opravdu s t\u00edmto probl\u00e9mm n\u011bco d\u011blat. To znamen\u00e1, jednak jak zm\u011bnami, kter\u00e9 u\u017e jsme ud\u011blali z hlediska zp\u0159\u00edsn\u011bn\u00ed definice, co to je to neleg\u00e1ln\u00ed zam\u011bstn\u00e1v\u00e1n\u00ed a omezen\u00ed kli\u010dek, kter\u00e9 ty opravdu dobr\u00e9 pr\u00e1vn\u00ed kancel\u00e1\u0159e v tom zastupov\u00e1n\u00ed t\u011bch firem dok\u00e1zali naj\u00edt a my jsme museli t\u0159eba dokazovat, \u017ee to t\u0159eba bylo soustavn\u00e9, \u017ee to, \u017ee se to stalo, jednou, neznamenalo, \u017ee to je vlastn\u011b jako p\u0159estupek v\u016f\u010di z\u00e1kon a poru\u0161en\u00ed z\u00e1kona, to znamen\u00e1, j\u00e1 se sna\u017e\u00edm opravdu jasn\u011b, jasn\u011b nastavit syst\u00e9m, kter\u00fd toto nebude tolerovat, proto\u017ee to nef\u00e9r i v\u016f\u010di v\u0161em t\u011bm podnikatel\u016fm, kte\u0159\u00ed ty lidi zam\u011bstn\u00e1vaj\u00ed leg\u00e1ln\u011b, staraj\u00ed se o n\u011b, vytv\u00e1\u0159\u00ed dobr\u00e9 pracovn\u00ed podm\u00ednky, tak pak ta firma, kter\u00e1 toto ned\u011bl\u00e1, zam\u011bstn\u00e1v\u00e1 n\u011bkoho na\u010derno, je\u0161t\u011b za naprosto jin\u00fdch finan\u010dn\u00edch podm\u00ednek, to vlastn\u011b vytv\u00e1\u0159\u00ed nekalou konkurenci v\u016f\u010di t\u011bm f\u00e9rov\u00fdm podnikatel\u016fm.<br \/><br \/>moder\u00e1tor<br \/>&#8212;&#8212;&#8212;&#8212;&#8212;&#8212;&#8211;<br \/>Kdy\u017e jste zm\u00ednil kondici ve\u0159ejn\u00fdch rozpo\u010dt\u016f \u010cesk\u00e9 republiky, bude pro n\u011b znamenat v\u011bt\u0161\u00ed z\u00e1t\u011b\u017e ta skute\u010dnost, \u017ee od z\u00e1\u0159\u00ed kon\u010d\u00ed mo\u017enost, respektive n\u00e1rok ukrajinsk\u00fdch uprchl\u00edk\u016f, lid\u00ed s do\u010dasnou ochranou, n\u00e1rokovat si bezplatn\u00e9 bydlen\u00ed, bude to znamenat, \u017ee bude t\u0159eba zv\u00fd\u0161it vypl\u00e1cen\u00ed tzv. humanit\u00e1rn\u00ed d\u00e1vky tak, aby mohli m\u00edt vlastn\u011b \u0161anci obst\u00e1t na voln\u00e9m trhu s bydlen\u00edm?<br \/><br \/>Marian Jure\u010dka, vicepremi\u00e9r,\u00a0<strong>ministr<\/strong>\u00a0<strong>pr\u00e1ce<\/strong>\u00a0a soci\u00e1ln\u00edch v\u011bc\u00ed, p\u0159edseda strany \/KDU-\u010cSL\/<br \/>&#8212;&#8212;&#8212;&#8212;&#8212;&#8212;&#8211;<br \/>My po\u010d\u00edt\u00e1me s t\u00edm, \u017ee ta \u00faprava vlastn\u011b povede k tomu, \u017ee se sn\u00ed\u017e\u00ed ty v\u00fddaje, my dneska vlastn\u011b plat\u00edme v\u016f\u010di t\u011bm. Poskytovatel\u016fm, kte\u0159\u00ed poskytuj\u00ed toto nouzov\u00e9 ubytov\u00e1n\u00ed \u010d\u00e1stku 300 K\u010d za noc a \u010dlov\u011bka. My po\u010d\u00edt\u00e1me, kdy\u017e toto nav\u00e1\u017eeme na syst\u00e9m t\u00e9 humanit\u00e1rn\u00ed d\u00e1vky, kter\u00fd u\u017e dneska vlastn\u011b um\u00ed podporovat n\u00e1klady na bydlen\u00ed. U t\u011bch ostatn\u00edch osob, kter\u00e9 nebydl\u00ed v tom nouzov\u00e9m ubytov\u00e1n\u00ed, tak ten syst\u00e9m n\u00e1s stoj\u00ed v p\u0159epo\u010dtu na \u010dlov\u011bka m\u00e9n\u011b ne\u017e ten st\u00e1vaj\u00edc\u00ed syst\u00e9m toho nouzov\u00e9 ubytov\u00e1n\u00ed, to znamen\u00e1, my tady t\u00edmto chceme za prv\u00e9 ty lidi motivovat k t\u00e9 vlastn\u00ed zodpov\u011bdnosti, aby u\u017e n\u00e1m nez\u016fst\u00e1vali tak dlouho na t\u011bchto nouzov\u00fdch ubytovn\u00e1ch, kter\u00e9 v ten dan\u00fd moment jako sehr\u00e1ly d\u016fle\u017eitou pozitivn\u00ed roli a dneska \u0159\u00edk\u00e1me, my chceme toho \u010dlov\u011bka, pokud se dob\u0159e adaptoval a integroval, a\u0165 si on pokud mo\u017eno dok\u00e1\u017ee naj\u00edt s\u00e1m to ubytov\u00e1n\u00ed a my ho podpo\u0159\u00edme v r\u00e1mci t\u00e9 humanit\u00e1rn\u00ed d\u00e1vky.<br \/><br \/>moder\u00e1tor<br \/>&#8212;&#8212;&#8212;&#8212;&#8212;&#8212;&#8211;<br \/>Je to st\u00e1le je\u0161t\u011b masov\u00fd jev, \u017ee uprchl\u00edci spol\u00e9haj\u00ed pr\u00e1v\u011b na tohle st\u00e1tem organizovan\u00e9 bezplatn\u00e9 ubytov\u00e1n\u00ed nebo u\u017e se velk\u00e1 \u010d\u00e1st z nich vydala na vlastn\u00ed&#8230;<br \/><br \/>Marian Jure\u010dka, vicepremi\u00e9r,\u00a0<strong>ministr<\/strong>\u00a0<strong>pr\u00e1ce<\/strong>\u00a0a soci\u00e1ln\u00edch v\u011bc\u00ed, p\u0159edseda strany \/KDU-\u010cSL\/<br \/>&#8212;&#8212;&#8212;&#8212;&#8212;&#8212;&#8211;<br \/>Tahle naprost\u00e1 v\u011bt\u0161ina uprchl\u00edk\u016f s do\u010dasnou ochranou dneska bydl\u00ed v ubytov\u00e1n\u00ed, kter\u00e9 si domluvili samy, naprost\u00e1 v\u011bt\u0161ina z nich si ho sama plat\u00ed. My dneska v r\u00e1mci t\u00e9 humanit\u00e1rn\u00ed d\u00e1vky m\u00e1me n\u011bco kolem 70 000 osob, to jsou ty zraniteln\u00e9 osoby. To jsou d\u011bti nebo maminky mal\u00fdch d\u011bt\u00ed nebo jsou to lid\u00e9 nad 65 let v\u011bku nebo osoby se zdravotn\u00edm posti\u017een\u00edm, to znamen\u00e1, naprost\u00e1 v\u011bt\u0161ina lid\u00ed, dneska je to v\u00edc jak 122 000 lid\u00ed z Ukrajiny n\u00e1m tady pracuje, to znamen\u00e1, ti nemaj\u00ed \u017e\u00e1dn\u00e9 n\u00e1roky na st\u00e1tn\u00ed rozpo\u010det, um\u00ed se \u017eivit sami a plat\u00ed svoje n\u00e1klady a je\u0161t\u011b odv\u00e1d\u00ed do st\u00e1tn\u00edho rozpo\u010dtu. Ale m\u00e1me tady zhruba 13 000 lid\u00ed, kte\u0159\u00ed jsou v tom nouzov\u00e9m ubytov\u00e1n\u00ed a vid\u00edme, \u017ee se n\u00e1m jako nepoda\u0159ilo v\u00fdrazn\u011b t\u0159eba za posledn\u00ed rok ty lidi z nouzov\u00e9ho ubytov\u00e1n\u00ed p\u0159esunovat do toho b\u011b\u017en\u00e9ho n\u00e1jemn\u00edho bydlen\u00ed, to znamen\u00e1, my touhle zm\u011bnou chceme tak\u00e9 vytvo\u0159it opravdu tu motivaci, aby ti lid\u00e9 vzali tu zodpov\u011bdnost sami na sebe a dok\u00e1zali si to vlastn\u00ed bydlen\u00ed hledat. Ten st\u00e1t je v tom nad\u00e1le podpo\u0159\u00ed, ale u\u017e ne tou pau\u0161\u00e1ln\u00ed formu, \u017ee to plat\u00edme na toho ubytovatele, na tu ubytovnu a ten \u010dlov\u011bk, kter\u00fd tam dneska bydl\u00ed, vlastn\u011b na rovinu ani nem\u00e1 tu motivaci a d\u016fvod, aby s t\u00edm n\u011bco d\u011bl\u00e1, proto jim \u0159\u00edk\u00e1me docela dostate\u010dn\u011b dop\u0159edu, v\u010das, poj\u010fte to zm\u011bnit. Od 1. 9. u\u017e to takhle nebude fungovat a vy mus\u00edte sami za sebou n\u011bco d\u011blat.<br \/><br \/>moder\u00e1tor<br \/>&#8212;&#8212;&#8212;&#8212;&#8212;&#8212;&#8211;<br \/>K tomu, co jste zm\u00ednil a co zmi\u0148ovala vl\u00e1da v minul\u00fdch m\u011bs\u00edc\u00edch, tj, \u017ee ukrajin\u0161t\u00ed uprchl\u00edci te\u010f u\u017e do ve\u0159ejn\u00fdch rozpo\u010dt\u016f dod\u00e1vaj\u00ed v\u011bt\u0161\u00ed prost\u0159edky, ne\u017e kolik jich \u010derpaj\u00ed. Va\u0161e ministerstvo to vy\u010d\u00edslilo na t\u0159i miliardy plus za prvn\u00ed \u010dtvrtlet\u00ed tohoto roku. Na to \u0159\u00edk\u00e1 opozice, respektive pt\u00e1 se, jsou tam zapo\u010d\u00edtan\u00e9 n\u00e1klady na \u0161kolsk\u00fd syst\u00e9m, na zdravotnick\u00fd syst\u00e9m, je to vlastn\u011b f\u00e9rov\u011b vypo\u010d\u00edtan\u00e9?<br \/><br \/>Marian Jure\u010dka, vicepremi\u00e9r,\u00a0<strong>ministr<\/strong>\u00a0<strong>pr\u00e1ce<\/strong>\u00a0a soci\u00e1ln\u00edch v\u011bc\u00ed, p\u0159edseda strany \/KDU-\u010cSL\/<br \/>&#8212;&#8212;&#8212;&#8212;&#8212;&#8212;&#8211;<br \/>J\u00e1 jsem na tento argument opozice i odpov\u00eddal na p\u016fd\u011b Poslaneck\u00e9 sn\u011bmovny. J\u00e1 jsem vyjmenov\u00e1val p\u0159esn\u011b i ty konkr\u00e9tn\u00ed polo\u017eky, kter\u00e9 jsou tady zohledn\u011bny do toho v\u00fdpo\u010dtu t\u011bch n\u00e1klad\u016f, kter\u00e9 jako st\u00e1t do toho vkl\u00e1d\u00e1me, a z\u00e1rove\u0148 i t\u011bch v\u00fdnos\u016f, kter\u00e9 jako spole\u010dnost z\u00edsk\u00e1v\u00e1me. A opravdu i tyto v\u011bci jsme do toho zapo\u010d\u00edt\u00e1vali a plat\u00ed to, co jste nazna\u010dil. Od druh\u00e9ho pololet\u00ed lo\u0148sk\u00e9ho roku st\u00e1t a \u010desk\u00e1 spole\u010dnost v\u00edc z\u00edsk\u00e1v\u00e1 z odvod\u016f pracuj\u00edc\u00edch ukrajinsk\u00fdch uprchl\u00edk\u016f s do\u010dasnou ochranou, ne\u017e kolik ze st\u00e1tn\u00edho rozpo\u010dtu na oblast zdravotnictv\u00ed, soci\u00e1ln\u00ed, \u0161kolstv\u00ed a dal\u0161\u00edch, kolik poskytujeme. J\u00e1 nem\u00e1m r\u00e1d staven\u00ed, to proti sob\u011b, jestli je to, j\u00e1 to \u0159\u00edk\u00e1m jako konstatov\u00e1n\u00ed fakt\u016f, ale z\u00e1rove\u0148 s v\u011bdom\u00edm toho, \u017ee prost\u011b p\u0159ece prim\u00e1rn\u011b jsme m\u011bli a m\u00e1me pom\u00e1hat lidem, kte\u0159\u00ed prost\u011b utekli p\u0159ed v\u00e1lkou a jejich zem\u011b je st\u00e1le ve v\u00e1lce. Ale kdy\u017e u\u017e tu debatu vedeme a n\u011bkdy ta \u010d\u00e1st, n\u011bkter\u00e1 \u010d\u00e1st opozice to vlastn\u011b zneu\u017e\u00edv\u00e1, \u0159\u00edk\u00e1, \u017ee tato vl\u00e1da se star\u00e1 v\u00edc o ukrajinsk\u00e9 uprchl\u00edky ne\u017e o \u010cechy a \u017ee tito lid\u00e9 jsou tady p\u0159\u00edt\u011b\u017e\u00ed a podobn\u00e9 naprosto nef\u00e9rov\u00e9 argumenty, tak jsem ta \u010d\u00edsla polo\u017eil na st\u016fl. \u0158\u00edk\u00e1m, toto je realita, toto je skute\u010dnost, uv\u011bdomme si, \u017ee tady opravdu tito lid\u00e9 p\u0159isp\u00edvaj\u00ed do ve\u0159ejn\u00fdch financ\u00ed n\u00e1s v\u0161ech. A je\u0161t\u011b posledn\u00ed pozn\u00e1mka. A \u010dasto d\u011blaj\u00ed pozice, na kter\u00e9 fakt jako \u010desk\u00e9ho ob\u010dana nese\u017eenete, nese\u017eenete u\u017e dneska ani \u010dlov\u011bka jako z b\u011b\u017en\u00e9ho pracovn\u00edho trhu, tak\u017ee \u010dasto je potk\u00e1me v situac\u00edch, kdy je opravdu, je to p\u00e9\u010de i o n\u00e1s jako osobn\u011b ze zdravotnick\u00fdch za\u0159\u00edzen\u00edch, v soci\u00e1ln\u00edch slu\u017eb\u00e1ch, tak\u017ee chci to tady jako \u0159\u00edct s d\u016frazem na to, \u017ee opravdu ti lid\u00e9 utekli p\u0159ed v\u00e1lkou, ale z\u00e1rove\u0148 vlastn\u011b jsou pomoc\u00ed i na\u0161\u00ed spole\u010dnosti.<br \/><br \/> moder\u00e1tor<br \/>&#8212;&#8212;&#8212;&#8212;&#8212;&#8212;&#8211;<br \/>Necel\u00fd m\u011bs\u00edc od evropsk\u00fdch voleb vyu\u017eiju v t\u011bch posledn\u00edch minutk\u00e1ch toho, \u017ee tu m\u00e1me nejen ministra, ale tak\u00e9 p\u0159edsedu strany. V\u00e1m se nepoda\u0159ilo v t\u011bch evropsk\u00fdch volb\u00e1ch naplnit jeden z t\u011bch t\u0159\u00ed c\u00edl\u016f, t\u0159\u00ed parametr\u016f, kter\u00e9 jste si stanovil k tomu, abyste mohl b\u00fdt d\u00e1l p\u0159edsed\u016f KDU-\u010cSL. To je zisk dvou europoslaneck\u00fd mand\u00e1t\u016f. Podle \u010cTK jste napsal dopis sv\u00fdm spolustran\u00edk\u016fm, kde \u0159\u00edk\u00e1te, ano, nepoda\u0159ilo se, to, ale cht\u011blo jen trochu \u0161t\u011bst\u00ed. Koneckonc\u016f pan\u00ed poslankyni \u0160ojdrov\u00e9 chyb\u011blo p\u00e1r set preferen\u010dn\u00edch hlas\u016f. P\u0159istoupili va\u0161i spolustran\u00edci na tuhle interpretaci?<br \/><br \/>Marian Jure\u010dka, vicepremi\u00e9r,\u00a0<strong>ministr<\/strong>\u00a0<strong>pr\u00e1ce<\/strong>\u00a0a soci\u00e1ln\u00edch v\u011bc\u00ed, p\u0159edseda strany \/KDU-\u010cSL\/<br \/>&#8212;&#8212;&#8212;&#8212;&#8212;&#8212;&#8211;<br \/>P\u0159izn\u00e1m se, nev\u00edm, jestli na n\u011b p\u0159istoupili a kl\u00ed\u010dov\u00e9 bude to jejich rozhodov\u00e1n\u00ed na sjezdu, ale ty t\u0159i podm\u00ednky jsem si stanovil j\u00e1 s\u00e1m pro sebe. To mi nestanovil \u017e\u00e1dn\u00fd stranick\u00fd org\u00e1n, nikdo to po mn\u011b necht\u011bl, j\u00e1 s\u00e1m jsem si je stanovil a pro m\u011b to, \u017ee jsme jako koalice spolu nedok\u00e1zali z\u00edskat sedm mand\u00e1t\u016f, ale pouze \u0161est, je ur\u010dit\u00e9 zklam\u00e1n\u00ed, to, \u017ee n\u00e1m jako lidovc\u016fm ten druh\u00fd mand\u00e1t utekl o 600 hlas\u016f a ten t\u0159et\u00ed o 2000 je prost\u011b konstatov\u00e1n\u00ed, to nen\u00ed v\u00fdmluva. Michala \u0160ojdrov\u00e1 na z\u00e1klad\u011b sv\u00e9ho vlastn\u00edho rozhodnut\u00ed, do toho jsme my jako p\u0159edsednictvo nepromlouvali, ani jsme o tom nerozhodovali, ale na z\u00e1klad\u011b toho, \u017ee byla oslovena nemal\u00fdm po\u010dtem lid\u00ed z jej\u00edho domovsk\u00e9ho kraje, kte\u0159\u00ed j\u00ed dali konkr\u00e9tn\u00ed preferen\u010dn\u00ed hlas, ale nevid\u011bli ho v\u016fbec zapo\u010d\u00edtan\u00fd ve v\u00fdsledc\u00edch, v t\u011bch dan\u00fdch obc\u00edch, tak ji oslovili a ona se rozhodla podat tu st\u00ed\u017enost k soudu.<br \/><br \/>moder\u00e1tor<br \/>&#8212;&#8212;&#8212;&#8212;&#8212;&#8212;&#8211;<br \/>Te\u010f je zpochybn\u011bno v\u00edt\u011bzstv\u00ed Ond\u0159eje Kol\u00e1\u0159e. Je st\u00e1le je\u0161t\u011b mo\u017en\u00e9, \u017ee po rozhodnut\u00ed soudu to nakonec bude pan\u00ed \u0160ojdrov\u00e1, kdo zasedne v Evropsk\u00e9m parlamentu. A v\u00e1m by se t\u00edm p\u00e1dem poda\u0159ilo splnit si prvn\u00ed z t\u011bch podm\u00ednek?<br \/><br \/>Marian Jure\u010dka, vicepremi\u00e9r,\u00a0<strong>ministr<\/strong>\u00a0<strong>pr\u00e1ce<\/strong>\u00a0a soci\u00e1ln\u00edch v\u011bc\u00ed, p\u0159edseda strany \/KDU-\u010cSL\/<br \/>&#8212;&#8212;&#8212;&#8212;&#8212;&#8212;&#8211;<br \/>To jsem cht\u011bl do\u0159\u00edct, to jsem cht\u011bl do\u0159\u00edct.<br \/><br \/> moder\u00e1tor<br \/>&#8212;&#8212;&#8212;&#8212;&#8212;&#8212;&#8211;<br \/>Skl\u00e1d\u00e1te do toho n\u011bjakou nab\u00eddku?<br \/><br \/>Marian Jure\u010dka, vicepremi\u00e9r,\u00a0<strong>ministr<\/strong>\u00a0<strong>pr\u00e1ce<\/strong>\u00a0a soci\u00e1ln\u00edch v\u011bc\u00ed, p\u0159edseda strany \/KDU-\u010cSL\/<br \/>&#8212;&#8212;&#8212;&#8212;&#8212;&#8212;&#8211;<br \/>Toto s t\u00edm nen\u00ed spojeno. A j\u00e1, j\u00e1 jsem to takto \u0159\u00edkal i Mark\u00e9t\u011b Pekarov\u00e9 Adamov\u00e9 i Petru Fialovi. J\u00e1 jsem vlastn\u011b tohle neinicioval a vlastn\u011b vnit\u0159n\u011b ch\u00e1pu, \u017ee to je extr\u00e9mn\u011b t\u011b\u017ek\u00e1 situace jak pro kolegu Kol\u00e1\u0159e, i pro kolegyni M\u00ed\u0161u \u0160ojdrovou, proto\u017ee i pro n\u011b osobn\u011b je to jako diskomfortn\u00ed. J\u00e1 oba dva zn\u00e1m, oba dva zn\u00e1m osobn\u011b, ob\u011bma dv\u011bma jsem se jako potk\u00e1val samoz\u0159ejm\u011b s Michalou \u0160ojdrovou mnohem d\u00e9le, tak\u017ee j\u00e1 to opravdu nestav\u00edm tak, \u017ee by m\u011bl n\u011bjakou radost z toho, \u017ee toto pod\u00e1n\u00ed vzniklo a \u017ee by to mohlo p\u0159in\u00e9st ten druh\u00fd mand\u00e1t pro lidovce. Jedin\u00fd, co k tomu chci \u0159\u00edct. J\u00e1 mysl\u00edm, \u017ee je na m\u00edst\u011b, pokud je tady podez\u0159en\u00ed, \u017ee je pot\u0159eba vysv\u011btlit a aby soud jasn\u011b posoudil, jestli ty volby byly spo\u010d\u00edtan\u00e9 spr\u00e1vn\u011b nebo ne, To nen\u00ed ot\u00e1zka Mariana Jure\u010dky, Michaely \u0160ojdrov\u00e9 nebo mand\u00e1tu pro lidovce, To je ot\u00e1zka z\u00e1kladn\u00edho principu fair play a volby mus\u00ed b\u00fdt fair play.<br \/><br \/>moder\u00e1tor<br \/>&#8212;&#8212;&#8212;&#8212;&#8212;&#8212;&#8211;<br \/>Vy stejn\u011b jako europoslanec Tom\u00e1\u0161 Zdechovsk\u00fd jste spojovali v\u00fdsledky t\u011bchto voleb tak\u00e9 s t\u00edm, jak\u00e1 bude budoucnost koalice Spolu. Pan Zdechovsk\u00fd \u0159ekl, pokud volby dopadnou \u0161patn\u011b, v dal\u0161\u00edch u\u017e bychom nemuseli kandidovat spole\u010dn\u011b. Tak jak dopadly, jak moc \u0161patn\u011b nebo jak moc dob\u0159e dopadly z tohohle hlediska?<br \/><br \/>Marian Jure\u010dka, vicepremi\u00e9r,\u00a0<strong>ministr<\/strong>\u00a0<strong>pr\u00e1ce<\/strong>\u00a0a soci\u00e1ln\u00edch v\u011bc\u00ed, p\u0159edseda strany \/KDU-\u010cSL\/<br \/>&#8212;&#8212;&#8212;&#8212;&#8212;&#8212;&#8211;<br \/>Up\u0159\u00edmn\u011b, kdy\u017e se pod\u00edv\u00e1me na ten pohled z\u00edskan\u00fdch mand\u00e1t\u016f za strany vl\u00e1dn\u00ed koalice, tak k t\u011bm na\u0161im \u0161esti za Spolu mus\u00edme p\u0159ipo\u010d\u00edtat ty mand\u00e1ty, kter\u00e9 z\u00edskali kolegov\u00e9 ze STANu, mand\u00e1ty, kter\u00e9 z\u00edskali Pir\u00e1ti, to znamen\u00e1, jsme na dev\u00edti mand\u00e1tech, mand\u00e1ty opozice tvo\u0159\u00ed sedm mand\u00e1t\u016f a pak jsou samoz\u0159ejm\u011b mand\u00e1ty, kter\u00e9 z\u00edskaly strany, kter\u00e9 nejsou zastoupen\u00e9 v parlamentu. J\u00e1 z toho ned\u011bl\u00e1m jako \u017e\u00e1dn\u00e9 p\u0159ekotn\u00e9, velk\u00e9 z\u00e1v\u011bry ani&#8230;<br \/><br \/>moder\u00e1tor<br \/>&#8212;&#8212;&#8212;&#8212;&#8212;&#8212;&#8211;<br \/>Pro budoucnost koalice Spolu?<br \/><br \/>Marian Jure\u010dka, <br \/>Te\u010f to chci do\u0159\u00edct. Kdy\u017e se pod\u00edv\u00e1me na situaci t\u0159eba v N\u011bmecku nebo ve Francii, tam ty vl\u00e1dn\u00ed v\u00fdsledky v t\u011bch evropsk\u00fdch volb\u00e1ch dopadly naprost\u00fdm fiaskem, ale naprost\u00fdm fiaskem, u n\u00e1s to dopadlo tak, \u017ee j\u00e1 z toho nej\u00e1s\u00e1m a ten v\u00fdsledek jako nen\u00ed \u0161patn\u00fd na to, \u017ee to n\u011bkte\u0159\u00ed se sna\u017eili ud\u011blat jako referendum o vl\u00e1d\u011b, tak to \u00fapln\u011b jako referendum o vl\u00e1d\u011b nen\u00ed to, co asi n\u011bkte\u0159\u00ed cht\u011bli ze strany opozice. Pro koalici Spolu to neznamen\u00e1 ohro\u017een\u00ed jedn\u00e1n\u00ed o tom, abychom v p\u0159\u00ed\u0161t\u00edch volb\u00e1ch do Sn\u011bmovny kandidovali jako koalice spolu. J\u00e1 osobn\u011b se k t\u00e9hle variant\u011b jednozna\u010dn\u011b klon\u00edm, podle m\u011b tahle varianta d\u00e1v\u00e1 stabilitu pro \u010ceskou republiku, d\u00e1v\u00e1 \u0161anci pro to, aby tady mohla fungovat nepopulistick\u00e1 vl\u00e1da, kter\u00e1 se sna\u017e\u00ed opravdu poctiv\u011b \u0159e\u0161it probl\u00e9my, kter\u00e9 tady jsou a pamatuje i na budoucnost, pamatuje nejenom na p\u0159\u00ed\u0161t\u00ed rok nebo dva, ale na to, abysme ta rozhodnut\u00ed d\u011blali opravdu jako spr\u00e1vn\u011b i z pohledu na\u0161ich d\u011bt\u00ed, proto t\u0159eba d\u011bl\u00e1me i ty v\u011bci, kter\u00e9 jsou slo\u017eit\u00e9, jako je d\u016fchodov\u00e1 reforma, revize d\u00e1vek, ale d\u011bl\u00e1me i v\u011bci, kter\u00e9 jednozna\u010dn\u011b pom\u00e1haj\u00ed lidem jako digitalizace atd.<br \/><br \/>moder\u00e1tor<br \/>&#8212;&#8212;&#8212;&#8212;&#8212;&#8212;&#8211;<br \/>Marian Jure\u010dka,\u00a0<strong>ministr<\/strong>\u00a0<strong>pr\u00e1ce<\/strong>\u00a0a soci\u00e1ln\u00edch v\u011bc\u00ed, a tak\u00e9 p\u0159edseda KDU-\u010cSL, byl na\u0161\u00edm hostem. D\u011bkuji.<br \/><br \/><\/p>\n","protected":false},"excerpt":{"rendered":"<div class=\"mh-excerpt\"><p>\u010cT 24 T\u00e9mata, kter\u00e1 nepo\u010dkaj\u00ed do konce pr\u00e1zdnin. Hostem Interview \u010cT24 je p\u0159edseda KDU-\u010cSL a ministr&nbsp;pr\u00e1ce&nbsp;a soci\u00e1ln\u00edch v\u011bc\u00ed Marian Jure\u010dka \/KDU-\u010cSL\/&#8230; Poj\u010fme k dne\u0161n\u00edmu jedn\u00e1n\u00ed <a class=\"mh-excerpt-more\" href=\"https:\/\/www.invarena.cz\/?p=50403\" title=\"Jure\u010dka: Nad\u00e1le budeme finan\u010dn\u011b podporovat zam\u011bstn\u00e1v\u00e1n\u00ed osob se zdravotn\u00edm posti\u017een\u00edm\">[&#8230;]<\/a><\/p>\n<\/div>","protected":false},"author":1,"featured_media":42307,"comment_status":"open","ping_status":"closed","sticky":false,"template":"","format":"standard","meta":{"footnotes":""},"categories":[12],"tags":[],"class_list":["post-50403","post","type-post","status-publish","format-standard","has-post-thumbnail","hentry","category-rozhovory"],"_links":{"self":[{"href":"https:\/\/www.invarena.cz\/index.php?rest_route=\/wp\/v2\/posts\/50403","targetHints":{"allow":["GET"]}}],"collection":[{"href":"https:\/\/www.invarena.cz\/index.php?rest_route=\/wp\/v2\/posts"}],"about":[{"href":"https:\/\/www.invarena.cz\/index.php?rest_route=\/wp\/v2\/types\/post"}],"author":[{"embeddable":true,"href":"https:\/\/www.invarena.cz\/index.php?rest_route=\/wp\/v2\/users\/1"}],"replies":[{"embeddable":true,"href":"https:\/\/www.invarena.cz\/index.php?rest_route=%2Fwp%2Fv2%2Fcomments&post=50403"}],"version-history":[{"count":0,"href":"https:\/\/www.invarena.cz\/index.php?rest_route=\/wp\/v2\/posts\/50403\/revisions"}],"wp:featuredmedia":[{"embeddable":true,"href":"https:\/\/www.invarena.cz\/index.php?rest_route=\/wp\/v2\/media\/42307"}],"wp:attachment":[{"href":"https:\/\/www.invarena.cz\/index.php?rest_route=%2Fwp%2Fv2%2Fmedia&parent=50403"}],"wp:term":[{"taxonomy":"category","embeddable":true,"href":"https:\/\/www.invarena.cz\/index.php?rest_route=%2Fwp%2Fv2%2Fcategories&post=50403"},{"taxonomy":"post_tag","embeddable":true,"href":"https:\/\/www.invarena.cz\/index.php?rest_route=%2Fwp%2Fv2%2Ftags&post=50403"}],"curies":[{"name":"wp","href":"https:\/\/api.w.org\/{rel}","templated":true}]}}