{"id":50405,"date":"2024-07-04T05:14:01","date_gmt":"2024-07-04T03:14:01","guid":{"rendered":"https:\/\/www.invarena.cz\/?p=50405"},"modified":"2024-07-04T05:14:02","modified_gmt":"2024-07-04T03:14:02","slug":"ministerstvo-prace-dostane-dalsi-35-miliardy-na-humanitarni-davku-pro-uprchliky-z-ukrajiny","status":"publish","type":"post","link":"https:\/\/www.invarena.cz\/?p=50405","title":{"rendered":"Ministerstvo pr\u00e1ce dostane dal\u0161\u00ed 3,5 miliardy na humanit\u00e1rn\u00ed d\u00e1vku pro uprchl\u00edky z Ukrajiny\u00a0\u00a0"},"content":{"rendered":"\n<p>Radio\u017eurn\u00e1l\u00a0<\/p>\n\n\n\n<p>Ministerstvo pr\u00e1ce dostane dal\u0161\u00ed 3,5 miliardy korun na humanit\u00e1rn\u00ed d\u00e1vku pro zraniteln\u00e9 uprchl\u00edky z Ukrajiny. Schv\u00e1lila to vl\u00e1da. Podporu podle neziskov\u00fdch organizac\u00ed pob\u00edraj\u00ed hlavn\u011b star\u0161\u00ed b\u011b\u017eenci a matky mal\u00fdch d\u011bt\u00ed.<br \/><br \/>Celkem ale \u00fa\u0159ad do konce roku pot\u0159ebuje p\u0159idat zhruba 6,5 miliardy korun. St\u00e1tn\u00ed rozpo\u010det toti\u017e p\u016fvodn\u011b po\u010d\u00edtal s vypl\u00e1cen\u00edm d\u00e1vky jen do b\u0159ezna.\u00a0<strong>Ministr<\/strong>\u00a0<strong>pr\u00e1ce<\/strong>\u00a0a soci\u00e1ln\u00edch v\u011bc\u00ed Marian Jure\u010dka z KDU-\u010cSL proto nevylu\u010duje, \u017ee bude o dal\u0161\u00ed pen\u00edze \u017e\u00e1dat znovu.<br \/><br \/>Marian Jure\u010dka, vicepremi\u00e9r,\u00a0<strong>ministr<\/strong>\u00a0<strong>pr\u00e1ce<\/strong>\u00a0a soci\u00e1ln\u00edch v\u011bc\u00ed, p\u0159edseda strany \/KDU-\u010cSL\/<br \/>&#8212;&#8212;&#8212;&#8212;&#8212;&#8212;&#8211;<br \/>Uvid\u00edme, jak\u00e1 bude pot\u0159eba, proto\u017ee v \u010dase po\u010det \u017eadatel\u016f se sni\u017euje.<br \/><br \/> redaktorka<br \/>&#8212;&#8212;&#8212;&#8212;&#8212;&#8212;&#8211;<br \/>Kabinet taky odtajnil p\u0159ehled vojensk\u00e9 techniky, kterou \u010cesko darovalo Ukrajin\u011b od za\u010d\u00e1tku rusk\u00e9 invaze do leto\u0161n\u00edho kv\u011btna. Na seznamu je nap\u0159\u00edklad osm kus\u016f leteck\u00e9 techniky, \u0159\u00edk\u00e1 mluv\u010d\u00ed Ministerstva obrany David Pol\u00e1k.<br \/><br \/>David Pol\u00e1k, mluv\u010d\u00ed, Ministerstvo obrany<br \/>&#8212;&#8212;&#8212;&#8212;&#8212;&#8212;&#8211;<br \/>62 tank\u016f, 131 bojov\u00fdch vozidel p\u011bchoty, 16 vozidel protivzdu\u0161n\u00e9 obrany.<br \/><br \/>redaktorka<br \/>&#8212;&#8212;&#8212;&#8212;&#8212;&#8212;&#8211;<br \/>Z \u010desk\u00fdch arm\u00e1dn\u00edch sklad\u016f na Ukrajinu zam\u00ed\u0159il darovan\u00fd materi\u00e1l skoro za sedm miliard korun. <\/p>\n\n\n\n<p>Radio\u017eurn\u00e1l<\/p>\n","protected":false},"excerpt":{"rendered":"<div class=\"mh-excerpt\"><p>Radio\u017eurn\u00e1l\u00a0 Ministerstvo pr\u00e1ce dostane dal\u0161\u00ed 3,5 miliardy korun na humanit\u00e1rn\u00ed d\u00e1vku pro zraniteln\u00e9 uprchl\u00edky z Ukrajiny. Schv\u00e1lila to vl\u00e1da. Podporu podle neziskov\u00fdch organizac\u00ed pob\u00edraj\u00ed hlavn\u011b <a class=\"mh-excerpt-more\" href=\"https:\/\/www.invarena.cz\/?p=50405\" title=\"Ministerstvo pr\u00e1ce dostane dal\u0161\u00ed 3,5 miliardy na humanit\u00e1rn\u00ed d\u00e1vku pro uprchl\u00edky z Ukrajiny\u00a0\u00a0\">[&#8230;]<\/a><\/p>\n<\/div>","protected":false},"author":1,"featured_media":24717,"comment_status":"open","ping_status":"closed","sticky":false,"template":"","format":"standard","meta":{"footnotes":""},"categories":[7],"tags":[],"class_list":["post-50405","post","type-post","status-publish","format-standard","has-post-thumbnail","hentry","category-spolecnost"],"_links":{"self":[{"href":"https:\/\/www.invarena.cz\/index.php?rest_route=\/wp\/v2\/posts\/50405","targetHints":{"allow":["GET"]}}],"collection":[{"href":"https:\/\/www.invarena.cz\/index.php?rest_route=\/wp\/v2\/posts"}],"about":[{"href":"https:\/\/www.invarena.cz\/index.php?rest_route=\/wp\/v2\/types\/post"}],"author":[{"embeddable":true,"href":"https:\/\/www.invarena.cz\/index.php?rest_route=\/wp\/v2\/users\/1"}],"replies":[{"embeddable":true,"href":"https:\/\/www.invarena.cz\/index.php?rest_route=%2Fwp%2Fv2%2Fcomments&post=50405"}],"version-history":[{"count":0,"href":"https:\/\/www.invarena.cz\/index.php?rest_route=\/wp\/v2\/posts\/50405\/revisions"}],"wp:featuredmedia":[{"embeddable":true,"href":"https:\/\/www.invarena.cz\/index.php?rest_route=\/wp\/v2\/media\/24717"}],"wp:attachment":[{"href":"https:\/\/www.invarena.cz\/index.php?rest_route=%2Fwp%2Fv2%2Fmedia&parent=50405"}],"wp:term":[{"taxonomy":"category","embeddable":true,"href":"https:\/\/www.invarena.cz\/index.php?rest_route=%2Fwp%2Fv2%2Fcategories&post=50405"},{"taxonomy":"post_tag","embeddable":true,"href":"https:\/\/www.invarena.cz\/index.php?rest_route=%2Fwp%2Fv2%2Ftags&post=50405"}],"curies":[{"name":"wp","href":"https:\/\/api.w.org\/{rel}","templated":true}]}}