{"id":50419,"date":"2024-07-04T22:20:48","date_gmt":"2024-07-04T20:20:48","guid":{"rendered":"https:\/\/www.invarena.cz\/?p=50419"},"modified":"2024-07-04T22:20:49","modified_gmt":"2024-07-04T20:20:49","slug":"policie-patra-po-mentalne-postizene-zene-z-ostravy-nevratila-se-do-zarizeni","status":"publish","type":"post","link":"https:\/\/www.invarena.cz\/?p=50419","title":{"rendered":"Policie p\u00e1tr\u00e1 po ment\u00e1ln\u011b posti\u017een\u00e9 \u017een\u011b z Ostravy, nevr\u00e1tila se do za\u0159\u00edzen\u00ed"},"content":{"rendered":"\n<p>Policist\u00e9 p\u00e1traj\u00ed po poh\u0159e\u0161ovan\u00e9 ment\u00e1ln\u011b posti\u017een\u00e9 Vladim\u00ed\u0159e Stola\u0159\u00edkov\u00e9 z Ostravy-Hru\u0161ova. \u0160edes\u00e1tilet\u00e1 \u017eena je klientkou hru\u0161ovsk\u00e9ho zdravotnick\u00e9ho za\u0159\u00edzen\u00ed \u010cty\u0159l\u00edstek, odkud v ned\u011bli r\u00e1no ode\u0161la, dosud se nevr\u00e1tila a nepodala o sob\u011b \u017e\u00e1dnou zpr\u00e1vu, uvedla policejn\u00ed mluv\u010d\u00ed So\u0148a \u0160t\u011bt\u00ednsk\u00e1.<\/p>\n\n\n\n<p>Cel\u00fd \u010dl\u00e1nek naleznete na lidovky.cz: <a href=\"https:\/\/www.lidovky.cz\/domov\/policie-patrani-pohresovana-zena-mentalne-postizena-ostrava.A240704_174214_ln_domov_lsva\" target=\"_blank\" rel=\"noreferrer noopener\">https:\/\/www.lidovky.cz\/domov\/policie-patrani-pohresovana-zena-mentalne-postizena-ostrava.A240704_174214_ln_domov_lsva<\/a><\/p>\n","protected":false},"excerpt":{"rendered":"<div class=\"mh-excerpt\"><p>Policist\u00e9 p\u00e1traj\u00ed po poh\u0159e\u0161ovan\u00e9 ment\u00e1ln\u011b posti\u017een\u00e9 Vladim\u00ed\u0159e Stola\u0159\u00edkov\u00e9 z Ostravy-Hru\u0161ova. \u0160edes\u00e1tilet\u00e1 \u017eena je klientkou hru\u0161ovsk\u00e9ho zdravotnick\u00e9ho za\u0159\u00edzen\u00ed \u010cty\u0159l\u00edstek, odkud v ned\u011bli r\u00e1no ode\u0161la, dosud se <a class=\"mh-excerpt-more\" href=\"https:\/\/www.invarena.cz\/?p=50419\" title=\"Policie p\u00e1tr\u00e1 po ment\u00e1ln\u011b posti\u017een\u00e9 \u017een\u011b z Ostravy, nevr\u00e1tila se do za\u0159\u00edzen\u00ed\">[&#8230;]<\/a><\/p>\n<\/div>","protected":false},"author":1,"featured_media":7832,"comment_status":"open","ping_status":"closed","sticky":false,"template":"","format":"standard","meta":{"footnotes":""},"categories":[9],"tags":[],"class_list":["post-50419","post","type-post","status-publish","format-standard","has-post-thumbnail","hentry","category-zpravy"],"_links":{"self":[{"href":"https:\/\/www.invarena.cz\/index.php?rest_route=\/wp\/v2\/posts\/50419","targetHints":{"allow":["GET"]}}],"collection":[{"href":"https:\/\/www.invarena.cz\/index.php?rest_route=\/wp\/v2\/posts"}],"about":[{"href":"https:\/\/www.invarena.cz\/index.php?rest_route=\/wp\/v2\/types\/post"}],"author":[{"embeddable":true,"href":"https:\/\/www.invarena.cz\/index.php?rest_route=\/wp\/v2\/users\/1"}],"replies":[{"embeddable":true,"href":"https:\/\/www.invarena.cz\/index.php?rest_route=%2Fwp%2Fv2%2Fcomments&post=50419"}],"version-history":[{"count":0,"href":"https:\/\/www.invarena.cz\/index.php?rest_route=\/wp\/v2\/posts\/50419\/revisions"}],"wp:featuredmedia":[{"embeddable":true,"href":"https:\/\/www.invarena.cz\/index.php?rest_route=\/wp\/v2\/media\/7832"}],"wp:attachment":[{"href":"https:\/\/www.invarena.cz\/index.php?rest_route=%2Fwp%2Fv2%2Fmedia&parent=50419"}],"wp:term":[{"taxonomy":"category","embeddable":true,"href":"https:\/\/www.invarena.cz\/index.php?rest_route=%2Fwp%2Fv2%2Fcategories&post=50419"},{"taxonomy":"post_tag","embeddable":true,"href":"https:\/\/www.invarena.cz\/index.php?rest_route=%2Fwp%2Fv2%2Ftags&post=50419"}],"curies":[{"name":"wp","href":"https:\/\/api.w.org\/{rel}","templated":true}]}}