{"id":50422,"date":"2024-07-04T22:40:40","date_gmt":"2024-07-04T20:40:40","guid":{"rendered":"https:\/\/www.invarena.cz\/?p=50422"},"modified":"2024-07-04T22:40:40","modified_gmt":"2024-07-04T20:40:40","slug":"kava-v-seru-zuctovala-rok-o-vydelek-se-studenti-podelili","status":"publish","type":"post","link":"https:\/\/www.invarena.cz\/?p=50422","title":{"rendered":"K\u00e1va v \u0161eru z\u00fa\u010dtovala rok, o v\u00fdd\u011blek se studenti pod\u011blili"},"content":{"rendered":"\n<p>Veden\u00ed firmy, nov\u00e9 n\u00e1pady i charitativn\u00ed rozm\u011br. To v\u0161echno si na vlastn\u00ed k\u016f\u017ei b\u011bhem jedin\u00e9ho \u0161koln\u00edho roku vyzkou\u0161elo osm student\u016f t\u0159et\u00edho ro\u010dn\u00edku Gymn\u00e1zia v Prachatic\u00edch. Loni v z\u00e1\u0159\u00ed si zalo\u017eili studentskou firmu a b\u011bhem cel\u00e9ho \u0161koln\u00edho roku se u\u010dili, jak podnikat. Jejich sna\u017een\u00ed p\u0159ineslo finan\u010dn\u00ed zisk.<\/p>\n\n\n\n<p>Studentsk\u00e1 firma K\u00e1va v \u0161eru vznikla v z\u00e1\u0159\u00ed 2023 s t\u00edm, \u017ee jej\u00ed existence je omezen\u00e1 pouze do \u010dervna roku 2024. Za tu dobu se osmi\u010dka student\u016f dok\u00e1zala poprat nejen s \u00fa\u010detnictv\u00edm, ale tak\u00e9 s provozem kav\u00e1rny, kter\u00e1 jak u\u017e n\u00e1zev napov\u00edd\u00e1, m\u011bla za \u00fakol podpo\u0159it nevidom\u00e9. Kav\u00e1rna se otev\u0159ela sice jen p\u00e1rkr\u00e1t, ale studenti dok\u00e1zali, \u017ee sv\u00fdmi neot\u0159el\u00fdmi n\u00e1pady dok\u00e1\u017e\u00ed p\u0159it\u00e1hnout Prachati\u010d\u00e1ky na nov\u00e1 m\u00edsta a z\u00edskat si tak jejich podporu. \u201eV kav\u00e1rn\u011b jsme pod\u00e1vali n\u00e1poje a z\u00e1kusky t\u00e9m\u011b\u0159 v \u00fapln\u00e9 tm\u011b tak, abychom p\u0159ibl\u00ed\u017eili ve\u0159ejnosti \u017eivot lid\u00ed s posti\u017een\u00edm zraku,\u201c popsala n\u00e1pl\u0148 prachatick\u00e9 studentsk\u00e9 firmy jej\u00ed \u0159editelka.<\/p>\n\n\n\n<p>A proto\u017ee \u0161lo sice o studentskou, ale i tak firmu, muselo doj\u00edt na ro\u010dn\u00ed vy\u00fa\u010dtov\u00e1n\u00ed. To nakonec p\u0159ineslo zisk. \u201e\u010c\u00e1st pen\u011bz jsme vlo\u017eili do fondu na maturitn\u00ed ples,\u201c podotkla \u0159editelka studentsk\u00e9 firmy K\u00e1va v \u0161eru Pavla Beranov\u00e1. Dal\u0161\u00ed zisk se ale studenti rozhodli v\u011bnovat pot\u0159ebn\u00fdm, sl\u00edbili si to u\u017e p\u0159i samotn\u00e9m zalo\u017een\u00ed firmy. A tak se p\u0159ed p\u00e1r dny v aule Gymn\u00e1zia v Prachatic\u00edch se\u0161li nejen studenti s veden\u00edm \u0161koly, ale tak\u00e9 z\u00e1stupci \u010deskobud\u011bjovick\u00e9ho st\u0159ediska spole\u010dnosti Tyfloservis, kter\u00fd u\u017e v\u00edce ne\u017e t\u0159i des\u00edtky let pom\u00e1h\u00e1 nevidom\u00fdch a slabozrak\u00fdm, a veden\u00ed prachatick\u00e9ho Domova Matky Vojt\u011bchy, kter\u00fd se specializuje na p\u00e9\u010di o pacienty s Alzheimerovou nemoc\u00ed a dal\u0161\u00edmi typy demence. Pr\u00e1v\u011b t\u011bmto dv\u011bma spole\u010dnostem se prachati\u010dt\u00ed t\u0159e\u0165\u00e1ci rozhodli v\u011bnovat \u010d\u00e1st zisku z firmy K\u00e1va v \u0161eru. Chyb\u011bt u toho nemohla ani nevidom\u00e1 Marie Mr\u00e1zov\u00e1 a jej\u00ed vod\u00edc\u00ed pes Bugy. Ta ov\u0161em nechyb\u011bla ani na \u017e\u00e1dn\u00e9 akci po\u0159\u00e1dan\u00e9 firmou K\u00e1va v \u0161eru. \u201eJsme si v\u011bdomi, \u017ee se nejedn\u00e1 o nijak z\u00e1vratn\u00e9 \u010d\u00e1stky, ale v\u011b\u0159\u00edme, \u017ee i se svou tro\u0161kou do ml\u00fdna m\u016f\u017eeme p\u0159isp\u011bt na dobrou v\u011bc. Pro spole\u010dnost Tyfloservis m\u00e1me p\u0159\u00edsp\u011bvek p\u011bt tis\u00edc korun a pro m\u00edstn\u00ed Domov Matky Vojt\u011bchy pak dva tis\u00edce t\u0159i sta korun,\u201c uvedli studenti z firmy K\u00e1va v \u0161eru. D\u016fkazem toho, \u017ee se ka\u017ed\u00e1 darovan\u00e1 koruna po\u010d\u00edt\u00e1 je \u0159editel Hospicu sv. Jana N. Neumanna a Domova Matky Vojt\u011bchy v Prachatic\u00edch: \u201eDaru si nesm\u00edrn\u011b v\u00e1\u017e\u00edme a d\u011bkujeme z cel\u00e9ho srdce.\u201c<\/p>\n\n\n\n<p>Studenti u\u017e v kv\u011btnu museli ukon\u010dit firmu vy\u00fa\u010dtov\u00e1n\u00edm a odesl\u00e1n\u00edm v\u00fdro\u010dn\u00ed zpr\u00e1vy neziskov\u00e9 vzd\u011bl\u00e1vac\u00ed organizaci Junior Achievements, o.p.s., kter\u00fd \u0161kol\u00e1m v republice nab\u00edz\u00ed praktick\u00e9 vzd\u011bl\u00e1vac\u00ed programy z finan\u010dn\u00ed a podnikatelsk\u00e9 gramotnosti. Prachati\u010dt\u00ed gymnazist\u00e9 se toti\u017e zapojili do projektu JA studentsk\u00e1 firma. Jedna firma sice skon\u010dila, ale vypad\u00e1 to, \u017ee nov\u00ed studenti t\u0159et\u00edho ro\u010dn\u00edku Gymn\u00e1zia v Prachatic\u00edch se do projektu v p\u0159\u00ed\u0161t\u00edm roce zapoj\u00ed. \u201eU\u017e jsme o tom mluvili a veden\u00ed \u0161koly tyto aktivity podporuje,\u201c uvedla na z\u00e1v\u011br vyu\u010duj\u00edc\u00ed studentsk\u00e9 firmy Blanka Van\u011b\u010dkov\u00e1.<\/p>\n\n\n\n<p>Jana Vandl\u00ed\u010dkov\u00e1<\/p>\n\n\n\n<p>Prachatick\u00fd den\u00edk<\/p>\n\n\n\n<p><a href=\"https:\/\/prachaticky.denik.cz\" target=\"_blank\" rel=\"noreferrer noopener\">https:\/\/prachaticky.denik.cz<\/a><\/p>\n","protected":false},"excerpt":{"rendered":"<div class=\"mh-excerpt\"><p>Veden\u00ed firmy, nov\u00e9 n\u00e1pady i charitativn\u00ed rozm\u011br. To v\u0161echno si na vlastn\u00ed k\u016f\u017ei b\u011bhem jedin\u00e9ho \u0161koln\u00edho roku vyzkou\u0161elo osm student\u016f t\u0159et\u00edho ro\u010dn\u00edku Gymn\u00e1zia v Prachatic\u00edch. <a class=\"mh-excerpt-more\" href=\"https:\/\/www.invarena.cz\/?p=50422\" title=\"K\u00e1va v \u0161eru z\u00fa\u010dtovala rok, o v\u00fdd\u011blek se studenti pod\u011blili\">[&#8230;]<\/a><\/p>\n<\/div>","protected":false},"author":1,"featured_media":14424,"comment_status":"open","ping_status":"closed","sticky":false,"template":"","format":"standard","meta":{"footnotes":""},"categories":[9],"tags":[],"class_list":["post-50422","post","type-post","status-publish","format-standard","has-post-thumbnail","hentry","category-zpravy"],"_links":{"self":[{"href":"https:\/\/www.invarena.cz\/index.php?rest_route=\/wp\/v2\/posts\/50422","targetHints":{"allow":["GET"]}}],"collection":[{"href":"https:\/\/www.invarena.cz\/index.php?rest_route=\/wp\/v2\/posts"}],"about":[{"href":"https:\/\/www.invarena.cz\/index.php?rest_route=\/wp\/v2\/types\/post"}],"author":[{"embeddable":true,"href":"https:\/\/www.invarena.cz\/index.php?rest_route=\/wp\/v2\/users\/1"}],"replies":[{"embeddable":true,"href":"https:\/\/www.invarena.cz\/index.php?rest_route=%2Fwp%2Fv2%2Fcomments&post=50422"}],"version-history":[{"count":0,"href":"https:\/\/www.invarena.cz\/index.php?rest_route=\/wp\/v2\/posts\/50422\/revisions"}],"wp:featuredmedia":[{"embeddable":true,"href":"https:\/\/www.invarena.cz\/index.php?rest_route=\/wp\/v2\/media\/14424"}],"wp:attachment":[{"href":"https:\/\/www.invarena.cz\/index.php?rest_route=%2Fwp%2Fv2%2Fmedia&parent=50422"}],"wp:term":[{"taxonomy":"category","embeddable":true,"href":"https:\/\/www.invarena.cz\/index.php?rest_route=%2Fwp%2Fv2%2Fcategories&post=50422"},{"taxonomy":"post_tag","embeddable":true,"href":"https:\/\/www.invarena.cz\/index.php?rest_route=%2Fwp%2Fv2%2Ftags&post=50422"}],"curies":[{"name":"wp","href":"https:\/\/api.w.org\/{rel}","templated":true}]}}