{"id":50443,"date":"2024-07-07T23:03:15","date_gmt":"2024-07-07T21:03:15","guid":{"rendered":"https:\/\/www.invarena.cz\/?p=50443"},"modified":"2024-07-07T23:03:16","modified_gmt":"2024-07-07T21:03:16","slug":"jednodussi-zadosti-o-prispevek-na-peci","status":"publish","type":"post","link":"https:\/\/www.invarena.cz\/?p=50443","title":{"rendered":"Jednodu\u0161\u0161\u00ed \u017e\u00e1dosti o p\u0159\u00edsp\u011bvek na p\u00e9\u010di\u00a0\u00a0"},"content":{"rendered":"\n<p>\u010cT 1\u00a0&#8211; Ud\u00e1losti<br \/><\/p>\n\n\n\n<p>Zrychlit a zjednodu\u0161it \u017e\u00e1dosti o p\u0159\u00edsp\u011bvek na p\u00e9\u010di m\u00e1 n\u00e1vrh, kter\u00fd p\u0159ipravuje ministerstvo pr\u00e1ce. Proces te\u010f podle vicepremi\u00e9ra Jure\u010dky trv\u00e1 i p\u0159es \u010dty\u0159i m\u011bs\u00edce. Nov\u011b by to mohla b\u00fdt polovina.<br \/><br \/>T\u0159i ko\u010dky se z P\u0159\u00edbrami na okraj Prahy st\u011bhovaly s n\u00ed. Za\u010d\u00e1tkem roku si jej\u00ed matka vyslechla diagn\u00f3zu a Petra Chmelov\u00e1 usoudila, \u017ee u\u017e ji nem\u016f\u017ee nechat samotnou.<br \/><br \/>Petra Chmelov\u00e1, pe\u010duj\u00edc\u00ed<br \/>&#8212;&#8212;&#8212;&#8212;&#8212;&#8212;&#8211;<br \/>V lednu p\u0159estala chodit, tak j\u00ed odvezla z\u00e1chranka do nemocnice a tam j\u00ed vlastn\u011b po t\u00fddnu diagnostikovali demenci s Lewyho t\u011bl\u00edsky spojenou s Parkinsonem.<br \/><br \/>redaktorka \u010cT<br \/>&#8212;&#8212;&#8212;&#8212;&#8212;&#8212;&#8211;<br \/>Jako \u00fa\u010detn\u00ed m\u016f\u017ee p\u00e1r dn\u00ed v t\u00fddnu pracovat z domova, i proto zat\u00edm p\u00e9\u010di zvl\u00e1d\u00e1, pom\u00e1h\u00e1 s \u00faklidem nebo va\u0159en\u00edm.<br \/><br \/>Petra Chmelov\u00e1, pe\u010duj\u00edc\u00ed<br \/>&#8212;&#8212;&#8212;&#8212;&#8212;&#8212;&#8211;<br \/>Se domlouv\u00e1me, co se bude d\u011blat, tak to v\u017edycky odsouhlas\u00ed.<br \/><br \/>Eva Chmelov\u00e1, matka<br \/>&#8212;&#8212;&#8212;&#8212;&#8212;&#8212;&#8211;<br \/>Jako domluv\u00edme a j\u00e1 to pak zdl\u00e1bnu a hotovo dvacet teda.<br \/><br \/>redaktorka \u010cT<br \/>&#8212;&#8212;&#8212;&#8212;&#8212;&#8212;&#8211;<br \/>Pr\u00e1v\u011b na j\u00eddlo a pit\u00ed Eva Chmelov\u00e1 ob\u010das zapom\u00edn\u00e1. Na roli pe\u010duj\u00edc\u00ed dcery si ob\u011b zvykaj\u00ed.<br \/><br \/>Petra Chmelov\u00e1, pe\u010duj\u00edc\u00ed<br \/>&#8212;&#8212;&#8212;&#8212;&#8212;&#8212;&#8211;<br \/>Te\u010fko t\u0159eba s osobn\u00ed hygienou jako \u00fapln\u011b pom\u00e1hat nechce. Trochu jako mus\u00edm jemn\u011b, \u017ee jo, ale j\u00ed je to t\u0159eba nep\u0159\u00edjemn\u00e9.<br \/><br \/>redaktorka \u010cT<br \/>&#8212;&#8212;&#8212;&#8212;&#8212;&#8212;&#8211;<br \/>Jak sama osmdes\u00e1tilet\u00e1 seniorka \u0159\u00edk\u00e1, bez t\u00e9hle dom\u00e1c\u00ed p\u00e9\u010de by musela do domova d\u016fchodc\u016f.Jste r\u00e1da, \u017ee ji tady m\u00e1te?<br \/><br \/>Eva Chmelov\u00e1, matka<br \/>&#8212;&#8212;&#8212;&#8212;&#8212;&#8212;&#8211;<br \/>No, to bych \u0159ekla teda \u00fapln\u011b jin\u00fd kafe, to je hrozn\u00fd, kdy\u017e je \u010dlov\u011bk s\u00e1m.<br \/><br \/> redaktorka \u010cT<br \/>&#8212;&#8212;&#8212;&#8212;&#8212;&#8212;&#8211;<br \/>Na za\u010d\u00e1tku nov\u00e9 \u017eivotn\u00ed role Pet\u0159e pomohl projekt Pe\u010duj doma. D\u00edky n\u011bmu se mimo jin\u00e9 zorientovala v pomoci, kterou nab\u00edz\u00ed st\u00e1t. O p\u0159\u00edsp\u011bvek na p\u00e9\u010di za\u017e\u00e1dala v b\u0159eznu. Zat\u00edm na n\u011bj st\u00e1le \u010dek\u00e1.<br \/><br \/>Sarah Huikari, vedouc\u00ed projektu Pe\u010duj doma, Diakonie \u010ceskobratrsk\u00e9 c\u00edrkve evangelick\u00e9<br \/>&#8212;&#8212;&#8212;&#8212;&#8212;&#8212;&#8211;<br \/>To znamen\u00e1 pro tu rodinu dost \u010dasto velk\u00fd finan\u010dn\u00ed dlouhodob\u00fd v\u00fdpadek. V\u011bt\u0161ina lid\u00ed, kte\u0159\u00ed pe\u010duj\u00ed dlouhodob\u011b, toti\u017e nejsou schopni vlastn\u011b chodit do pr\u00e1ce na pln\u00fd pracovn\u00ed \u00favazek.<br \/><br \/>redaktorka \u010cT<br \/>&#8212;&#8212;&#8212;&#8212;&#8212;&#8212;&#8211;<br \/>Ministerstvo pr\u00e1ce a soci\u00e1ln\u00edch v\u011bc\u00ed p\u0159ipravuje n\u00e1vrh, kter\u00fd by cel\u00fd proces zrychlil a zjednodu\u0161il. Platit by mohl od za\u010d\u00e1tku p\u0159\u00ed\u0161t\u00edho roku.<br \/><br \/>Marian Jure\u010dka, vicepremi\u00e9r,\u00a0<strong>ministr<\/strong>\u00a0<strong>pr\u00e1ce<\/strong>\u00a0a soc. v\u011bc\u00ed, p\u0159edseda strany \/KDU-\u010cSL\/<br \/>&#8212;&#8212;&#8212;&#8212;&#8212;&#8212;&#8211;<br \/>Dneska cel\u00e9 to vy\u0159izov\u00e1n\u00ed d\u011blaj\u00ed dva \u00fa\u0159ady, \u00da\u0159ad pr\u00e1ce a \u010cesk\u00e1 spr\u00e1va soci\u00e1ln\u00edho zabezpe\u010den\u00ed, u\u017e jenom v tom, \u017ee to d\u011blaj\u00ed dva \u00fa\u0159ady, se n\u00e1m ty lh\u016fty natahuj\u00ed. J\u00e1 chci, aby od p\u0159\u00ed\u0161t\u00edho roku to d\u011blal jeden \u00fa\u0159ad, \u010cesk\u00e1 spr\u00e1va soci\u00e1ln\u00ed zabezpe\u010den\u00ed.<br \/><br \/> redaktorka \u010cT<br \/>&#8212;&#8212;&#8212;&#8212;&#8212;&#8212;&#8211;<br \/>Od \u00faprav si \u0161\u00e9f resortu slibuje vy\u0159\u00edzen\u00ed \u017e\u00e1dosti do dvou m\u011bs\u00edc\u016f.<br \/><br \/>Ale\u0161 Juchelka, m\u00edstop\u0159edseda sn\u011bmovny \/ANO\/<br \/>&#8212;&#8212;&#8212;&#8212;&#8212;&#8212;&#8211;<br \/>Cel\u00fd ten proces samoz\u0159ejm\u011b by se m\u011bl zrychlit. N\u011bkdy se skute\u010dn\u011b st\u00e1v\u00e1, \u017ee ten \u010dlov\u011bk s n\u011bjakou diagn\u00f3zou d\u0159\u00edve zem\u0159e, ne\u017e je mu p\u0159iklepnut p\u0159\u00edsp\u011bvek na p\u00e9\u010di.<br \/><br \/> redaktorka \u010cT<br \/>&#8212;&#8212;&#8212;&#8212;&#8212;&#8212;&#8211;<br \/>Opozice kritizuje i to, \u017ee se nezv\u00fd\u0161il p\u0159\u00edsp\u011bvek v nejni\u017e\u0161\u00edm stupni z\u00e1vislosti na pomoci druh\u00fdch. V jak\u00e9 kategorii nakonec bude Eva Chmelov\u00e1, zat\u00edm nev\u00ed, finan\u010dn\u011b ale na p\u0159\u00edsp\u011bvku z\u00e1visl\u00e1 nen\u00ed. <\/p>\n\n\n\n<p>\u010cesk\u00e1 televize.<br \/><\/p>\n","protected":false},"excerpt":{"rendered":"<div class=\"mh-excerpt\"><p>\u010cT 1\u00a0&#8211; Ud\u00e1losti Zrychlit a zjednodu\u0161it \u017e\u00e1dosti o p\u0159\u00edsp\u011bvek na p\u00e9\u010di m\u00e1 n\u00e1vrh, kter\u00fd p\u0159ipravuje ministerstvo pr\u00e1ce. Proces te\u010f podle vicepremi\u00e9ra Jure\u010dky trv\u00e1 i p\u0159es <a class=\"mh-excerpt-more\" href=\"https:\/\/www.invarena.cz\/?p=50443\" title=\"Jednodu\u0161\u0161\u00ed \u017e\u00e1dosti o p\u0159\u00edsp\u011bvek na p\u00e9\u010di\u00a0\u00a0\">[&#8230;]<\/a><\/p>\n<\/div>","protected":false},"author":1,"featured_media":16394,"comment_status":"open","ping_status":"closed","sticky":false,"template":"","format":"standard","meta":{"footnotes":""},"categories":[1],"tags":[],"class_list":["post-50443","post","type-post","status-publish","format-standard","has-post-thumbnail","hentry","category-nezarazene"],"_links":{"self":[{"href":"https:\/\/www.invarena.cz\/index.php?rest_route=\/wp\/v2\/posts\/50443","targetHints":{"allow":["GET"]}}],"collection":[{"href":"https:\/\/www.invarena.cz\/index.php?rest_route=\/wp\/v2\/posts"}],"about":[{"href":"https:\/\/www.invarena.cz\/index.php?rest_route=\/wp\/v2\/types\/post"}],"author":[{"embeddable":true,"href":"https:\/\/www.invarena.cz\/index.php?rest_route=\/wp\/v2\/users\/1"}],"replies":[{"embeddable":true,"href":"https:\/\/www.invarena.cz\/index.php?rest_route=%2Fwp%2Fv2%2Fcomments&post=50443"}],"version-history":[{"count":0,"href":"https:\/\/www.invarena.cz\/index.php?rest_route=\/wp\/v2\/posts\/50443\/revisions"}],"wp:featuredmedia":[{"embeddable":true,"href":"https:\/\/www.invarena.cz\/index.php?rest_route=\/wp\/v2\/media\/16394"}],"wp:attachment":[{"href":"https:\/\/www.invarena.cz\/index.php?rest_route=%2Fwp%2Fv2%2Fmedia&parent=50443"}],"wp:term":[{"taxonomy":"category","embeddable":true,"href":"https:\/\/www.invarena.cz\/index.php?rest_route=%2Fwp%2Fv2%2Fcategories&post=50443"},{"taxonomy":"post_tag","embeddable":true,"href":"https:\/\/www.invarena.cz\/index.php?rest_route=%2Fwp%2Fv2%2Ftags&post=50443"}],"curies":[{"name":"wp","href":"https:\/\/api.w.org\/{rel}","templated":true}]}}