{"id":50451,"date":"2024-07-07T23:14:31","date_gmt":"2024-07-07T21:14:31","guid":{"rendered":"https:\/\/www.invarena.cz\/?p=50451"},"modified":"2024-07-07T23:14:37","modified_gmt":"2024-07-07T21:14:37","slug":"zmeny-v-socialnich-davkach","status":"publish","type":"post","link":"https:\/\/www.invarena.cz\/?p=50451","title":{"rendered":"Zm\u011bny v soci\u00e1ln\u00edch d\u00e1vk\u00e1ch\u00a0\u00a0"},"content":{"rendered":"\n<p>\u010cT 1\u00a0&#8211; Ud\u00e1losti<br \/><\/p>\n\n\n\n<p>P\u0159\u00edsn\u011bj\u0161\u00ed pravidla pro \u010derp\u00e1n\u00ed soci\u00e1ln\u00edch d\u00e1vek.\u00a0<strong>Ministr<\/strong>\u00a0<strong>pr\u00e1ce<\/strong>\u00a0je chce ve vl\u00e1d\u011b prosadit je\u0161t\u011b b\u011bhem pr\u00e1zdnin. Do jedn\u00e9 podpory se m\u00e1 nov\u011b slou\u010dit p\u0159\u00edsp\u011bvek a doplatek na bydlen\u00ed, p\u0159\u00edsp\u011bvek na \u017eivobyt\u00ed a p\u0159\u00eddavek na d\u00edt\u011b.<br \/><br \/>moder\u00e1tor \u010cT<br \/>&#8212;&#8212;&#8212;&#8212;&#8212;&#8212;&#8211;<br \/>Vedle p\u0159\u00edjmu \u017eadatel\u016f se m\u00e1 v\u00edc posuzovat i jejich majetek. Podm\u00ednkou pro z\u00edsk\u00e1n\u00ed pen\u011bz taky bude zam\u011bstn\u00e1n\u00ed, respektive taky jeho hled\u00e1n\u00ed. O n\u00e1vrhu chce s ministrem Jure\u010dkou jednat i prezident.<br \/><br \/>Marian Jure\u010dka, vicepremi\u00e9r,\u00a0<strong>ministr<\/strong>\u00a0<strong>pr\u00e1ce<\/strong>\u00a0a soc. v\u011bc\u00ed, p\u0159edseda strany \/KDU-\u010cSL\/<br \/>&#8212;&#8212;&#8212;&#8212;&#8212;&#8212;&#8211;<br \/>My opravdu po 30 letech pot\u0159ebujeme tu zm\u011bnu, dnes o tom stra\u0161n\u011b dlouho mluv\u00ed, a my m\u00e1me jako tady tis\u00edce lid\u00ed, kte\u0159\u00ed vlastn\u011b opravdu ten syst\u00e9m vlastn\u011b t\u00edm sv\u00fdm \u017eivotn\u00edm p\u0159\u00edstupem zneu\u017e\u00edvaj\u00ed, p\u0159esto\u017ee by nemuseli tu podporu dostat, p\u0159esto\u017ee by m\u011bli spr\u00e1vn\u011b pracovat jako ka\u017ed\u00fd norm\u00e1ln\u00ed \u010dlov\u011bk.<br \/><br \/>Ale\u0161 Juchelka, m\u00edstop\u0159edseda sn\u011bmovny \/ANO\/<br \/>&#8212;&#8212;&#8212;&#8212;&#8212;&#8212;&#8211;<br \/>Si nedok\u00e1\u017eu p\u0159edstavit, \u017ee budeme pr\u00e1v\u011b ty chudinsk\u00e9 d\u00e1vky, co\u017e je vlastn\u011b p\u0159\u00edsp\u011bvek na \u017eivobyt\u00ed a doplatek na bydlen\u00ed, pr\u00e1v\u011b d\u00e1vat dohromady nap\u0159\u00edklad s p\u0159\u00eddavkem na d\u00edt\u011b, to si mysl\u00edm, \u017ee prost\u011b spolu nesouvis\u00ed.<br \/><br \/>moder\u00e1torka \u010cT<br \/>&#8212;&#8212;&#8212;&#8212;&#8212;&#8212;&#8211;<br \/>D\u00e1vkov\u00fd syst\u00e9m, kter\u00fd bude z\u00e1rove\u0148 motivovat k pr\u00e1ci, doporu\u010duje kabinetu jako jedno z pror\u016fstov\u00fdch opat\u0159en\u00ed. N\u00e1rodn\u00ed ekonomick\u00e1 rada vl\u00e1dy, vol\u00e1 i po modernizaci z\u00e1kon\u00edku pr\u00e1ce. S tou po\u010d\u00edt\u00e1 tzv. flexibiln\u00ed novela, i tu by m\u011bli minist\u0159i projednat do konce srpna.<br \/><br \/>Pracuje o pr\u00e1zdnin\u00e1ch i p\u0159i \u0161kole. To pak b\u00edl\u00fd pl\u00e1\u0161\u0165 studenta biochemie st\u0159\u00edd\u00e1 \u010dern\u00e1 z\u00e1st\u011bra.<br \/><br \/>Natanael Budo\u0161, brig\u00e1dn\u00edk<br \/>&#8212;&#8212;&#8212;&#8212;&#8212;&#8212;&#8211;<br \/>Je to pr\u00e1ce, kde se n\u011bco nau\u010d\u00edm a n\u011bco, co m\u016f\u017eu vyu\u017e\u00edt do budoucnosti, a to jsou pr\u00e1v\u011b ty interakce s lidma, kter\u00fd jsou prost\u011b zaj\u00edmav\u00fd a special.<br \/><br \/>redaktor \u010cT<br \/>&#8212;&#8212;&#8212;&#8212;&#8212;&#8212;&#8211;<br \/>Mimo n\u011bj tu obsluhuje dal\u0161\u00edch 15 brig\u00e1dn\u00edk\u016f. Mo\u017enost pracovat p\u0159es pr\u00e1zdniny u\u017e od 14 by uv\u00edtal, stejn\u011b jako majitel kav\u00e1rny.<br \/><br \/>Josef Husar (majitel Caffe Rotatoria Medl\u00e1nky),<br \/>&#8212;&#8212;&#8212;&#8212;&#8212;&#8212;&#8211;<br \/>Dopl\u0148ujou n\u00e1m sm\u011bny, co pot\u0159ebujeme t\u0159eba nav\u00fd\u0161it, kdy\u017e je v\u011bt\u0161\u00ed byznys nebo prost\u011b v\u00edc lid\u00ed. Tak pro n\u00e1s super, \u017ee oni m\u016f\u017eou odpoledne, co\u017e b\u00fdv\u00e1 t\u0159eba v\u00edce lid\u00ed, kdy\u017e lidi skon\u010d\u00ed z pr\u00e1ce a dojdou na kaf\u010do, a hlavn\u011b v\u00edkendy, kter\u00fd m\u00e1me jakoby fakt n\u00e1t\u0159esk.<br \/><br \/>redaktor \u010cT<br \/>&#8212;&#8212;&#8212;&#8212;&#8212;&#8212;&#8211;<br \/>Novela po\u010d\u00edt\u00e1 vedle letn\u00edch brig\u00e1d i pro \u010dtrn\u00e1ctilet\u00e9 taky s prodlou\u017een\u00edm zku\u0161ebn\u00ed doby. Zm\u011bna se dotkne i v\u00fdpov\u011bdn\u00ed lh\u016fty, ta by nov\u011b za\u010d\u00ednala dnem doru\u010den\u00ed.<br \/><br \/>Marian Jure\u010dka, vicepremi\u00e9r,\u00a0<strong>ministr<\/strong>\u00a0<strong>pr\u00e1ce<\/strong>\u00a0a soc. v\u011bc\u00ed, p\u0159edseda strany \/KDU-\u010cSL\/<br \/>&#8212;&#8212;&#8212;&#8212;&#8212;&#8212;&#8211;<br \/>Jde o digit\u00e1ln\u00ed komunikaci, a\u0165 u\u017e jde o to, abychom opravdu vytvo\u0159ili flexibiln\u00ed prost\u0159ed\u00ed, abychom pomohli t\u0159eba i rodi\u010d\u016fm v tom jejich n\u00e1vratu zp\u00e1tky do pr\u00e1ce, kde budou m\u00edt garantovanou nejenom pozici ve firm\u011b, ale i t\u0159eba to konkr\u00e9tn\u00ed m\u00edsto, pokud se vrac\u00ed.<br \/><br \/>Ale\u0161 Juchelka, m\u00edstop\u0159edseda sn\u011bmovny \/ANO\/<br \/>&#8212;&#8212;&#8212;&#8212;&#8212;&#8212;&#8211;<br \/>My v drtiv\u00e9 v\u011bt\u0161in\u011b nem\u00e1me probl\u00e9m s jednotliv\u00fdmi opat\u0159en\u00edmi, kter\u00e9 ta \/nesrozumiteln\u00e9\/ novela p\u0159in\u00e1\u0161\u00ed, nicm\u00e9n\u011b nap\u0159\u00edklad se n\u00e1m nel\u00edb\u00ed, \u017ee bude prodlou\u017een ze t\u0159i na \u010dty\u0159i m\u011bs\u00edce, respektive ze \u0161esti na osm m\u011bs\u00edc\u016f zku\u0161ebn\u00ed doba.<br \/><br \/> redaktor \u010cT<br \/>&#8212;&#8212;&#8212;&#8212;&#8212;&#8212;&#8211;<br \/>Kolik z dal\u0161\u00edch n\u00e1vrh\u016f N\u00e1rodn\u00ed ekonomick\u00e9 rady vl\u00e1dy kabinet nakonec podpo\u0159\u00ed, zat\u00edm vicepremi\u00e9\u0159i specifikovat necht\u011bli.<br \/><br \/>Vlastimil V\u00e1lek, vicepremi\u00e9r, ministr zdravotnictv\u00ed, 1. m\u00edstop\u0159edseda strany \/TOP 09\/<br \/>&#8212;&#8212;&#8212;&#8212;&#8212;&#8212;&#8211;<br \/>N\u011bkterou jsme realizovali a postupn\u011b budeme realizovat \u0159adu dal\u0161\u00edch.<br \/><br \/>Ivan Barto\u0161, vicepremi\u00e9r, ministr pro m\u00edstn\u00ed rozvoj, p\u0159edseda strany \/Pir\u00e1ti\/<br \/>&#8212;&#8212;&#8212;&#8212;&#8212;&#8212;&#8211;<br \/>Na\u0161\u00ed ambic\u00ed je prost\u011b dostat tam t\u011bch v\u011bc\u00ed co nejv\u00edce z pohledu d\u016fle\u017eitosti pro ob\u010dany. Pro m\u011b je to bydlen\u00ed, pro m\u011b to jsou v\u011bci, kter\u00e9 se t\u00fdkaj\u00ed digitalizace, a v\u011bci, kter\u00e9 se budou t\u00fdkat \u0161kolstv\u00ed.<br \/><br \/> redaktor \u010cT<br \/>&#8212;&#8212;&#8212;&#8212;&#8212;&#8212;&#8211;<br \/>Podle premi\u00e9ra Petra Fialy chce vl\u00e1da prosadit taky zm\u011bny sm\u011b\u0159uj\u00edc\u00ed k urychlen\u00ed investic do dopravn\u00ed infrastruktury, a to v\u010detn\u011b uplatn\u011bn\u00ed spolupr\u00e1ce se soukrom\u00fdm sektorem.<br \/><br \/>Martin Kupka, ministr dopravy, m\u00edstop\u0159edseda strany \/ODS\/<br \/>&#8212;&#8212;&#8212;&#8212;&#8212;&#8212;&#8211;<br \/>Bude d\u016fle\u017eitou sou\u010d\u00e1st\u00ed cel\u00e9 t\u00e9 skl\u00e1da\u010dky r\u016fzn\u00fdch forem financov\u00e1n\u00ed dopravn\u00edch staveb. Dominantn\u00ed bude samoz\u0159ejm\u011b jak st\u00e1tn\u00ed rozpo\u010det, tak p\u0159\u00edjem St\u00e1tn\u00edho fondu dopravn\u00ed infrastruktury.<br \/><br \/> redaktor \u010cT<br \/>&#8212;&#8212;&#8212;&#8212;&#8212;&#8212;&#8211;<br \/>Ani po v\u010derej\u0161\u00edm jedn\u00e1n\u00ed \u0161pi\u010dky koali\u010dn\u00edch stran nena\u0161ly shodu na doporu\u010den\u00ed NERVu zav\u00e9st v \u010cesku leg\u00e1ln\u00ed regulovan\u00fd trh s konop\u00edm.<br \/><br \/>Olga Richterov\u00e1, m\u00edstop\u0159edsedkyn\u011b sn\u011bmovny \/Pir\u00e1ti\/<br \/>&#8212;&#8212;&#8212;&#8212;&#8212;&#8212;&#8211;<br \/>Jednak chceme samoz\u0159ejm\u011b zamezit \u010dern\u00e9mu trhu a za druh\u00e9 je tam prost\u011b potenci\u00e1l pro docela zna\u010dn\u00fd p\u0159\u00ednos do rozpo\u010dtu.<br \/><br \/>Jan Barto\u0161ek, 1. m\u00edstop\u0159edseda strany, m\u00edstop\u0159edseda sn\u011bmovny \/KDU-\u010cSL\/<br \/>&#8212;&#8212;&#8212;&#8212;&#8212;&#8212;&#8211;<br \/>Odm\u00edt\u00e1me, aby se marihuana stala norm\u00e1ln\u011b obchodovatelnou komoditou jako houska na kr\u00e1m\u011b. My jsme p\u0159esv\u011bd\u010den\u00ed, \u017ee je spr\u00e1vn\u00e9 zjednodu\u0161it l\u00e9ka\u0159sk\u00e9 u\u017e\u00edv\u00e1n\u00ed na l\u00e9ka\u0159sk\u00fd p\u0159edpis a v p\u0159\u00edpad\u011b zdravotn\u00edch komplikac\u00ed.<br \/><br \/>redaktor \u010cT<br \/>&#8212;&#8212;&#8212;&#8212;&#8212;&#8212;&#8211;<br \/>N\u00e1rodn\u00ed ekonomick\u00e1 rada vl\u00e1dy n\u00e1vrh 37 opat\u0159en\u00ed, kter\u00e1 by m\u011bla pomoci k vy\u0161\u0161\u00edmu dlouhodob\u011b udr\u017eiteln\u00e9mu r\u016fstu \u010desk\u00e9 ekonomiky, zve\u0159ejnila v lednu. Redakce a V\u00edt\u011bzslav Komenda, \u010cesk\u00e1 televize.<br \/><br \/><br \/>Vl\u00e1da dnes schv\u00e1lila taky nav\u00fd\u0161en\u00ed rozpo\u010dtu ministerstva pr\u00e1ce o 3,5 miliardy kv\u016fli humanit\u00e1rn\u00edm d\u00e1vk\u00e1m pro ukrajinsk\u00e9 uprchl\u00edky. Te\u010f se skl\u00e1daj\u00ed z p\u0159\u00edsp\u011bvk\u016f na \u017eivobyt\u00ed a na bydlen\u00ed. Dohromady je to maxim\u00e1ln\u011b 13 000 m\u011bs\u00ed\u010dn\u011b. Ale jenom u zraniteln\u00fdch b\u011b\u017eenc\u016f, jako jsou d\u011bti nebo senio\u0159i.<br \/><br \/><br \/>Podle chystan\u00e9ho na\u0159\u00edzen\u00ed chce vl\u00e1da tyto d\u00e1vky zv\u00fd\u0161it. Vyjde to zhruba na p\u016fldruh\u00e9 miliardy, na druh\u00e9 stran\u011b st\u00e1t sn\u00ed\u017e\u00ed v\u00fddaje skoro o dv\u011b miliardy dal\u0161\u00ed novinkou. Od z\u00e1\u0159\u00ed u\u017e si toti\u017e v\u0161ichni b\u011b\u017eenci, kte\u0159\u00ed jsou v \u010cesku v\u00edc ne\u017e 90 dn\u016f, budou bydlen\u00ed hradit sami. A to v\u010detn\u011b t\u011bch zraniteln\u00fdch.<br \/><br \/>Marian Jure\u010dka, vicepremi\u00e9r,\u00a0<strong>ministr<\/strong>\u00a0<strong>pr\u00e1ce<\/strong>\u00a0a soci\u00e1ln\u00edch v\u011bc\u00ed \/KDU-\u010cSL\/<br \/>&#8212;&#8212;&#8212;&#8212;&#8212;&#8212;&#8211;<br \/>Dneska tu humanit\u00e1rn\u00ed d\u00e1vku dost\u00e1vaj\u00ed lid\u00e9, kte\u0159\u00ed jsou opravdu t\u011bmi zraniteln\u00fdmi osobami, to jsou opravdu mal\u00e9 d\u011bti a rodi\u010de mal\u00fdch d\u011bt\u00ed, jsou to 65 let plus v\u011bku a p\u0159\u00edpadn\u011b osoby se zdravotn\u00edm posti\u017een\u00edm.<br \/><br \/> moder\u00e1torka \u010cT<br \/>&#8212;&#8212;&#8212;&#8212;&#8212;&#8212;&#8211;<br \/>Vl\u00e1dn\u00ed ekonomick\u00e9 pl\u00e1ny rozeberou i Ud\u00e1losti, koment\u00e1\u0159e v debat\u011b s m\u00edstop\u0159edsedy Sn\u011bmovny Janem Skope\u010dkem z ODS a Ale\u0161em Juchelkou z hnut\u00ed ANO.<br \/><\/p>\n","protected":false},"excerpt":{"rendered":"<div class=\"mh-excerpt\"><p>\u010cT 1\u00a0&#8211; Ud\u00e1losti P\u0159\u00edsn\u011bj\u0161\u00ed pravidla pro \u010derp\u00e1n\u00ed soci\u00e1ln\u00edch d\u00e1vek.\u00a0Ministr\u00a0pr\u00e1ce\u00a0je chce ve vl\u00e1d\u011b prosadit je\u0161t\u011b b\u011bhem pr\u00e1zdnin. Do jedn\u00e9 podpory se m\u00e1 nov\u011b slou\u010dit p\u0159\u00edsp\u011bvek a <a class=\"mh-excerpt-more\" href=\"https:\/\/www.invarena.cz\/?p=50451\" title=\"Zm\u011bny v soci\u00e1ln\u00edch d\u00e1vk\u00e1ch\u00a0\u00a0\">[&#8230;]<\/a><\/p>\n<\/div>","protected":false},"author":1,"featured_media":35592,"comment_status":"open","ping_status":"closed","sticky":false,"template":"","format":"standard","meta":{"footnotes":""},"categories":[9],"tags":[],"class_list":["post-50451","post","type-post","status-publish","format-standard","has-post-thumbnail","hentry","category-zpravy"],"_links":{"self":[{"href":"https:\/\/www.invarena.cz\/index.php?rest_route=\/wp\/v2\/posts\/50451","targetHints":{"allow":["GET"]}}],"collection":[{"href":"https:\/\/www.invarena.cz\/index.php?rest_route=\/wp\/v2\/posts"}],"about":[{"href":"https:\/\/www.invarena.cz\/index.php?rest_route=\/wp\/v2\/types\/post"}],"author":[{"embeddable":true,"href":"https:\/\/www.invarena.cz\/index.php?rest_route=\/wp\/v2\/users\/1"}],"replies":[{"embeddable":true,"href":"https:\/\/www.invarena.cz\/index.php?rest_route=%2Fwp%2Fv2%2Fcomments&post=50451"}],"version-history":[{"count":0,"href":"https:\/\/www.invarena.cz\/index.php?rest_route=\/wp\/v2\/posts\/50451\/revisions"}],"wp:featuredmedia":[{"embeddable":true,"href":"https:\/\/www.invarena.cz\/index.php?rest_route=\/wp\/v2\/media\/35592"}],"wp:attachment":[{"href":"https:\/\/www.invarena.cz\/index.php?rest_route=%2Fwp%2Fv2%2Fmedia&parent=50451"}],"wp:term":[{"taxonomy":"category","embeddable":true,"href":"https:\/\/www.invarena.cz\/index.php?rest_route=%2Fwp%2Fv2%2Fcategories&post=50451"},{"taxonomy":"post_tag","embeddable":true,"href":"https:\/\/www.invarena.cz\/index.php?rest_route=%2Fwp%2Fv2%2Ftags&post=50451"}],"curies":[{"name":"wp","href":"https:\/\/api.w.org\/{rel}","templated":true}]}}