{"id":50456,"date":"2024-07-08T05:54:43","date_gmt":"2024-07-08T03:54:43","guid":{"rendered":"https:\/\/www.invarena.cz\/?p=50456"},"modified":"2024-07-08T05:57:56","modified_gmt":"2024-07-08T03:57:56","slug":"nova-pravidla-pro-predcasne-duchody","status":"publish","type":"post","link":"https:\/\/www.invarena.cz\/?p=50456","title":{"rendered":"Nov\u00e1 pravidla pro p\u0159ed\u010dasn\u00e9 d\u016fchody\u00a0\u00a0"},"content":{"rendered":"\n<p>\u010cT 1\u00a0&#8211; Ud\u00e1losti<br \/><br \/>V pr\u016fm\u011bru jsou te\u010f p\u0159ed\u010dasn\u00e9 d\u016fchody o 2000 ni\u017e\u0161\u00ed ne\u017e ty \u0159\u00e1dn\u00e9 starobn\u00ed. Od nov\u00fdch pravidel si vl\u00e1da slibuje \u00falevu pro ztr\u00e1tov\u00fd penzijn\u00ed syst\u00e9m.<br \/><br \/>Definitivn\u00ed moment, kdy se Ji\u0159\u00ed Vep\u0159ek po dlouh\u00e9m rozm\u00fd\u0161len\u00ed rozhodl, \u017ee odejde do p\u0159ed\u010dasn\u00e9ho d\u016fchodu a m\u00edsto pr\u00e1ce ve strojn\u00ed firm\u011b se bude v\u00edc v\u011bnovat sv\u00fdm z\u00e1lib\u00e1m.<br \/><br \/>Ji\u0159\u00ed Vep\u0159ek, osoba<br \/>&#8212;&#8212;&#8212;&#8212;&#8212;&#8212;&#8211;<br \/>Ta pr\u00e1ce byla hodn\u011b n\u00e1ro\u010dn\u00e1, vlastn\u011b jsem si toho na sebe nabral tro\u0161ku v\u00edc, mo\u017en\u00e1 i ne\u017e bylo zdr\u00e1vo, no, a cejtil jsem u\u017e takovej tlak a pot\u0159ebu prost\u011b si pomalinku ulevovat a m\u011bl jsem i hodn\u011b kon\u00ed\u010dk\u016f, na kter\u00fd jsem se t\u011b\u0161il do d\u016fchodu.<br \/><br \/>redaktor \u010cT<br \/>&#8212;&#8212;&#8212;&#8212;&#8212;&#8212;&#8211;<br \/>\u017de m\u00e1 kv\u016fli tomu ni\u017e\u0161\u00ed penzi mu nevad\u00ed, pracovat \u00fapln\u011b nep\u0159estal. D\u011bl\u00e1 ale jen to, co s\u00e1m chce.<br \/><br \/>Ji\u0159\u00ed Vep\u0159ek, osoba<br \/>&#8212;&#8212;&#8212;&#8212;&#8212;&#8212;&#8211;<br \/>Doch\u00e1z\u00edm tam na p\u00e1r hodin t\u00fddn\u011b a vlastn\u011b vzal jsem si z t\u00e9 pr\u00e1ce to, co m\u011b nejv\u00edc bavilo a samoz\u0159ejm\u011b p\u0159i\u0161li na \u0159adu vnou\u010data, kter\u00fdm se r\u00e1d v\u011bnuju po del\u0161\u00ed dobu, ne\u017e kdybych mohl, kdybych u t\u00e9 pr\u00e1ce musel jako z\u016fstat.<br \/><br \/>redaktor \u010cT<br \/>&#8212;&#8212;&#8212;&#8212;&#8212;&#8212;&#8211;<br \/>A z nejr\u016fzn\u011bj\u0161\u00edch d\u016fvod\u016f se pro p\u0159ed\u010dasn\u00fd d\u016fchod rozhoduje \u010d\u00edm d\u00e1l v\u00edc lid\u00ed. Zat\u00edmco loni v prvn\u00edm \u010dtvrtlet\u00ed jich p\u0159ibylo 7000, letos to byl skoro dvojn\u00e1sobek.<br \/><br \/>David Marek, hlavn\u00ed ekonom, Deloitte<br \/>&#8212;&#8212;&#8212;&#8212;&#8212;&#8212;&#8211;<br \/>Zv\u00fd\u0161en\u00e9 \u010derp\u00e1n\u00ed p\u0159ed\u010dasn\u00fdch d\u016fchod\u016f m\u00e1 za n\u00e1sledek to, \u017ee se d\u016fchodov\u00fd syst\u00e9m propadl do pom\u011brn\u011b v\u00fdrazn\u00e9ho deficitu, a to u\u017e v lo\u0148sk\u00e9m roce. A proto\u017ee p\u0159ed\u010dasn\u00fd d\u016fchodci z\u016fstanou v d\u016fchodu i v dal\u0161\u00edch letech, tak tento deficit si vlastn\u011b poneseme po celou generaci t\u011bchto p\u0159ed\u010dasn\u00fdch d\u016fchodc\u016f a\u017e vlastn\u011b na dal\u0161\u00ed desetilet\u00ed dop\u0159edu.<br \/><br \/>redaktor \u010cT<br \/>&#8212;&#8212;&#8212;&#8212;&#8212;&#8212;&#8211;<br \/>I proto se vl\u00e1da rozhodla podm\u00ednky zp\u0159\u00edsnit. Nov\u011b tak mohou j\u00edt lid\u00e9 do p\u0159ed\u010dasn\u00e9ho d\u016fchodu m\u00edsto p\u011bti let jen t\u0159i roky p\u0159ed \u0159\u00e1dn\u00fdm d\u016fchodov\u00fdm v\u011bkem. Sn\u00ed\u017eila se tak\u00e9 v\u00fd\u0161e p\u0159ed\u010dasn\u00e9ho d\u016fchodu a zm\u011bny se za\u010daly projevovat, \u017e\u00e1dost\u00ed za\u010dalo ub\u00fdvat.<br \/><br \/>Marian Jure\u010dka, vicepremi\u00e9r,\u00a0<strong>ministr<\/strong>\u00a0<strong>pr\u00e1ce<\/strong>\u00a0a soci\u00e1ln\u00edch v\u011bc\u00ed, p\u0159edseda strany \/KDU-\u010cSL\/<br \/>&#8212;&#8212;&#8212;&#8212;&#8212;&#8212;&#8211;<br \/>Tyto zm\u011bny opravdu byly d\u016fle\u017eit\u00e9 proto, abychom pro ten syst\u00e9m zastabilizovali, proto\u017ee v okam\u017eiku, kdy n\u00e1m potom t\u0159etina lid\u00ed odch\u00e1z\u00ed do p\u0159ed\u010dasn\u00fdch d\u016fchod\u016f, tak to nen\u00ed \u00fapln\u011b ide\u00e1ln\u00ed stav pro ten syst\u00e9m jako takov\u00fd.<br \/><br \/>Lucie \u0160afr\u00e1nkov\u00e1, m\u00edstop\u0159edsedkyn\u011b sn\u011bmovn\u00edho soci\u00e1ln\u00edho v\u00fdboru \/SPD\/<br \/>&#8212;&#8212;&#8212;&#8212;&#8212;&#8212;&#8211;<br \/>Toto, co ud\u011blala Fialova vl\u00e1da, \u017ee \u010dty\u0159n\u00e1sobn\u011b penalizovala odchod do p\u0159ed\u010dasn\u00e9ho d\u016fchodu, taky n\u011bco naprosto asoci\u00e1ln\u00edho.<br \/><br \/>Jan Jakob, p\u0159edseda poslaneck\u00e9ho klubu \/TOP 09\/<br \/>&#8212;&#8212;&#8212;&#8212;&#8212;&#8212;&#8211;<br \/>Jsem p\u0159esv\u011bd\u010den\u00fd, \u017ee to bylo jednozna\u010dn\u011b spr\u00e1vn\u011b.<br \/><br \/>Ale\u0161 Juchelka, m\u00edstop\u0159edseda sn\u011bmovny \/ANO\/<br \/>&#8212;&#8212;&#8212;&#8212;&#8212;&#8212;&#8211;<br \/>Se n\u00e1m po\u010det t\u011bch p\u0159ed\u010dasn\u00fdch d\u016fchodc\u016f bohu\u017eel prost\u011b zvy\u0161uje, proto\u017ee tato vl\u00e1da uv\u00e1d\u00ed nejistotu sv\u00fdmi parametrick\u00fdmi zm\u011bnami a sv\u00fdmi dal\u0161\u00edmi kouskovac\u00edmi kroky v t\u00e9 tzv. d\u016fchodov\u00e9 reform\u011b.<br \/><br \/>redaktor \u010cT<br \/>&#8212;&#8212;&#8212;&#8212;&#8212;&#8212;&#8211;<br \/>Od \u0159\u00edjna nav\u00edc p\u0159ijde dal\u0161\u00ed zp\u0159\u00edsn\u011bn\u00ed, o p\u011bt let na 40 se zvy\u0161uje doba, po kterou mus\u00ed b\u00fdt p\u0159ed odchodem do p\u0159ed\u010dasn\u00e9ho d\u016fchodu lid\u00e9 poji\u0161t\u011bn\u00ed. Do t\u00e9 doby se tak po\u010det \u017e\u00e1dost\u00ed m\u016f\u017ee je\u0161t\u011b zv\u00fd\u0161it. T\u0159eba od t\u011bch, co podobn\u011b jako Ji\u0159\u00ed Vep\u0159ek necht\u011bj\u00ed, aby jim kv\u016fli pozdn\u00edmu d\u016fchodu ulet\u011bli t\u0159eba jin\u00e9 z\u00e1jmy.<\/p>\n\n\n\n<p> \u010cesk\u00e1 televize.<\/p>\n\n\n\n<p><a><mark style=\"background-color:rgba(0, 0, 0, 0)\" class=\"has-inline-color has-black-color\"><strong>Zm\u011bna z\u00e1jmu o p\u0159ed\u010dasn\u00e9 penze<\/strong>\u00a0\u00a0<\/mark><\/a><\/p>\n\n\n\n<p>\u010cT 1\u00a0&#8211; Ud\u00e1losti<br \/><br \/>V\u00fdrazn\u011b p\u0159ibylo lid\u00ed, kte\u0159\u00ed \u010derpaj\u00ed p\u0159ed\u010dasn\u00fd d\u016fchod. V leto\u0161n\u00edm prvn\u00edm \u010dtvrtlet\u00ed jejich po\u010det stoupl o 13 500. V\u011bt\u0161ina z nich vyu\u017eila mo\u017enost po\u017e\u00e1dat o p\u0159ed\u010dasnou penzi je\u0161t\u011b za star\u00fdch podm\u00ednek. Te\u010f jsou pravidla p\u0159\u00edsn\u011bj\u0161\u00ed a z\u00e1jem opad\u00e1.<br \/><br \/>Marian Jure\u010dka, vicepremi\u00e9r,\u00a0<strong>ministr<\/strong>\u00a0<strong>pr\u00e1ce<\/strong>\u00a0a soci\u00e1ln\u00edch v\u011bc\u00ed, p\u0159edseda strany \/KDU-\u010cSL\/<br \/>&#8212;&#8212;&#8212;&#8212;&#8212;&#8212;&#8211;<br \/>Kolem kv\u011btna, \u010dervna roku 2023, kdy jsme byli skoro na 9, 10, 12 tis\u00edc\u00edch \u017eadatel\u016f m\u011bs\u00ed\u010dn\u011b a pod\u00edv\u00e1me se na kv\u011bten roku 2024, tak jsme zhruba na sedmi stovk\u00e1ch \u017e\u00e1dost\u00ed za ten m\u011bs\u00edc, to znamen\u00e1, vid\u00edme opravdu, \u017ee ten pokles t\u011bch nov\u00fdch \u017eadatel\u016f o p\u0159ed\u010dasn\u00e9 d\u016fchody je opravdu velmi v\u00fdrazn\u00fd.<br \/><\/p>\n","protected":false},"excerpt":{"rendered":"<div class=\"mh-excerpt\"><p>\u010cT 1\u00a0&#8211; Ud\u00e1losti V pr\u016fm\u011bru jsou te\u010f p\u0159ed\u010dasn\u00e9 d\u016fchody o 2000 ni\u017e\u0161\u00ed ne\u017e ty \u0159\u00e1dn\u00e9 starobn\u00ed. Od nov\u00fdch pravidel si vl\u00e1da slibuje \u00falevu pro ztr\u00e1tov\u00fd <a class=\"mh-excerpt-more\" href=\"https:\/\/www.invarena.cz\/?p=50456\" title=\"Nov\u00e1 pravidla pro p\u0159ed\u010dasn\u00e9 d\u016fchody\u00a0\u00a0\">[&#8230;]<\/a><\/p>\n<\/div>","protected":false},"author":1,"featured_media":14424,"comment_status":"open","ping_status":"closed","sticky":false,"template":"","format":"standard","meta":{"footnotes":""},"categories":[1],"tags":[],"class_list":["post-50456","post","type-post","status-publish","format-standard","has-post-thumbnail","hentry","category-nezarazene"],"_links":{"self":[{"href":"https:\/\/www.invarena.cz\/index.php?rest_route=\/wp\/v2\/posts\/50456","targetHints":{"allow":["GET"]}}],"collection":[{"href":"https:\/\/www.invarena.cz\/index.php?rest_route=\/wp\/v2\/posts"}],"about":[{"href":"https:\/\/www.invarena.cz\/index.php?rest_route=\/wp\/v2\/types\/post"}],"author":[{"embeddable":true,"href":"https:\/\/www.invarena.cz\/index.php?rest_route=\/wp\/v2\/users\/1"}],"replies":[{"embeddable":true,"href":"https:\/\/www.invarena.cz\/index.php?rest_route=%2Fwp%2Fv2%2Fcomments&post=50456"}],"version-history":[{"count":0,"href":"https:\/\/www.invarena.cz\/index.php?rest_route=\/wp\/v2\/posts\/50456\/revisions"}],"wp:featuredmedia":[{"embeddable":true,"href":"https:\/\/www.invarena.cz\/index.php?rest_route=\/wp\/v2\/media\/14424"}],"wp:attachment":[{"href":"https:\/\/www.invarena.cz\/index.php?rest_route=%2Fwp%2Fv2%2Fmedia&parent=50456"}],"wp:term":[{"taxonomy":"category","embeddable":true,"href":"https:\/\/www.invarena.cz\/index.php?rest_route=%2Fwp%2Fv2%2Fcategories&post=50456"},{"taxonomy":"post_tag","embeddable":true,"href":"https:\/\/www.invarena.cz\/index.php?rest_route=%2Fwp%2Fv2%2Ftags&post=50456"}],"curies":[{"name":"wp","href":"https:\/\/api.w.org\/{rel}","templated":true}]}}