{"id":50466,"date":"2024-07-09T00:34:16","date_gmt":"2024-07-08T22:34:16","guid":{"rendered":"https:\/\/www.invarena.cz\/?p=50466"},"modified":"2024-07-09T00:34:17","modified_gmt":"2024-07-08T22:34:17","slug":"aerolinky-zapomnely-vozickarku-na-plose-odskodnily-ji-poukazkou-na-jidlo","status":"publish","type":"post","link":"https:\/\/www.invarena.cz\/?p=50466","title":{"rendered":"Aerolinky zapomn\u011bly voz\u00ed\u010dk\u00e1\u0159ku na plo\u0161e. Od\u0161kodnily ji pouk\u00e1zkou na j\u00eddlo"},"content":{"rendered":"\n<p>P\u0159esto\u017ee voz\u00ed\u010dk\u00e1\u0159ka byla na leti\u0161ti v\u010das, letadlo spole\u010dnosti EasyJet ji odlet\u011blo p\u0159\u00edmo p\u0159ed nosem. \u201ePlakala jsem, byla jsem rozru\u0161en\u00e1, frustrovan\u00e1 a znechucen\u00e1,\u201c uv\u00e1d\u00ed \u017eena. Tak\u00e9 dal\u0161\u00ed hendikepovan\u00ed uv\u00e1d\u011bj\u00ed, \u017ee pot\u00ed\u017ee s cestov\u00e1n\u00edm m\u011bli i oni. P\u0159ib\u00fdv\u00e1 v\u0161ak tak\u00e9 p\u0159\u00edpad\u016f zneu\u017e\u00edv\u00e1n\u00ed invalidn\u00edch voz\u00edk\u016f ze strany cestuj\u00edc\u00edch s c\u00edlem z\u00edskat v letadlech co nejlep\u0161\u00ed m\u00edsta.<\/p>\n\n\n\n<p>Cel\u00fd \u010dl\u00e1nek naleznete na lidovky.cz: <a href=\"https:\/\/www.lidovky.cz\/byznys\/letadlo-spolecnost-dopravce-easyjet-vozickarka-problemy-zneuzivani.A240705_151332_ln_ekonomika_rkj\" target=\"_blank\" rel=\"noreferrer noopener\">https:\/\/www.lidovky.cz\/byznys\/letadlo-spolecnost-dopravce-easyjet-vozickarka-problemy-zneuzivani.A240705_151332_ln_ekonomika_rkj<\/a><\/p>\n","protected":false},"excerpt":{"rendered":"<div class=\"mh-excerpt\"><p>P\u0159esto\u017ee voz\u00ed\u010dk\u00e1\u0159ka byla na leti\u0161ti v\u010das, letadlo spole\u010dnosti EasyJet ji odlet\u011blo p\u0159\u00edmo p\u0159ed nosem. \u201ePlakala jsem, byla jsem rozru\u0161en\u00e1, frustrovan\u00e1 a znechucen\u00e1,\u201c uv\u00e1d\u00ed \u017eena. Tak\u00e9 <a class=\"mh-excerpt-more\" href=\"https:\/\/www.invarena.cz\/?p=50466\" title=\"Aerolinky zapomn\u011bly voz\u00ed\u010dk\u00e1\u0159ku na plo\u0161e. Od\u0161kodnily ji pouk\u00e1zkou na j\u00eddlo\">[&#8230;]<\/a><\/p>\n<\/div>","protected":false},"author":1,"featured_media":32924,"comment_status":"open","ping_status":"closed","sticky":false,"template":"","format":"standard","meta":{"footnotes":""},"categories":[9],"tags":[],"class_list":["post-50466","post","type-post","status-publish","format-standard","has-post-thumbnail","hentry","category-zpravy"],"_links":{"self":[{"href":"https:\/\/www.invarena.cz\/index.php?rest_route=\/wp\/v2\/posts\/50466","targetHints":{"allow":["GET"]}}],"collection":[{"href":"https:\/\/www.invarena.cz\/index.php?rest_route=\/wp\/v2\/posts"}],"about":[{"href":"https:\/\/www.invarena.cz\/index.php?rest_route=\/wp\/v2\/types\/post"}],"author":[{"embeddable":true,"href":"https:\/\/www.invarena.cz\/index.php?rest_route=\/wp\/v2\/users\/1"}],"replies":[{"embeddable":true,"href":"https:\/\/www.invarena.cz\/index.php?rest_route=%2Fwp%2Fv2%2Fcomments&post=50466"}],"version-history":[{"count":0,"href":"https:\/\/www.invarena.cz\/index.php?rest_route=\/wp\/v2\/posts\/50466\/revisions"}],"wp:featuredmedia":[{"embeddable":true,"href":"https:\/\/www.invarena.cz\/index.php?rest_route=\/wp\/v2\/media\/32924"}],"wp:attachment":[{"href":"https:\/\/www.invarena.cz\/index.php?rest_route=%2Fwp%2Fv2%2Fmedia&parent=50466"}],"wp:term":[{"taxonomy":"category","embeddable":true,"href":"https:\/\/www.invarena.cz\/index.php?rest_route=%2Fwp%2Fv2%2Fcategories&post=50466"},{"taxonomy":"post_tag","embeddable":true,"href":"https:\/\/www.invarena.cz\/index.php?rest_route=%2Fwp%2Fv2%2Ftags&post=50466"}],"curies":[{"name":"wp","href":"https:\/\/api.w.org\/{rel}","templated":true}]}}