{"id":50469,"date":"2024-07-09T00:47:28","date_gmt":"2024-07-08T22:47:28","guid":{"rendered":"https:\/\/www.invarena.cz\/?p=50469"},"modified":"2024-07-09T00:47:29","modified_gmt":"2024-07-08T22:47:29","slug":"sestra-roku-zachranuje-zivoty-z-invalidniho-voziku-trpi-roztrousenou-sklerozou","status":"publish","type":"post","link":"https:\/\/www.invarena.cz\/?p=50469","title":{"rendered":"Sestra roku zachra\u0148uje \u017eivoty z invalidn\u00edho voz\u00edku. Trp\u00ed roztrou\u0161enou skler\u00f3zou"},"content":{"rendered":"\n<p>V\u011bra Such\u00e1 je zdravotnice cel\u00fdm sv\u00fdm srdcem. Za sv\u016fj v\u00fdjime\u010dn\u011b vst\u0159\u00edcn\u00fd p\u0159\u00edstup k pacient\u016fm z\u00edskala jako jedin\u00e1 v historii oba tituly Sestra roku a Sestra m\u00e9ho srdce. Od sv\u00fdch osmn\u00e1cti let v\u0161ak trp\u00ed roztrou\u0161enou skler\u00f3zou, kter\u00e1 ji po opakovan\u011b prod\u011blan\u00e9m covidu upoutala na invalidn\u00ed voz\u00edk a zp\u016fsobuje j\u00ed velk\u00e9 bolesti. Sv\u00e1 ocen\u011bn\u00ed si pr\u00e1vem zaslou\u017e\u00ed i z toho d\u016fvodu, \u017ee d\u011bl\u00e1 v\u0161e pro to, aby vstala a mohla se ke sv\u00fdm pacient\u016fm vr\u00e1tit v pln\u00e9 s\u00edle. \u201eJsem sestra, do pr\u00e1ce mus\u00edm,\u201c \u0159\u00edk\u00e1 V\u011bra Such\u00e1. V\u00edc, ne\u017e mus\u00ed, ale chce.<\/p>\n\n\n\n<p>Cel\u00fd sv\u016fj \u017eivot zasv\u011btila pomoci druh\u00fdm. Jej\u00ed povol\u00e1n\u00ed je pro ni v\u0161\u00edm. V\u017edy si zakl\u00e1dala na sv\u00e9 sob\u011bsta\u010dnosti. Najednou se ale kv\u016fli zhor\u0161en\u00ed p\u0159\u00edznak\u016f roztrou\u0161en\u00e9 skler\u00f3zy po n\u00e1kaze covidem dostala do stavu, kdy byla zcela z\u00e1visl\u00e1 na pomoci druh\u00fdch.<\/p>\n\n\n\n<p>V\u011bra Such\u00e1 je zdravotn\u00ed sestrou, kter\u00e1 nejen\u017ee byla nominov\u00e1na na Sestru roku a Sestru m\u00e9ho srdce, ale n\u00e1sledn\u011b i odbornou porotou a ve\u0159ejnost\u00ed ob\u011bma tituly ocen\u011bna.<\/p>\n\n\n\n<p>Sv\u00e9 pacienty nenech\u00e1v\u00e1 na holi\u010dk\u00e1ch ani ve chv\u00edli, kdy sama bojuje na invalidn\u00edm voz\u00edku o to, aby se vr\u00e1tila zp\u011bt na nohy. Je ale odhodlan\u00e1 to nevzdat a se s\u00edlou lvice, kterou je nejen znamen\u00edm, tvrd\u00ed, \u017ee to nikdy nevzd\u00e1.<\/p>\n\n\n\n<p>Sestra roku a sestra m\u00e9ho srdce<\/p>\n\n\n\n<p>V tuto chv\u00edli je pan\u00ed V\u011bra Such\u00e1 zdravotn\u00ed sestrou na invalidn\u00edm voz\u00edku. Je ale i mnohem v\u00edc. Je p\u0159edev\u0161\u00edm miluj\u00edc\u00ed matkou, celo\u017eivotn\u00ed bojovnic\u00ed, ale tak\u00e9 zdravotnic\u00ed, kter\u00e1 byla za sv\u016fj v\u00fdjime\u010dn\u00fd p\u0159\u00edstup k pacient\u016fm n\u00e1le\u017eit\u011b odm\u011bn\u011bna. Jako jedin\u00e1 v historii z\u00edskala v roce 2012 dva v\u00fdznamn\u00e9 tituly: Sestra roku a Sestra m\u00e9ho srdce. V t\u00e9 dob\u011b je\u0161t\u011b \u017eila \u201epouze\u201c s roztrou\u0161enou skler\u00f3zou.<\/p>\n\n\n\n<p>\u201eNa Sestru roku m\u011b nominovali pacienti. Kdy\u017e se nominovan\u00e9 dostanou do u\u017e\u0161\u00edho kola, tak ve\u0159ejnost hlasuje o tzv. Sestru m\u00e9ho srdce. Sestru roku vyb\u00edr\u00e1 odborn\u00e1 porota, Sestru m\u00e9ho srdce ve\u0159ejnost. Nep\u0159ipad\u00e1m si jakkoliv jin\u00e1. Jsem \u00fapln\u011b oby\u010dejn\u00e1. Jen m\u016fj p\u0159\u00edstup k pacient\u016fm je asi, pravda, trochu jin\u00fd. Chov\u00e1m se tak, jak bych cht\u011bla, aby se chovali druz\u00ed ke mn\u011b,\u201c \u0159\u00edk\u00e1 skromn\u011b dr\u017eitelka obou titul\u016f.<\/p>\n\n\n\n<p>\u017divot s roztrou\u0161enou skler\u00f3zou<\/p>\n\n\n\n<p>Ke sv\u00fdm pacient\u016fm V\u011bra Such\u00e1 v\u017edy byla, je a bude neoby\u010dejn\u011b vst\u0159\u00edcn\u00e1. Jedin\u00e9, co j\u00ed dok\u00e1\u017ee lehce roz\u010d\u00edlit, kdy\u017e pacienti tvrd\u00ed, \u017ee j\u00ed se to rad\u00ed, kdy\u017e je \u00fapln\u011b zdrav\u00e1. Sama toti\u017e trp\u00ed od 18 let roztrou\u0161enou skler\u00f3zou.<\/p>\n\n\n\n<p>\u201eRoztrou\u0161enou skler\u00f3zu m\u00e1m od roku 1993. V\u017edy jsem ale \u017eila naplno, m\u00e1m s diagn\u00f3zou dv\u011b d\u011bti, cestovali jsme. Vedla jsem norm\u00e1ln\u00ed spokojen\u00fd \u017eivot. Pracovala jsem na neurologii, zdravotn\u00ed \u0161kolu jsem \u0161la studovat a\u017e pot\u00e9, co mi byla roztrou\u0161en\u00e1 skler\u00f3za diagnostikov\u00e1na,\u201c hovo\u0159\u00ed zdravotn\u00ed sestra, kter\u00e1 se nenechala onemocn\u011bn\u00edm jakkoliv omezovat.<\/p>\n\n\n\n<p>P\u0159i onemocn\u011bn\u00ed se objevuj\u00ed tzv. ATAKY, kter\u00e9 p\u0159ich\u00e1zej\u00ed i odch\u00e1zej\u00ed s r\u016fznou intenzitou. Maj\u00ed r\u016fznou d\u00e9lku i z\u00e1va\u017enost, av\u0161ak trvaj\u00ed v\u017edy minim\u00e1ln\u011b 24 hodin. Mohou se projevovat jako: rozmazan\u00e9 vid\u011bn\u00ed, \u0161patn\u00e1 artikulace, sv\u00edrav\u00e9 pocity, kulh\u00e1n\u00ed, brn\u011bn\u00ed v obli\u010deji, zapom\u00edn\u00e1n\u00ed, \u0161patn\u00e1 motorika, brn\u011bn\u00ed cel\u00e9ho t\u011bla i celkov\u00e1 \u00fanava.<\/p>\n\n\n\n<p>I p\u0159esto, \u017ee se onemocn\u011bn\u00ed pan\u00ed V\u011b\u0159e pravideln\u011b, jak ona \u0159\u00edk\u00e1, \u201eoz\u00fdvalo\u201c, ne\u0161et\u0159ila se. \u017dila jako zdrav\u00e1 a nic si nep\u0159ipou\u0161t\u011bla. Jen kdy\u017e se nemoc ohl\u00e1sila, trochu ubrala, ale jakmile se v\u0161e srovnalo, op\u011bt \u017eila, jako kdyby nemoc\u00ed v\u016fbec netrp\u011bla.<\/p>\n\n\n\n<p>Pak se ale i kv\u016fli sv\u00e9mu zam\u011bstn\u00e1n\u00ed nakazila opakovan\u011b covidem, a jej\u00ed zdrav\u00ed \u0161lo najednou prudce z kopce. V jednu chv\u00edli z n\u00ed byl prakticky nehybn\u00fd le\u017e\u00edc\u00ed pacient, kter\u00fd m\u011bs\u00edc bojoval na l\u016f\u017eku o sv\u016fj \u017eivot.<\/p>\n\n\n\n<p>Covid a \u00fapln\u00e1 paral\u00fdza<\/p>\n\n\n\n<p>Do nemocnice p\u0159itom do\u0161la i s covidem po sv\u00fdch. B\u011bhem p\u00e1r hodin v\u0161ak vzalo v\u0161echno rychl\u00fd sp\u00e1d. Nejen boj s covidem, ale zhor\u0161ily se i p\u0159\u00edznaky roztrou\u0161en\u00e9 skler\u00f3zy. Objevily se u n\u00ed tzv. ataky neboli z\u00e1chvaty, p\u0159i nich\u017e se pacienti pot\u00fdkaj\u00ed s v\u00fdrazn\u00fdmi probl\u00e9my, \u00fanavou, brn\u011bn\u00edm \u010di neschopnost\u00ed ovl\u00e1dat kon\u010detiny. Covid nebo jak\u00e9koliv infek\u010dn\u00ed \u010di bakteri\u00e1ln\u00ed onemocn\u011bn\u00ed m\u016f\u017ee b\u00fdt jejich spou\u0161t\u011b\u010dem.<\/p>\n\n\n\n<p>\u201eU m\u011b to covid jednozna\u010dn\u011b byl. M\u011bla jsem t\u011b\u017ek\u00fd oboustrann\u00fd z\u00e1pal plic, byla na kysl\u00edku a zcela paralyzovan\u00e1. Naka\u017een\u00ed virem u m\u011b zp\u016fsobilo t\u011b\u017ekou ataku, byla jsem zcela nehybn\u00e1,\u201c vzpom\u00edn\u00e1 na nejhor\u0161\u00ed okam\u017eiky zdravotn\u00ed sestra V\u011bra Such\u00e1, kter\u00e1 na dobro\u010dinn\u00e9 platform\u011b Znesn\u00e1ze21 pros\u00ed lidi o finan\u010dn\u00ed pomoc, aby se mohla vr\u00e1tit zp\u011bt na vlastn\u00ed nohy a ke sv\u00fdm pacient\u016fm v pln\u00e9 s\u00edle.<\/p>\n\n\n\n<p>O zdrav\u00ed bojuje jako lvice<\/p>\n\n\n\n<p>Ve chv\u00edli, kdy nejhor\u0161\u00ed f\u00e1ze onemocn\u011bn\u00ed covidem odezn\u011bla, rozjely se pan\u00ed V\u011b\u0159e probl\u00e9my s roztrou\u0161enou skler\u00f3zou naplno. \u201eKdy\u017e jsem p\u0159e\u017eila covid a byla prakticky jen le\u017e\u00edc\u00ed, v m\u00e9 hlav\u011b kolovalo jen to jedin\u00e9: dostat se zp\u011bt. S pomoc\u00ed se to da\u0159ilo, sice pomalu, ale da\u0159ilo. Infekce m\u011b dost zas\u00e1hla, velmi se mi zhor\u0161ila ztuhlost nejv\u00edce v nohou a byla jsem je\u0161t\u011b v\u00edc unaven\u00e1,\u201c hovo\u0159\u00ed o stavu po nemoci.<\/p>\n\n\n\n<p>Jakmile v\u0161ak m\u011bla sv\u011btl\u00e9 chv\u00edle a byla p\u0159i v\u011bdom\u00ed, v\u0161e vid\u011bla i p\u0159es to v\u0161echno pozitivn\u011b a za\u010dala se pr\u00e1t o sv\u00e9 zdrav\u00ed.<\/p>\n\n\n\n<p>\u201eMoj\u00ed urputnost\u00ed a vytrvalost\u00ed v rehabilitac\u00edch jsem se dok\u00e1zala vr\u00e1tit zp\u011bt do pr\u00e1ce zdravotn\u00ed sestry. Sice jen do ambulance a na invalidn\u00edm voz\u00edku, ale aspo\u0148 \u017ee tak. Jsem sestra, nem\u016f\u017eu b\u00fdt doma. Opravdu pomalu se zdravotn\u00ed stav lep\u0161il, ale bohu\u017eel jsem v r\u00e1mci sv\u00e9ho povol\u00e1n\u00ed byla je\u0161t\u011b n\u011bkolikr\u00e1t naka\u017eena covidem. Ale proto\u017ee u\u017e zde byly \u00fa\u010dinn\u00e9 l\u00e9ky, tak se ji\u017e nerozjel v tak masivn\u00ed infekci. I tak se kv\u016fli tomu zhor\u0161ila roztrou\u0161en\u00e1 skler\u00f3za,\u201c pokra\u010duje.<\/p>\n\n\n\n<p>To, co d\u00edky rehabilitac\u00edm vybudovala, se op\u011bt zhor\u0161ilo. Ona to ale v \u017e\u00e1dn\u00e9m p\u0159\u00edpad\u011b nehodl\u00e1 vzd\u00e1t. Jak sama \u0159\u00edk\u00e1, je znamen\u00edm lvice, a p\u0159esn\u011b to na ni sed\u00ed. Pravideln\u00e9 rehabilitace pak vid\u00ed jako jedinou cestu, jak stav pomalu zlep\u0161ovat. V\u00ed toti\u017e, \u017ee naopak sval, kter\u00fd se neh\u00fdbe, ochrne a zakrn\u00ed. To nechce za \u017e\u00e1dnou cenu dopustit.<\/p>\n\n\n\n<p>\u201eNa nohy se postav\u00edm!\u201c<\/p>\n\n\n\n<p>Za rehabilitace a pom\u016fcky u\u017e utratila statis\u00edce. Ov\u0161em, jak sama \u0159\u00edk\u00e1, m\u00e1 to smysl. Kdyby m\u011bla neomezen\u00e9 finan\u010dn\u00ed mo\u017enosti, rehabilituje t\u0159ikr\u00e1t t\u00fddn\u011b, co\u017e m\u011bs\u00ed\u010dn\u011b znamen\u00e1 8,4 tis\u00edce korun. N\u011bkolikr\u00e1t ro\u010dn\u011b by pot\u0159ebovala nav\u0161t\u00edvit neurorehabilita\u010dn\u00ed \u010dtrn\u00e1ctidenn\u00ed pobyt, kter\u00fd vyjde na 72 tis\u00edc korun. Kdy\u017e se k tomu p\u0159ipo\u010dte \u00faprava domu na bezbari\u00e9rov\u00fd, pot\u0159ebn\u00e9 vybaven\u00ed pro voz\u00ed\u010dk\u00e1\u0159e, jedn\u00e1 se o velmi vysokou \u010d\u00e1stku.<\/p>\n\n\n\n<p>\u201eNav\u00edc m\u00e1me dv\u011b studuj\u00edc\u00ed dcery. Jedna na l\u00e9ka\u0159sk\u00e9 fakult\u011b, druh\u00e1 na gymn\u00e1ziu. Nemohu si d\u00e1l dovolit utr\u00e1cet za svoje rehabilitace. Studium je n\u00e1kladn\u00e9. Ov\u0161em kdy\u017e nerehabilituji, m\u016fj stav se rychle zhor\u0161uje a doch\u00e1z\u00ed i k paral\u00fdze hybnosti. Kdy\u017e naopak opravdu minim\u00e1ln\u011b t\u0159ikr\u00e1t denn\u011b rehabilituji, stav se zlep\u0161uje,\u201c pochvaluje si rehabilitace, kter\u00e9 si v\u0161ak p\u0159est\u00e1v\u00e1 moci dovolit.<\/p>\n\n\n\n<p>Zp\u011bt ke sv\u00e9mu zdrav\u00ed u\u017e se zdravotn\u00ed sestra, Sestra roku a Sestra m\u00e9ho srdce dost\u00e1v\u00e1 \u0159adu m\u011bs\u00edc\u016f, jej\u00ed rodin\u011b se \u00fapln\u011b zm\u011bnil \u017eivot, ale v\u011b\u0159\u00ed, \u017ee v\u0161e za\u010d\u00edn\u00e1 v hlav\u011b. Mus\u00ed se cht\u00edt.<\/p>\n\n\n\n<p>\u201eJako neurologick\u00e1 sestra a dlouholet\u00e1 pacientka s roztrou\u0161enou skler\u00f3zou v\u00edm, \u017ee s\u00edla na\u0161ich mozk\u016f je neuv\u011b\u0159iteln\u00e1. Nejenom, \u017ee v\u011b\u0159\u00edm, \u017ee budu sama chodit, jsem o tom dokonce p\u0159esv\u011bd\u010den\u00e1. Mo\u017en\u00e1 mi \u017eivot napsal n\u011bjak\u00fd sc\u00e9n\u00e1\u0159, ale j\u00e1 se rozhodla ho zcela p\u0159epsat a nikdo m\u011b p\u0159ed t\u00edmto \u00famyslem nezastav\u00ed. Mo\u017en\u00e1 nep\u016fjdu na Sn\u011b\u017eku, ale o kousek m\u00e9n\u011b ur\u010dit\u011b,\u201c odhodlan\u011b tvrd\u00ed ocen\u011bn\u00e1 zdravotn\u00ed sestra V\u011bra Such\u00e1.<\/p>\n\n\n\n<p>Do jej\u00ed sb\u00edrky na platform\u011b Znesn\u00e1ze21 s n\u00e1zvem Zdravotn\u00ed sestra na invalidn\u00edm voz\u00ed\u010dku V\u011bra pot\u0159ebuje va\u0161i pomoc m\u016f\u017eete p\u0159isp\u011bt jakoukoliv \u010d\u00e1stkou. Aby se mohla postavit sv\u00e9 diagn\u00f3ze \u010delem, pot\u0159ebuje vybrat 1 239 270 K\u010d. Pom\u016f\u017eeme j\u00ed sen o tom, \u017ee bude znovu chodit, splnit?<\/p>\n\n\n\n<p>Sestra roku<\/p>\n\n\n\n<p>Ka\u017edoro\u010dn\u00ed sout\u011b\u017e, ve kter\u00e9 m\u016f\u017ee kdokoliv nominovat zdravotn\u00ed sestru, je\u017e se n\u00e1sledn\u011b utk\u00e1 o titul s ostatn\u00edmi nominovan\u00fdmi. P\u0159edseda nez\u00e1visl\u00e9 poroty n\u00e1sledn\u011b vyhodnot\u00ed v\u00fdsledky a rozhodne o finalistk\u00e1ch. N\u00e1sledn\u011b se vyb\u00edraj\u00ed v\u00edt\u011bzov\u00e9 n\u011bkolika kategori\u00ed. \u010cestn\u00e9 ocen\u011bn\u00ed za celo\u017eivotn\u00ed d\u00edlo v o\u0161et\u0159ovatelstv\u00ed jim ud\u011bluje redakce odborn\u00e9ho \u010dasopisu Zdravotnictv\u00ed a medic\u00edna. Ve\u0159ejnost n\u00e1sledn\u011b vybere prost\u0159ednictv\u00edm online hlasov\u00e1n\u00ed i Sestru m\u00e9ho srdce. \u201eSout\u011b\u017e Sestra roku nen\u00ed pouze ocen\u011bn\u00edm pro v\u00fdjime\u010dn\u00e9 jednotlivce. Je tak\u00e9 v\u00fdrazem uzn\u00e1n\u00ed pro celou profesn\u00ed skupinu sester, kter\u00e9 ne\u00fanavn\u011b pracuj\u00ed na front\u011b zdravotn\u00ed p\u00e9\u010de,\u201c hovo\u0159\u00ed o sout\u011b\u017ei po\u0159adatel sout\u011b\u017ee Sestra roku.<\/p>\n\n\n\n<p>Roztrou\u0161en\u00e1 skler\u00f3za (RS)<\/p>\n\n\n\n<p>Onemocn\u011bn\u00edm, kter\u00e9 postihuje centr\u00e1ln\u00ed nervov\u00fd syst\u00e9m (mozek a m\u00edchu), trp\u00ed v \u010cesk\u00e9 republice odhadem 17 tis\u00edc pacient\u016f. \u201eNejedn\u00e1 se o smrteln\u00e9 onemocn\u011bn\u00ed, ale i tak dlouhodob\u011b ovliv\u0148uje celkov\u00fd stav pacienta. Nen\u00ed infek\u010dn\u00ed ani jinak naka\u017eliv\u00e9 a jeho pr\u016fb\u011bh je u ka\u017ed\u00e9ho \u010dlov\u011bka jin\u00fd. Nen\u00ed ani d\u011bdi\u010dn\u00fdm onemocn\u011bn\u00edm, ani t\u00edmt\u00e9\u017e, co sta\u0159eck\u00e1 skler\u00f3za,\u201c hovo\u0159\u00ed o RS organizace na podporu pacient\u016f s roztrou\u0161enou skler\u00f3zou eReS t\u00fdm \u010cR. Nemoc je v sou\u010dasn\u00e9 dob\u011b nel\u00e9\u010diteln\u00e1. Pokud je nemoc odhalena v\u010das, d\u00e1 se jej\u00ed budouc\u00ed v\u00fdvoj v\u00fdznamn\u011b ovlivnit.<\/p>\n\n\n\n<p>Kate\u0159ina N\u011bmcov\u00e1<\/p>\n\n\n\n<p>\u00dasteck\u00fd den\u00edk<\/p>\n\n\n\n<p><a href=\"https:\/\/ustecky.denik.cz\" target=\"_blank\" rel=\"noreferrer noopener\">https:\/\/ustecky.denik.cz<\/a><\/p>\n","protected":false},"excerpt":{"rendered":"<div class=\"mh-excerpt\"><p>V\u011bra Such\u00e1 je zdravotnice cel\u00fdm sv\u00fdm srdcem. Za sv\u016fj v\u00fdjime\u010dn\u011b vst\u0159\u00edcn\u00fd p\u0159\u00edstup k pacient\u016fm z\u00edskala jako jedin\u00e1 v historii oba tituly Sestra roku a Sestra <a class=\"mh-excerpt-more\" href=\"https:\/\/www.invarena.cz\/?p=50469\" title=\"Sestra roku zachra\u0148uje \u017eivoty z invalidn\u00edho voz\u00edku. Trp\u00ed roztrou\u0161enou skler\u00f3zou\">[&#8230;]<\/a><\/p>\n<\/div>","protected":false},"author":1,"featured_media":14228,"comment_status":"open","ping_status":"closed","sticky":false,"template":"","format":"standard","meta":{"footnotes":""},"categories":[9],"tags":[],"class_list":["post-50469","post","type-post","status-publish","format-standard","has-post-thumbnail","hentry","category-zpravy"],"_links":{"self":[{"href":"https:\/\/www.invarena.cz\/index.php?rest_route=\/wp\/v2\/posts\/50469","targetHints":{"allow":["GET"]}}],"collection":[{"href":"https:\/\/www.invarena.cz\/index.php?rest_route=\/wp\/v2\/posts"}],"about":[{"href":"https:\/\/www.invarena.cz\/index.php?rest_route=\/wp\/v2\/types\/post"}],"author":[{"embeddable":true,"href":"https:\/\/www.invarena.cz\/index.php?rest_route=\/wp\/v2\/users\/1"}],"replies":[{"embeddable":true,"href":"https:\/\/www.invarena.cz\/index.php?rest_route=%2Fwp%2Fv2%2Fcomments&post=50469"}],"version-history":[{"count":0,"href":"https:\/\/www.invarena.cz\/index.php?rest_route=\/wp\/v2\/posts\/50469\/revisions"}],"wp:featuredmedia":[{"embeddable":true,"href":"https:\/\/www.invarena.cz\/index.php?rest_route=\/wp\/v2\/media\/14228"}],"wp:attachment":[{"href":"https:\/\/www.invarena.cz\/index.php?rest_route=%2Fwp%2Fv2%2Fmedia&parent=50469"}],"wp:term":[{"taxonomy":"category","embeddable":true,"href":"https:\/\/www.invarena.cz\/index.php?rest_route=%2Fwp%2Fv2%2Fcategories&post=50469"},{"taxonomy":"post_tag","embeddable":true,"href":"https:\/\/www.invarena.cz\/index.php?rest_route=%2Fwp%2Fv2%2Ftags&post=50469"}],"curies":[{"name":"wp","href":"https:\/\/api.w.org\/{rel}","templated":true}]}}