{"id":50472,"date":"2024-07-09T00:53:17","date_gmt":"2024-07-08T22:53:17","guid":{"rendered":"https:\/\/www.invarena.cz\/?p=50472"},"modified":"2024-07-09T00:53:18","modified_gmt":"2024-07-08T22:53:18","slug":"cesky-statisticky-urad-se-opet-pta-lidi-na-jejich-zdravotni-postizeni","status":"publish","type":"post","link":"https:\/\/www.invarena.cz\/?p=50472","title":{"rendered":"\u010cesk\u00fd statistick\u00fd \u00fa\u0159ad se op\u011bt pt\u00e1 lid\u00ed na jejich zdravotn\u00ed posti\u017een\u00ed"},"content":{"rendered":"\n<p>\u010cesk\u00fd statistick\u00fd \u00fa\u0159ad zahajuje druhou \u010d\u00e1st ter\u00e9nn\u00ed f\u00e1ze v\u00fdb\u011brov\u00e9ho \u0161et\u0159en\u00ed osob se zdravotn\u00edm posti\u017een\u00edm (V\u0160PO). Stejn\u011b jako v lo\u0148sk\u00e9m roce nav\u0161t\u00edv\u00ed tazatel\u00e9 \u010cS\u00da od leto\u0161n\u00edho \u010dervence do \u0159\u00edjna p\u0159ibli\u017en\u011b 4 000 dom\u00e1cnost\u00ed, jejich\u017e \u010dlenov\u00e9 dlouhodob\u011b \u010del\u00ed v b\u011b\u017en\u00e9m \u017eivot\u011b omezen\u00edm kv\u016fli sv\u00fdm zdravotn\u00edm pot\u00ed\u017e\u00edm. C\u00edlem \u0161et\u0159en\u00ed je zmapovat \u017eivotn\u00ed situaci t\u011bchto osob a poskytnout data pro lep\u0161\u00ed nastaven\u00ed politik a program\u016f v oblasti zdravotn\u00ed a soci\u00e1ln\u00ed p\u00e9\u010de.<\/p>\n\n\n\n<p>Cel\u00fd \u010dl\u00e1nek naleznete v Parlamentn\u00edch Listech: <a href=\"https:\/\/www.parlamentnilisty.cz\/zpravy\/tiskovezpravy\/Cesky-statisticky-urad-se-opet-pta-lidi-na-jejich-zdravotni-postizeni-757925\" target=\"_blank\" rel=\"noreferrer noopener\">https:\/\/www.parlamentnilisty.cz\/zpravy\/tiskovezpravy\/Cesky-statisticky-urad-se-opet-pta-lidi-na-jejich-zdravotni-postizeni-757925<\/a><\/p>\n","protected":false},"excerpt":{"rendered":"<div class=\"mh-excerpt\"><p>\u010cesk\u00fd statistick\u00fd \u00fa\u0159ad zahajuje druhou \u010d\u00e1st ter\u00e9nn\u00ed f\u00e1ze v\u00fdb\u011brov\u00e9ho \u0161et\u0159en\u00ed osob se zdravotn\u00edm posti\u017een\u00edm (V\u0160PO). Stejn\u011b jako v lo\u0148sk\u00e9m roce nav\u0161t\u00edv\u00ed tazatel\u00e9 \u010cS\u00da od leto\u0161n\u00edho <a class=\"mh-excerpt-more\" href=\"https:\/\/www.invarena.cz\/?p=50472\" title=\"\u010cesk\u00fd statistick\u00fd \u00fa\u0159ad se op\u011bt pt\u00e1 lid\u00ed na jejich zdravotn\u00ed posti\u017een\u00ed\">[&#8230;]<\/a><\/p>\n<\/div>","protected":false},"author":1,"featured_media":17308,"comment_status":"open","ping_status":"closed","sticky":false,"template":"","format":"standard","meta":{"footnotes":""},"categories":[9],"tags":[],"class_list":["post-50472","post","type-post","status-publish","format-standard","has-post-thumbnail","hentry","category-zpravy"],"_links":{"self":[{"href":"https:\/\/www.invarena.cz\/index.php?rest_route=\/wp\/v2\/posts\/50472","targetHints":{"allow":["GET"]}}],"collection":[{"href":"https:\/\/www.invarena.cz\/index.php?rest_route=\/wp\/v2\/posts"}],"about":[{"href":"https:\/\/www.invarena.cz\/index.php?rest_route=\/wp\/v2\/types\/post"}],"author":[{"embeddable":true,"href":"https:\/\/www.invarena.cz\/index.php?rest_route=\/wp\/v2\/users\/1"}],"replies":[{"embeddable":true,"href":"https:\/\/www.invarena.cz\/index.php?rest_route=%2Fwp%2Fv2%2Fcomments&post=50472"}],"version-history":[{"count":0,"href":"https:\/\/www.invarena.cz\/index.php?rest_route=\/wp\/v2\/posts\/50472\/revisions"}],"wp:featuredmedia":[{"embeddable":true,"href":"https:\/\/www.invarena.cz\/index.php?rest_route=\/wp\/v2\/media\/17308"}],"wp:attachment":[{"href":"https:\/\/www.invarena.cz\/index.php?rest_route=%2Fwp%2Fv2%2Fmedia&parent=50472"}],"wp:term":[{"taxonomy":"category","embeddable":true,"href":"https:\/\/www.invarena.cz\/index.php?rest_route=%2Fwp%2Fv2%2Fcategories&post=50472"},{"taxonomy":"post_tag","embeddable":true,"href":"https:\/\/www.invarena.cz\/index.php?rest_route=%2Fwp%2Fv2%2Ftags&post=50472"}],"curies":[{"name":"wp","href":"https:\/\/api.w.org\/{rel}","templated":true}]}}