{"id":50495,"date":"2024-07-09T18:55:01","date_gmt":"2024-07-09T16:55:01","guid":{"rendered":"https:\/\/www.invarena.cz\/?p=50495"},"modified":"2024-07-09T18:55:01","modified_gmt":"2024-07-09T16:55:01","slug":"cilem-bude-finale-pokud-cinkne-medaile-budu-nejstastnejsi-rika-kratochvil","status":"publish","type":"post","link":"https:\/\/www.invarena.cz\/?p=50495","title":{"rendered":"C\u00edlem bude fin\u00e1le. Pokud cinkne medaile, budu nej\u0161\u0165astn\u011bj\u0161\u00ed, \u0159\u00edk\u00e1 Kratochv\u00edl"},"content":{"rendered":"\n<p>Je mistrem sv\u011bta a dr\u017eitelem sv\u011btov\u00e9ho rekordu v paraplav\u00e1n\u00ed, a proto logicky bude favoritem na srpnov\u00e9 paralympi\u00e1d\u011b v Pa\u0159\u00ed\u017ei. \u0160estn\u00e1ctilet\u00fd nevidom\u00fd plavec David Kratochv\u00edl z Hal\u017ee na Tachovsku by byl r\u00e1d za jakoukoliv olympijskou medaili.<\/p>\n\n\n\n<p>&#8222;Do Pa\u0159\u00ed\u017ee se t\u011b\u0161\u00edm, proto\u017ee to bude vrchol, kter\u00fd jsem si p\u0159\u00e1l od dev\u00edti let. Nechci nic zak\u0159iknout, tak\u017ee c\u00edlem bude dostat se do fin\u00e1le, a kdyby n\u00e1hodou cinkla medaile, tak budu nej\u0161\u0165astn\u011bj\u0161\u00ed,&#8220; sv\u011b\u0159il se David Kratochv\u00edl.<\/p>\n\n\n\n<p>Nem\u016f\u017ee b\u00fdt svazuj\u00edc\u00ed, \u017ee jste sv\u011btov\u00fd \u0161ampi\u00f3n a rekordman?<\/p>\n\n\n\n<p>Trochu to bude svazuj\u00edc\u00ed, ale tlak bude na v\u0161echny z n\u00e1s. Budu se sna\u017eit to n\u011bjak vyt\u011bsnit a zaplavat co nejl\u00e9pe.<\/p>\n\n\n\n<p>V jak\u00fdch discipl\u00edn\u00e1ch poplavete?<\/p>\n\n\n\n<p>Na sv\u00e9 prvn\u00ed paralympi\u00e1d\u011b nastoup\u00edm v n\u011bkolika discipl\u00edn\u00e1ch. Poplavu 400 i 50 metr\u016f kraulem, 100 metr\u016f prsa, mot\u00fdl i znak a 200 metr\u016f polohovku.<\/p>\n\n\n\n<p>V \u010dervnu jste si zkusil Olympi\u00e1du d\u011bt\u00ed a ml\u00e1de\u017ee. Jak\u00e1 byla atmosf\u00e9ra?<\/p>\n\n\n\n<p>Byl jsem nad\u0161en\u00fd, proto\u017ee povzbuzov\u00e1n\u00ed v r\u00e1mci kraje i fanou\u0161k\u016f bylo neuv\u011b\u0159iteln\u00e9 a nakoplo do z\u00e1vodu. Byl jsem stra\u0161n\u011b \u0161\u0165astn\u00fd, \u017ee jsem tam mohl b\u00fdt spole\u010dn\u011b s plavci bez hendikepu.<\/p>\n\n\n\n<p>Paraplav\u00e1n\u00ed nevidom\u00fdch sportovc\u016f je specifick\u00e9, proto\u017ee v baz\u00e9n\u011b nejste s\u00e1m ani p\u0159i tr\u00e9ninku. M\u016f\u017eete popsat bez koho se neobejdete?<\/p>\n\n\n\n<p>Ve vod\u011b plavu samostatn\u011b jako ka\u017ed\u00fd nehendikepovan\u00fd plavec, stejn\u011b je to i s tr\u00e9ninkov\u00fdm pl\u00e1nem. Bez zraku si ale neohl\u00edd\u00e1m konec baz\u00e9nu. Proto m\u00e1m na obou konc\u00edch tap\u00e9ry, kte\u0159\u00ed m\u011b bouchaj\u00ed do hlavy, abych v\u011bd\u011bl, kdy ud\u011blat obr\u00e1tku a odrazit se nebo m\u00e1chnout do c\u00edle.<\/p>\n\n\n\n<p>U\u017e dva roky v\u00e1s tapuj\u00ed rodi\u010de. Jak to prosp\u00edv\u00e1 nebo naopak neprosp\u00edv\u00e1 va\u0161emu vztahu?<\/p>\n\n\n\n<p>Ur\u010dit\u011b to prohlubuje d\u016fv\u011bru, proto\u017ee tap\u00e9rovi opravdu mus\u00edm v\u011b\u0159it, \u017ee m\u011b \u0165ukne spr\u00e1vn\u011b na d\u00e9lku. U ka\u017ed\u00e9 discipl\u00edny a rychlosti je toti\u017e \u00fapln\u011b jin\u00e9 \u0165uknut\u00ed. Je to opravdu t\u011b\u017ek\u00e1 role.<\/p>\n\n\n\n<p>Pomohl v\u00e1m sport vyrovnat se s t\u00edm, \u017ee jste p\u0159i\u0161el o zrak?<\/p>\n\n\n\n<p>Nev\u00edm, jestli v tom hr\u00e1l roli p\u0159\u00edmo sport, ale rozhodn\u011b mi pomohli rodi\u010de, \u017ee se mnou zrak hodn\u011b prob\u00edrali. D\u00edky tomu to neberu negativn\u011b. Jsem takov\u00fd, jak\u00fd jsem. Mo\u017en\u00e1 tomu sport napomohl, ale nevn\u00edm\u00e1m, \u017ee by m\u011b vyt\u00e1hl z psychick\u00fdch probl\u00e9m\u016f.<\/p>\n\n\n\n<p>P\u0159inesl v\u00e1m hendikep do \u017eivota i n\u011bco pozitivn\u00edho?<\/p>\n\n\n\n<p>Poznal jsem stra\u0161nou spoustu lid\u00ed, jak z okruhu slepc\u016f, tak i t\u0159eba plavc\u016f. Hlavn\u011b m\u00e1m ale jin\u00fd pohled na sv\u011bt. Neporovn\u00e1v\u00e1m ho jen o\u010dima a ne\u0159e\u0161\u00edm vzhled. Sna\u017e\u00edm se lidi posuzovat podle psychick\u00e9ho nastaven\u00ed a chov\u00e1n\u00ed. Pozn\u00e1m, jestli je \u010dlov\u011bk spr\u00e1vn\u011b nalad\u011bn\u00fd, neodsoud\u00edm ho, jestli je nebo nen\u00ed namalovan\u00fd, mal\u00fd, tlust\u00fd, huben\u00fd. Tyhle v\u011bci \u00fapln\u011b vy\u0159ad\u00edm. Tak\u00e9 podle chvilkov\u00e9 konverzace vyc\u00edt\u00edm, jestli m\u00e1me stejn\u00e9 t\u00e9ma, dok\u00e1\u017eeme se bavit nebo jak\u00fd m\u00e1 mindset. To vn\u00edm\u00e1m jako obrovskou v\u00fdhodu.<\/p>\n\n\n\n<p>V\u011bnujete se i hudb\u011b a \u0161ach\u016fm. Jak v\u0161echno \u010dasov\u011b zvl\u00e1d\u00e1te?<\/p>\n\n\n\n<p>Te\u010f u\u017e p\u0159evl\u00e1d\u00e1 plav\u00e1n\u00ed, do tr\u00e9nink\u016f jsem v\u00edc pono\u0159en\u00fd. Ale st\u00e1le hraju na klav\u00edr, kytaru a harmoniku, a to se skloubit d\u00e1. Dokonce mi zb\u00fdv\u00e1 prostor na osobn\u00ed \u010das a volno. Jsem stra\u0161n\u011b \u0161\u0165astn\u00fd, \u017ee to v\u0161echno m\u016f\u017eu d\u011blat. V n\u011b\u010dem se to toti\u017e vz\u00e1jemn\u011b dopl\u0148uje. Nap\u0159\u00edklad plav\u00e1n\u00ed m\u011b nau\u010dilo, jak se vyrovn\u00e1vat se stresem, co\u017e mi pom\u00e1h\u00e1 s tr\u00e9mou p\u0159ed koncerty.<\/p>\n\n\n\n<p>Probl\u00e9m v\u00e1m ned\u011bl\u00e1 ani \u0161kola. V\u0161echno naposlouch\u00e1te v hodin\u00e1ch a doma se u\u017e moc neu\u010d\u00edte. Mysl\u00edte, \u017ee v\u00e1m k takov\u00e9 vn\u00edmavosti absence zraku napom\u00e1h\u00e1?<\/p>\n\n\n\n<p>Je to mo\u017en\u00e9. Nekouk\u00e1m se v\u0161ude kolem, co kdo d\u011bl\u00e1 a kde opisuje. D\u00edky tomu se soust\u0159ed\u00edm p\u0159i v\u00fdkladu dob\u0159e, ale doma u\u010den\u00ed moc ned\u00e1m, i kdy\u017e v\u00edm, \u017ee bych m\u011bl. Kdy\u017e se pot\u0159ebuju u\u010dit, opakuju si l\u00e1tku se spolu\u017e\u00e1ky o p\u0159est\u00e1vk\u00e1ch. P\u0159ece jen jsme ve v\u011bku, kdy je \u0161koln\u00ed mor\u00e1lka na horsk\u00e9 dr\u00e1ze.<\/p>\n\n\n\n<p>Jak\u00e9 m\u00e1te studijn\u00ed pl\u00e1ny do budoucna?<\/p>\n\n\n\n<p>D\u0159\u00edve jsem se rozhodoval mezi farmaci\u00ed a pr\u00e1vni\u010dinou. Tu jsem ale \u00fapln\u011b zavrhl, proto\u017ee m\u011b nebav\u00ed politika, je to slo\u017eit\u00e9 t\u00e9ma. Ani z\u00e1kony nejsou nic pro m\u011b. Farmacii se sice v\u011bnuje mamka a i m\u011b moc bav\u00ed biologie a chemie, ale po zv\u00e1\u017een\u00ed jsme usoudili, \u017ee bych nena\u0161el uplatn\u011bn\u00ed. Pou\u017e\u00edv\u00e1 se tam hodn\u011b mikroskop. Napadla m\u011b ale psychologie, ve kter\u00e9 jsem se dost na\u0161el. I kamar\u00e1di by m\u011b na psychologa tipovali. Jsou r\u00e1di, kdy\u017e je vyslechnu. Mysl\u00edm si, \u017ee by m\u011b to moc bavilo, proto\u017ee r\u00e1d pom\u00e1h\u00e1m lidem a jsem tu pro n\u011b. Je to asi prvn\u00ed \u0161kola, u kter\u00e9 opravdu c\u00edt\u00edm, \u017ee by m\u011b bavila.<\/p>\n\n\n\n<p>Jak si p\u0159edstavujete, \u017ee budete vyva\u017eovat sportovn\u00ed a profesn\u00ed kari\u00e9ru?<\/p>\n\n\n\n<p>\u0160kola m\u00e1 p\u0159ednost. Samoz\u0159ejm\u011b bych se cht\u011bl v\u011bnovat plav\u00e1n\u00ed, proto\u017ee v n\u011bm u\u017e m\u00e1m svou \u00farove\u0148, ale kdyby se n\u011bco pokazilo, p\u0159i\u0161lo t\u0159eba zran\u011bn\u00ed, tak mi n\u011bco do \u017eivota z\u016fstane.<\/p>\n\n\n\n<p>V\u00e1\u0161 p\u0159\u00edstup k \u017eivotu je opravdu obdivuhodn\u00fd. Prozra\u010fte n\u00e1m ten recept?<\/p>\n\n\n\n<p>Stra\u0161n\u011b mi pom\u00e1h\u00e1 zbyte\u010dn\u011b se nestresovat, nest\u011b\u017eovat si. V\u00edm, \u017ee mnoho lid\u00ed to m\u00e1 t\u011b\u017e\u0161\u00ed ne\u017e j\u00e1. Je skv\u011bl\u00e9 u\u017e\u00edvat si \u017eivota a br\u00e1t ho takov\u00fd, jak\u00fd je. Jsem \u0161\u0165astn\u00fd, jak ho m\u016f\u017eu \u017e\u00edt. Jsem vd\u011b\u010dn\u00fd za podporu, kterou m\u00e1m. Proto\u017ee kdy\u017e m\u016f\u017eu d\u011blat n\u011bco s\u00e1m, je to fajn, d\u00e1 se do toho d\u00e1t hodn\u011b, ale kdy\u017e za sebou m\u00e1te lidi, kte\u0159\u00ed v\u00e1s podporuj\u00ed a fand\u00ed, tak to jde o sto procent l\u00edp.<\/p>\n\n\n\n<p>Martin \u0160vec<\/p>\n\n\n\n<p>Spoluautor: Ludmila Kozlov\u00e1<\/p>\n\n\n\n<p>Tachovsk\u00fd den\u00edk<\/p>\n\n\n\n<p><a href=\"https:\/\/tachovsky.denik.cz\" target=\"_blank\" rel=\"noreferrer noopener\">https:\/\/tachovsky.denik.cz<\/a><\/p>\n","protected":false},"excerpt":{"rendered":"<div class=\"mh-excerpt\"><p>Je mistrem sv\u011bta a dr\u017eitelem sv\u011btov\u00e9ho rekordu v paraplav\u00e1n\u00ed, a proto logicky bude favoritem na srpnov\u00e9 paralympi\u00e1d\u011b v Pa\u0159\u00ed\u017ei. \u0160estn\u00e1ctilet\u00fd nevidom\u00fd plavec David Kratochv\u00edl z <a class=\"mh-excerpt-more\" href=\"https:\/\/www.invarena.cz\/?p=50495\" title=\"C\u00edlem bude fin\u00e1le. Pokud cinkne medaile, budu nej\u0161\u0165astn\u011bj\u0161\u00ed, \u0159\u00edk\u00e1 Kratochv\u00edl\">[&#8230;]<\/a><\/p>\n<\/div>","protected":false},"author":1,"featured_media":21009,"comment_status":"open","ping_status":"closed","sticky":false,"template":"","format":"standard","meta":{"footnotes":""},"categories":[9],"tags":[],"class_list":["post-50495","post","type-post","status-publish","format-standard","has-post-thumbnail","hentry","category-zpravy"],"_links":{"self":[{"href":"https:\/\/www.invarena.cz\/index.php?rest_route=\/wp\/v2\/posts\/50495","targetHints":{"allow":["GET"]}}],"collection":[{"href":"https:\/\/www.invarena.cz\/index.php?rest_route=\/wp\/v2\/posts"}],"about":[{"href":"https:\/\/www.invarena.cz\/index.php?rest_route=\/wp\/v2\/types\/post"}],"author":[{"embeddable":true,"href":"https:\/\/www.invarena.cz\/index.php?rest_route=\/wp\/v2\/users\/1"}],"replies":[{"embeddable":true,"href":"https:\/\/www.invarena.cz\/index.php?rest_route=%2Fwp%2Fv2%2Fcomments&post=50495"}],"version-history":[{"count":0,"href":"https:\/\/www.invarena.cz\/index.php?rest_route=\/wp\/v2\/posts\/50495\/revisions"}],"wp:featuredmedia":[{"embeddable":true,"href":"https:\/\/www.invarena.cz\/index.php?rest_route=\/wp\/v2\/media\/21009"}],"wp:attachment":[{"href":"https:\/\/www.invarena.cz\/index.php?rest_route=%2Fwp%2Fv2%2Fmedia&parent=50495"}],"wp:term":[{"taxonomy":"category","embeddable":true,"href":"https:\/\/www.invarena.cz\/index.php?rest_route=%2Fwp%2Fv2%2Fcategories&post=50495"},{"taxonomy":"post_tag","embeddable":true,"href":"https:\/\/www.invarena.cz\/index.php?rest_route=%2Fwp%2Fv2%2Ftags&post=50495"}],"curies":[{"name":"wp","href":"https:\/\/api.w.org\/{rel}","templated":true}]}}