{"id":50666,"date":"2024-07-16T13:58:14","date_gmt":"2024-07-16T11:58:14","guid":{"rendered":"https:\/\/www.invarena.cz\/?p=50666"},"modified":"2024-07-16T13:58:15","modified_gmt":"2024-07-16T11:58:15","slug":"nadace-zpestrila-bezny-den-klientu-v-nemocnici-louny-obdrzeli-balicky-vitaminu-a-uzili-si-spolecne-aktivity","status":"publish","type":"post","link":"https:\/\/www.invarena.cz\/?p=50666","title":{"rendered":"Nadace zpest\u0159ila b\u011b\u017en\u00fd den klient\u016f v\u00a0Nemocnici Louny. Obdr\u017eeli bal\u00ed\u010dky vitam\u00edn\u016f a u\u017eili si spole\u010dn\u00e9 aktivity"},"content":{"rendered":"\n<p><em>Louny, 16. \u010dervence 2024:<\/em> <strong>Svou prvn\u00ed n\u00e1v\u0161t\u011bvu klient\u016f v&nbsp;Nemocnici AGEL Louny uskute\u010dnila Lucie Dvo\u0159\u00e1kov\u00e1, \u010dlenka spr\u00e1vn\u00ed rady NADACE AGEL. P\u0159i t\u00e9to p\u0159\u00edle\u017eitosti p\u0159edstavila sv\u016fj pl\u00e1n na podporu zdrav\u00ed a pohody klient\u016f a p\u0159inesla jim bal\u00ed\u010dky pln\u00e9 vitam\u00edn\u016f. D\u00e1le se aktivn\u011b zapojila do aktiviza\u010dn\u00ed \u010dinnosti, kterou tentokr\u00e1t bylo mot\u00e1n\u00ed bambulek, ze kter\u00fdch vzniknou nov\u00e9 kr\u00e1sn\u00e9 v\u00fdrobky.<\/strong><\/p>\n\n\n\n<p>\u201e<em>Jsem nad\u0161en\u00e1 z toho, \u017ee mohu nav\u00e1zat na skv\u011blou pr\u00e1ci, kterou NADACE AGEL vykon\u00e1v\u00e1. V\u011b\u0159\u00edm, \u017ee drobn\u00e9 d\u00e1rky jako jsou bal\u00ed\u010dky vitam\u00edn\u016f mohou ud\u011blat velk\u00fd rozd\u00edl v ka\u017edodenn\u00edm \u017eivot\u011b klient\u016f,\u201c <\/em>\u0159ekla <strong>Lucie Dvo\u0159\u00e1kov\u00e1, \u010dlenka spr\u00e1vn\u00ed rady NADACE AGEL<\/strong>.<\/p>\n\n\n\n<p>\u201e<em>Nav\u00edc jsem si u\u017eila \u010das str\u00e1ven\u00fd s klienty p\u0159i mot\u00e1n\u00ed bambulek. A\u010d se m\u016f\u017ee zd\u00e1t jako jednoduch\u00e1 \u010dinnost, byla jsem r\u00e1da, \u017ee jsem stihla umotat, alespo\u0148 jednu malou bambulku. Chce to m\u00edt dobrou jemnou motoriku a tak\u00e9 ur\u010dit\u00fd grif. Bylo to velmi inspirativn\u00ed a povzbuzuj\u00edc\u00ed vid\u011bt, jak spole\u010dn\u00e9 aktivity mohou p\u0159in\u00e9st radost a kreativitu,\u201c <\/em>dodala <strong>Lucie Dvo\u0159\u00e1kov\u00e1<\/strong>.<\/p>\n\n\n\n<p>Aktiviza\u010dn\u00ed pracovnice Helena Cimrmanov\u00e1, kter\u00e1 koordinovala pracovn\u00ed \u010dinnosti, doplnila: <em>\u201eBylo skv\u011bl\u00e9 vid\u011bt pan\u00ed Dvo\u0159\u00e1kovou, jak se aktivn\u011b zapojuje do na\u0161ich aktivit. Klienti ocenili nejen jej\u00ed p\u0159\u00edtomnost, ale tak\u00e9 jej\u00ed ochotu p\u0159idat ruku k d\u00edlu. Takov\u00e9 n\u00e1v\u0161t\u011bvy jsou pro n\u00e1s v\u0161echny velmi povzbudiv\u00e9.\u201c<\/em><\/p>\n\n\n\n<p>\u0158editelka nemocnice, <strong>Petra Sailerov\u00e1, MBA<\/strong>, ocenila n\u00e1v\u0161t\u011bvu Lucie Dvo\u0159\u00e1kov\u00e9 a zd\u016fraznila v\u00fdznam partnerstv\u00ed s NADAC\u00cd AGEL: <em>\u201eSpolupr\u00e1ce s NADAC\u00cd AGEL je pro n\u00e1s velmi cenn\u00e1. N\u00e1v\u0161t\u011bva pan\u00ed Dvo\u0159\u00e1kov\u00e9 n\u00e1m uk\u00e1zala, \u017ee se m\u016f\u017eeme t\u011b\u0161it na je\u0161t\u011b u\u017e\u0161\u00ed spolupr\u00e1ci a nov\u00e9 projekty, kter\u00e9 p\u0159inesou na\u0161im klient\u016fm radost a podporu. D\u011bkujeme za jej\u00ed n\u00e1v\u0161t\u011bvu a t\u011b\u0161\u00edme se na dal\u0161\u00ed spole\u010dn\u00e9 aktivity.\u201c<\/em><\/p>\n\n\n\n<p>NADACE AGEL pl\u00e1nuje pokra\u010dovat i nad\u00e1le v podpo\u0159e zdrav\u00ed a pohody sv\u00fdch klient\u016f prost\u0159ednictv\u00edm r\u016fzn\u00fdch aktivit a dar\u016f, kter\u00e9 p\u0159isp\u00edvaj\u00ed ke zlep\u0161en\u00ed kvality jejich \u017eivota.<\/p>\n","protected":false},"excerpt":{"rendered":"<div class=\"mh-excerpt\"><p>Louny, 16. \u010dervence 2024: Svou prvn\u00ed n\u00e1v\u0161t\u011bvu klient\u016f v&nbsp;Nemocnici AGEL Louny uskute\u010dnila Lucie Dvo\u0159\u00e1kov\u00e1, \u010dlenka spr\u00e1vn\u00ed rady NADACE AGEL. P\u0159i t\u00e9to p\u0159\u00edle\u017eitosti p\u0159edstavila sv\u016fj pl\u00e1n <a class=\"mh-excerpt-more\" href=\"https:\/\/www.invarena.cz\/?p=50666\" title=\"Nadace zpest\u0159ila b\u011b\u017en\u00fd den klient\u016f v\u00a0Nemocnici Louny. Obdr\u017eeli bal\u00ed\u010dky vitam\u00edn\u016f a u\u017eili si spole\u010dn\u00e9 aktivity\">[&#8230;]<\/a><\/p>\n<\/div>","protected":false},"author":1,"featured_media":50668,"comment_status":"open","ping_status":"closed","sticky":false,"template":"","format":"standard","meta":{"footnotes":""},"categories":[7],"tags":[],"class_list":["post-50666","post","type-post","status-publish","format-standard","has-post-thumbnail","hentry","category-spolecnost"],"_links":{"self":[{"href":"https:\/\/www.invarena.cz\/index.php?rest_route=\/wp\/v2\/posts\/50666","targetHints":{"allow":["GET"]}}],"collection":[{"href":"https:\/\/www.invarena.cz\/index.php?rest_route=\/wp\/v2\/posts"}],"about":[{"href":"https:\/\/www.invarena.cz\/index.php?rest_route=\/wp\/v2\/types\/post"}],"author":[{"embeddable":true,"href":"https:\/\/www.invarena.cz\/index.php?rest_route=\/wp\/v2\/users\/1"}],"replies":[{"embeddable":true,"href":"https:\/\/www.invarena.cz\/index.php?rest_route=%2Fwp%2Fv2%2Fcomments&post=50666"}],"version-history":[{"count":0,"href":"https:\/\/www.invarena.cz\/index.php?rest_route=\/wp\/v2\/posts\/50666\/revisions"}],"wp:featuredmedia":[{"embeddable":true,"href":"https:\/\/www.invarena.cz\/index.php?rest_route=\/wp\/v2\/media\/50668"}],"wp:attachment":[{"href":"https:\/\/www.invarena.cz\/index.php?rest_route=%2Fwp%2Fv2%2Fmedia&parent=50666"}],"wp:term":[{"taxonomy":"category","embeddable":true,"href":"https:\/\/www.invarena.cz\/index.php?rest_route=%2Fwp%2Fv2%2Fcategories&post=50666"},{"taxonomy":"post_tag","embeddable":true,"href":"https:\/\/www.invarena.cz\/index.php?rest_route=%2Fwp%2Fv2%2Ftags&post=50666"}],"curies":[{"name":"wp","href":"https:\/\/api.w.org\/{rel}","templated":true}]}}