{"id":5073,"date":"2013-05-17T19:52:47","date_gmt":"2013-05-17T17:52:47","guid":{"rendered":"http:\/\/www.invarena.cz\/?p=5073"},"modified":"2014-10-20T20:12:58","modified_gmt":"2014-10-20T18:12:58","slug":"zachranme-vesnu","status":"publish","type":"post","link":"https:\/\/www.invarena.cz\/?p=5073","title":{"rendered":"Zachra\u0148me Vesnu&#8230;"},"content":{"rendered":"<p><strong>Pl\u00e1n na uzav\u0159en\u00ed d\u011btsk\u00e9 l\u00e9\u010debny Vesna v Jansk\u00fdch L\u00e1zn\u00edch zvedl neb\u00fdvalou vlnu z\u00e1jmu a\u00a0 kritiky. Zde jsou n\u011bkter\u00e9 z reakc\u00ed \u010dten\u00e1\u0159\u016f MfD.<\/strong><\/p>\n<p><!--more--><\/p>\n<p><strong>Politici by m\u011bli pracovat pro posti\u017een\u00e9 a nemocn\u00e9. Ne naopak<\/strong><\/p>\n<p>Nesouhlas\u00edm s uzav\u0159en\u00edm l\u00e9\u010debny Vesna. Podepsala jsem petici proti uzav\u0159en\u00ed. Mysl\u00edm si, \u017ee politici by se m\u011bli v\u00edce anga\u017eovat ve prosp\u011bch posti\u017een\u00fdch lid\u00ed a nemocn\u00fdch. Dle m\u00e9ho n\u00e1zoru je &#8222;zakopan\u00fd pes&#8220; v poji\u0161\u0165ovn\u00e1ch.<\/p>\n<p>Jsem zdravotn\u00ed sestra, pracovala jsem v D\u011btsk\u00e9 l\u00e9\u010debn\u011b Cvikov, kter\u00e1 l\u00e9\u010d\u00ed horn\u00ed cesty d\u00fdchac\u00ed. Pot\u00fdk\u00e1 se \u0159adu let s podobn\u00fdmi probl\u00e9my jako Jansk\u00e9 L\u00e1zn\u011b. Z tohoto za\u0159\u00edzen\u00ed jsem byla propu\u0161t\u011bn\u00e1 po 20 letech v r\u00e1mci \u00faspor.<\/p>\n<p>Kdy\u017e dojde k propou\u0161t\u011bn\u00ed person\u00e1lu v Jansk\u00fdch L\u00e1zn\u00edch, snad person\u00e1l se\u017eene n\u00e1hradn\u00ed zam\u011bstn\u00e1n\u00ed. Dr\u017e\u00edm p\u011bsti, aby se v\u0161echny pavilony zachovaly a st\u00e1t finan\u010dn\u011b p\u0159isp\u011bl na provoz.<\/p>\n<p>Dokud se neuprav\u00ed z\u00e1kony o l\u00e1ze\u0148stv\u00ed a poji\u0161\u0165ovny i nad\u00e1le budou zkracovat pobyty nemocn\u00fdm, m\u00e1 to v\u0161e \u0161irok\u00fd dopad. Jak na provoz l\u00e1zn\u00ed, tak i na person\u00e1l. Je smutn\u00e9, \u017ee st\u00e1t \u0161et\u0159\u00ed na lidech, kte\u0159\u00ed l\u00e9\u010dbu nejv\u00edce pot\u0159ebuj\u00ed.<\/p>\n<p>Guseov\u00e1 Ilona<\/p>\n<p>&nbsp;<\/p>\n<p><strong>Nenechte krachnout l\u00e1zn\u011b, kter\u00e9 p\u0159in\u00e1\u0161ej\u00ed uzn\u00e1n\u00ed a presti\u017e<\/strong><\/p>\n<p>Je mi velmi t\u011b\u017eko u srdce, kam a\u017e to v Jansk\u00fdch L\u00e1zn\u00edch do\u0161lo. Byla jsem dvakr\u00e1t v l\u00e9\u010debn\u011b pro dosp\u011bl\u00e9, moc mi tam pomohli, jsou to skv\u011bl\u00ed odborn\u00edci a fajn lid\u00e9.<\/p>\n<p>Vesna neodmysliteln\u011b pat\u0159ila a pat\u0159\u00ed k obrazu &#8222;J\u00e1nek&#8220;, \u010dasto jsem chodila okolo n\u00ed na proch\u00e1zky a obdivovala maminky, kter\u00e9 se trp\u011bliv\u011b a s l\u00e1skou staraly o sv\u00e9 nemocn\u00e9 d\u011bti.<\/p>\n<p>Tyto l\u00e1zn\u011b maj\u00ed mezin\u00e1rodn\u00ed v\u011bhlas pro svou odbornost, vid\u011bla jsem tam tak\u00e9 dost pacient\u016f cizinc\u016f. Je jasn\u00e9, \u017ee se v\u0161ude \u0161et\u0159\u00ed a rozpo\u010dty se kr\u00e1t\u00ed. Rozumn\u00e1 by mo\u017en\u00e1 byla n\u011bjak\u00e1 redukce, ale nechat je \u00fapln\u011b krachnout?<\/p>\n<p>L\u00e1zn\u011b, kter\u00e9 n\u00e1m p\u0159in\u00e1\u0161ej\u00ed uzn\u00e1n\u00ed, presti\u017e a tak\u00e9 zdroj financ\u00ed? To je velmi \u0161patn\u00e1 nekoncep\u010dn\u00ed politika!<\/p>\n<p>Nahr\u00e1v\u00e1 to jenom tvrzen\u00ed, \u017ee tyto kr\u00e1sn\u00e9 lukrativn\u00ed prostory vybaven\u00e9 za st\u00e1tn\u00ed pen\u00edze n\u011bkdo zase &#8222;shr\u00e1bne do kapsy&#8220;!<\/p>\n<p>Petra Fuksov\u00e1<\/p>\n<p>&nbsp;<\/p>\n<p><strong>Vesna pro m\u011b byla jako druh\u00fd domov. Podepi\u0161te petici, pros\u00edm<\/strong><\/p>\n<p>Cht\u011bla bych reagovat na zve\u0159ejn\u011bn\u00ed zpr\u00e1v o bl\u00edzk\u00e9m uzav\u0159en\u00ed d\u011btsk\u00e9 l\u00e9\u010debny Vesna v Jansk\u00fdch L\u00e1zn\u00edch a z\u00e1rove\u0148 propu\u0161t\u011bn\u00ed des\u00edtek \u010dlen\u016f zdravotn\u00edho person\u00e1lu. Tato speci\u00e1ln\u011b vybaven\u00e1 d\u011btsk\u00e1 l\u00e9\u010debna, kter\u00e1 je celosv\u011btov\u011b zn\u00e1m\u00e1, by m\u011bla b\u00fdt je\u0161t\u011b letos uzav\u0159ena a ve velmi omezen\u00e9 m\u00ed\u0159e p\u0159est\u011bhov\u00e1na do jin\u00fdch budov, kter\u00e9, dle m\u00fdch osobn\u00edch zku\u0161enost\u00ed, nejsou vhodn\u00e9 pro d\u011btsk\u00e9 pacienty.<\/p>\n<p>St\u00e1tn\u00ed l\u00e9\u010debn\u00e9 l\u00e1zn\u011b nemaj\u00ed dostatek finan\u010dn\u00edch prost\u0159edk\u016f na fungov\u00e1n\u00ed l\u00e9\u010debny, o kter\u00e9 p\u0159ich\u00e1zej\u00ed kv\u016fli rozs\u00e1hl\u00fdm zm\u011bn\u00e1m v indika\u010dn\u00edm seznamu k l\u00e1ze\u0148sk\u00e9 p\u00e9\u010di, jen\u017e vloni provedl ministr zdravotnictv\u00ed L. Heger.<\/p>\n<p>Tyto zm\u011bny se prom\u00edtaj\u00ed do cel\u00e9ho l\u00e1ze\u0148stv\u00ed v \u010cesk\u00e9 republice a v\u011bt\u0161ina l\u00e1zn\u00ed se pot\u00fdk\u00e1 s finan\u010dn\u00edmi probl\u00e9my a uzav\u00edr\u00e1 \u010di omezuje svoje provozy.<\/p>\n<p>Zm\u011bny v indika\u010dn\u00edm seznamu vedly ke sn\u00ed\u017een\u00ed d\u00e9lky pobytu pacient\u016f, n\u011bkter\u00e9 diagn\u00f3zy byly vlo\u017eeny pod jin\u00e9 k\u00f3dy, anebo byly slou\u010deny a byly pro n\u011b doporu\u010deny jin\u00e9 l\u00e1ze\u0148sk\u00e9 komplexy, \u010dasto m\u00e9n\u011b vhodn\u00e9. T\u00edmto zp\u016fsobem l\u00e1zn\u011b p\u0159ich\u00e1zej\u00ed o sv\u00e9 pacienty a t\u00edm i o pen\u00edze ze zdravotn\u00edch poji\u0161\u0165oven.<\/p>\n<p>Toto zl\u00e9 rozhodnut\u00ed se m\u011b hluboce dot\u00fdk\u00e1, jeliko\u017e jsem do l\u00e1zn\u00ed jako d\u00edt\u011b jezd\u00edvala po t\u011b\u017ek\u00e9m \u00farazu mozku s n\u00e1slednou pravostrannou hemipar\u00e9zou. Tr\u00e1vila jsem zde 2-3 m\u011bs\u00edce v roce a poka\u017ed\u00e9 mi l\u00e1zn\u011b velmi pomohly, stejn\u011b tak jako ka\u017ed\u00e9mu d\u00edt\u011bti, kter\u00e9 zde z\u016fst\u00e1valo del\u0161\u00ed dobu a l\u00e9\u010dilo se pravideln\u011b. Procedur jsme absolvovali mnoho a ka\u017edodenn\u00ed speci\u00e1ln\u00ed techniky cvi\u010den\u00ed znovu postavily mnoho d\u011bt\u00ed na nohy nebo rapidn\u011b zlep\u0161ily jin\u00e9 v\u00e1\u017en\u00e9 stavy.<\/p>\n<p>I u t\u011bch nejv\u00edce posti\u017een\u00fdch d\u011bt\u00ed doch\u00e1zelo k ur\u010dit\u00e9mu svalov\u00e9mu uvoln\u011bn\u00ed, a to jen d\u00edky kvalitn\u00ed rehabilitaci, ojedin\u011bl\u00e9mu za\u0159\u00edzen\u00ed a profesion\u00e1ln\u00edm racovn\u00edk\u016fm,kte\u0159\u00ed se d\u011btem v\u011bnovali. Ve \u0161kole jsme nezame\u0161k\u00e1vali, tak\u017ee jsme se bez probl\u00e9m\u016f a v kondici vraceli do b\u011b\u017en\u00e9ho \u017eivota doma.<\/p>\n<p>L\u00e1zn\u011b v\u0161ak nebyly jen o rehabilitaci, mnoho jsme se zde i nau\u010dili. Ve Vesn\u011b n\u00e1s sest\u0159i\u010dky u\u010dily samostatnosti, byl zde ur\u010dit\u00fd \u0159\u00e1d a v\u0161ichni jsme se nau\u010dili o sebe pe\u010dovat, nau\u010dily n\u00e1s pom\u00e1hat jeden druh\u00e9mu, kdy Ti zdatn\u011bj\u0161\u00ed pom\u00e1hali slab\u0161\u00edm \u010di mlad\u0161\u00edm. Pobyt byl o soudr\u017enosti a p\u0159\u00e1telstv\u00ed, nikdo se druh\u00e9mu nesm\u00e1l ani ho nelitoval, co\u017e je pro handicapovan\u00e9 d\u011bti d\u016fle\u017eit\u00e9, proto\u017ee ve sv\u011bt\u011b zdrav\u00fdch lid\u00ed, jsou lidmi podce\u0148ov\u00e1ny a p\u0159edev\u0161\u00edm litov\u00e1ny, o co\u017e nikdo nestoj\u00ed.<\/p>\n<p>Pro spoustu d\u011bt\u00ed zde byla tak\u00e9 \u0161ance, jak se bez pot\u00ed\u017e\u00ed dostat ven a za\u017e\u00edt kr\u00e1sn\u00e9 chv\u00edle s kamar\u00e1dy, proto\u017ee ne v\u0161echny d\u011bti m\u011bly doma p\u0159izp\u016fsoben\u00e9 podm\u00ednky pro jejich imobilitu a nemohly se tak pln\u011b \u00fa\u010dastnit spole\u010densk\u00e9ho \u017eivota. Do Vesny doj\u00ed\u017ed\u011bly hudebn\u00ed \u010di divadeln\u00ed skupiny, prob\u00edhala zde p\u0159edstaven\u00ed, v\u00fdlety a akce pro d\u011bti.<\/p>\n<p>Vesna pro m\u011b byla jako druh\u00fd domov, stejn\u011b tak jako pro dal\u0161\u00ed d\u011bti. Nev\u00edm, zda r\u016fzn\u00e9 akce prob\u00edhaj\u00ed i dnes s celkov\u00fdm ohledem na nedostatek financ\u00ed, ale i kdyby byla tato p\u0159edstaven\u00ed omezena,tak rehabilitace s nov\u00fdmi poznatky je st\u00e1le v\u00edce kvalitn\u011bj\u0161\u00ed,a o to jde p\u0159edev\u0161\u00edm.<\/p>\n<p>Chci t\u00edmto apelovat na v\u0161echny, aby se zamysleli nad dopady uzav\u0159en\u00ed speci\u00e1ln\u011b vybaven\u00e9 l\u00e9\u010debny pro handicapovan\u00e9 d\u011bti a p\u0159ipojili se k Petici proti jej\u00edmu uzav\u0159en\u00ed. I Vy m\u016f\u017eete p\u0159isp\u011bt k z\u00e1chran\u011b Vesny sv\u00fdm podpisem.<\/p>\n<p>Mlad\u00e1 fronta Dnes<\/p>\n<p>Kate\u0159ina Vyroubalov\u00e1<\/p>\n","protected":false},"excerpt":{"rendered":"<div class=\"mh-excerpt\"><p>Pl\u00e1n na uzav\u0159en\u00ed d\u011btsk\u00e9 l\u00e9\u010debny Vesna v Jansk\u00fdch L\u00e1zn\u00edch zvedl neb\u00fdvalou vlnu z\u00e1jmu a\u00a0 kritiky. Zde jsou n\u011bkter\u00e9 z reakc\u00ed \u010dten\u00e1\u0159\u016f MfD.<\/p>\n<\/div>","protected":false},"author":1,"featured_media":4375,"comment_status":"open","ping_status":"open","sticky":false,"template":"","format":"standard","meta":{"footnotes":""},"categories":[7],"tags":[],"class_list":["post-5073","post","type-post","status-publish","format-standard","has-post-thumbnail","hentry","category-spolecnost"],"_links":{"self":[{"href":"https:\/\/www.invarena.cz\/index.php?rest_route=\/wp\/v2\/posts\/5073","targetHints":{"allow":["GET"]}}],"collection":[{"href":"https:\/\/www.invarena.cz\/index.php?rest_route=\/wp\/v2\/posts"}],"about":[{"href":"https:\/\/www.invarena.cz\/index.php?rest_route=\/wp\/v2\/types\/post"}],"author":[{"embeddable":true,"href":"https:\/\/www.invarena.cz\/index.php?rest_route=\/wp\/v2\/users\/1"}],"replies":[{"embeddable":true,"href":"https:\/\/www.invarena.cz\/index.php?rest_route=%2Fwp%2Fv2%2Fcomments&post=5073"}],"version-history":[{"count":0,"href":"https:\/\/www.invarena.cz\/index.php?rest_route=\/wp\/v2\/posts\/5073\/revisions"}],"wp:featuredmedia":[{"embeddable":true,"href":"https:\/\/www.invarena.cz\/index.php?rest_route=\/wp\/v2\/media\/4375"}],"wp:attachment":[{"href":"https:\/\/www.invarena.cz\/index.php?rest_route=%2Fwp%2Fv2%2Fmedia&parent=5073"}],"wp:term":[{"taxonomy":"category","embeddable":true,"href":"https:\/\/www.invarena.cz\/index.php?rest_route=%2Fwp%2Fv2%2Fcategories&post=5073"},{"taxonomy":"post_tag","embeddable":true,"href":"https:\/\/www.invarena.cz\/index.php?rest_route=%2Fwp%2Fv2%2Ftags&post=5073"}],"curies":[{"name":"wp","href":"https:\/\/api.w.org\/{rel}","templated":true}]}}