{"id":50732,"date":"2024-07-19T02:37:57","date_gmt":"2024-07-19T00:37:57","guid":{"rendered":"https:\/\/www.invarena.cz\/?p=50732"},"modified":"2024-07-19T02:37:57","modified_gmt":"2024-07-19T00:37:57","slug":"jen-za-prvni-dva-tydny-letosnich-prazdnin-se-uz-v-cesku-utopily-desitky-lidi","status":"publish","type":"post","link":"https:\/\/www.invarena.cz\/?p=50732","title":{"rendered":"Jen za prvn\u00ed dva t\u00fddny leto\u0161n\u00edch pr\u00e1zdnin se u\u017e v \u010cesku utopily des\u00edtky lid\u00ed\u00a0\u00a0"},"content":{"rendered":"\n<p>Radio\u017eurn\u00e1l<\/p>\n\n\n\n<p><br \/>Jen za prvn\u00ed dva t\u00fddny leto\u0161n\u00edch pr\u00e1zdnin se u\u017e v \u010cesku utopily des\u00edtky lid\u00ed. Radio\u017eurn\u00e1lu to \u0159ekl prezident Zdravotn\u00ed z\u00e1chrann\u00e9 slu\u017eby \u010cesk\u00e9ho \u010derven\u00e9ho k\u0159\u00ed\u017ee David Smejkal. Zdravotn\u00edci maj\u00ed letos zat\u00edm v\u00edc pr\u00e1ce ne\u017e loni, dote\u010f byli u zhruba 450 z\u00e1sah\u016f.<br \/><br \/>U vody by lid\u00e9 m\u011bli b\u00fdt obez\u0159etn\u00ed a podle l\u00e9ka\u0159e urgentn\u00ed medic\u00edny Ond\u0159eje Fra\u0148ka d\u00e1vat pozor hlavn\u011b na d\u011bti, kter\u00e9 neum\u00ed plavat.<br \/><br \/>Ond\u0159ej Fran\u011bk, l\u00e9ka\u0159 urgentn\u00ed medic\u00edny<br \/>&#8212;&#8212;&#8212;&#8212;&#8212;&#8212;&#8211;<br \/>Ono se \u0159ekne, \u017ee si \u010dlov\u011bk odsko\u010d\u00ed na vte\u0159inku, pak se vr\u00e1t\u00ed a prost\u011b ta katastrofa u\u017e se v tu chv\u00edli odehr\u00e1la.<br \/><br \/>redaktorka<br \/>&#8212;&#8212;&#8212;&#8212;&#8212;&#8212;&#8211;<br \/>Nebezpe\u010dn\u00fd je podle z\u00e1chran\u00e1\u0159\u016f taky nafukovac\u00ed kruh, z n\u011bj toti\u017e d\u00edt\u011b snadno vyklouzne. Riziko \u00faraz\u016f se u dosp\u011bl\u00fdch zvy\u0161uje taky s alkoholem. Lid\u00e9 toti\u017e tak sn\u00e1z p\u0159ecen\u00ed sv\u00e9 s\u00edly a t\u00fdk\u00e1 se to i vod\u00e1k\u016f, \u0159\u00edk\u00e1 Smejkal.<br \/><br \/>David Smejkal, prezident Zdravotn\u00ed z\u00e1chrann\u00e9 slu\u017eby \u010cesk\u00e9ho \u010derven\u00e9ho k\u0159\u00ed\u017ee<br \/>&#8212;&#8212;&#8212;&#8212;&#8212;&#8212;&#8211;<br \/>Pod vlivem alkoholu si to prost\u011b troufnete a dopadne to zkr\u00e1tka \u0161patn\u011b. A t\u011bch jez\u016f, kter\u00e9 v \u010cesku zab\u00edj\u00ed, m\u00e1me pom\u011brn\u011b hodn\u011b.<br \/><br \/>redaktorka<br \/>&#8212;&#8212;&#8212;&#8212;&#8212;&#8212;&#8211;<br \/>A nebezpe\u010dn\u00e9 jsou taky skoky do nezn\u00e1m\u00e9 vody. Ro\u010dn\u011b kv\u016fli nim na\u00a0<strong>invalidn\u00edm<\/strong>\u00a0voz\u00edku skon\u010d\u00ed zhruba 15 lid\u00ed. <\/p>\n\n\n\n<p>Radio\u017eurn\u00e1l<br \/><\/p>\n","protected":false},"excerpt":{"rendered":"<div class=\"mh-excerpt\"><p>Radio\u017eurn\u00e1l Jen za prvn\u00ed dva t\u00fddny leto\u0161n\u00edch pr\u00e1zdnin se u\u017e v \u010cesku utopily des\u00edtky lid\u00ed. Radio\u017eurn\u00e1lu to \u0159ekl prezident Zdravotn\u00ed z\u00e1chrann\u00e9 slu\u017eby \u010cesk\u00e9ho \u010derven\u00e9ho k\u0159\u00ed\u017ee <a class=\"mh-excerpt-more\" href=\"https:\/\/www.invarena.cz\/?p=50732\" title=\"Jen za prvn\u00ed dva t\u00fddny leto\u0161n\u00edch pr\u00e1zdnin se u\u017e v \u010cesku utopily des\u00edtky lid\u00ed\u00a0\u00a0\">[&#8230;]<\/a><\/p>\n<\/div>","protected":false},"author":1,"featured_media":16849,"comment_status":"open","ping_status":"closed","sticky":false,"template":"","format":"standard","meta":{"footnotes":""},"categories":[9],"tags":[],"class_list":["post-50732","post","type-post","status-publish","format-standard","has-post-thumbnail","hentry","category-zpravy"],"_links":{"self":[{"href":"https:\/\/www.invarena.cz\/index.php?rest_route=\/wp\/v2\/posts\/50732","targetHints":{"allow":["GET"]}}],"collection":[{"href":"https:\/\/www.invarena.cz\/index.php?rest_route=\/wp\/v2\/posts"}],"about":[{"href":"https:\/\/www.invarena.cz\/index.php?rest_route=\/wp\/v2\/types\/post"}],"author":[{"embeddable":true,"href":"https:\/\/www.invarena.cz\/index.php?rest_route=\/wp\/v2\/users\/1"}],"replies":[{"embeddable":true,"href":"https:\/\/www.invarena.cz\/index.php?rest_route=%2Fwp%2Fv2%2Fcomments&post=50732"}],"version-history":[{"count":0,"href":"https:\/\/www.invarena.cz\/index.php?rest_route=\/wp\/v2\/posts\/50732\/revisions"}],"wp:featuredmedia":[{"embeddable":true,"href":"https:\/\/www.invarena.cz\/index.php?rest_route=\/wp\/v2\/media\/16849"}],"wp:attachment":[{"href":"https:\/\/www.invarena.cz\/index.php?rest_route=%2Fwp%2Fv2%2Fmedia&parent=50732"}],"wp:term":[{"taxonomy":"category","embeddable":true,"href":"https:\/\/www.invarena.cz\/index.php?rest_route=%2Fwp%2Fv2%2Fcategories&post=50732"},{"taxonomy":"post_tag","embeddable":true,"href":"https:\/\/www.invarena.cz\/index.php?rest_route=%2Fwp%2Fv2%2Ftags&post=50732"}],"curies":[{"name":"wp","href":"https:\/\/api.w.org\/{rel}","templated":true}]}}