{"id":5075,"date":"2013-05-17T01:23:52","date_gmt":"2013-05-16T23:23:52","guid":{"rendered":"http:\/\/www.invarena.cz\/?p=5075"},"modified":"2013-05-17T19:47:10","modified_gmt":"2013-05-17T17:47:10","slug":"zacala-charitativni-akce-cihla-podporuje-ji-houslista-sveceny","status":"publish","type":"post","link":"https:\/\/www.invarena.cz\/?p=5075","title":{"rendered":"Za\u010dala charitativn\u00ed akce Cihla. Podporuje ji houslista Sv\u011bcen\u00fd"},"content":{"rendered":"<p><strong>Od v\u010derej\u0161ka si m\u016f\u017eete zakoupit symbolickou cihli\u010dku. Stoj\u00ed sto pades\u00e1t korun a zakoupen\u00edm cihly p\u0159isp\u011bjete na samostatn\u011bj\u0161\u00ed \u017eivot ment\u00e1ln\u011b posti\u017een\u00fdch lid\u00ed. Patronem cel\u00e9 akce je zn\u00e1m\u00fd houslov\u00fd virtu\u00f3z.<\/strong><br \/>\n<!--more--><\/p>\n<p>Od kv\u011btna do z\u00e1\u0159\u00ed si mohou lid\u00e9 koupit cihli\u010dku. V\u00fdt\u011b\u017eek z prodeje putuje k ment\u00e1ln\u011b posti\u017een\u00fdm. Vybran\u00e9 pen\u00edze pomohou s rozvojem terapeutick\u00fdch a soci\u00e1ln\u00edch d\u00edlen.<\/p>\n<p>Pro ment\u00e1ln\u011b posti\u017een\u00e9 je nezbytn\u00e9, aby m\u011bli n\u011bjak\u00e9 zam\u011bstn\u00e1n\u00ed, proto pen\u00edze p\u016fjdou tak\u00e9 na vybudov\u00e1n\u00ed pracovn\u00edch center.<\/p>\n<p>Lid\u00e9 si v\u0161ak nemus\u00ed jen kupovat cihli\u010dky. Mohou se z\u00fa\u010dastnit i B\u011bhu pro cihlu. Za ka\u017ed\u00e9ho, kdo si zab\u011bh\u00e1, v\u011bnuje Stavebn\u00ed spo\u0159itelna \u010cesk\u00e9 spo\u0159itelny sto pades\u00e1t korun, tedy stejn\u011b, jako byste si koupili cihlu.<\/p>\n<p>Lid\u00e9 u\u017e p\u0159isp\u011bli spoustou pen\u011bz na samostatn\u011bj\u0161\u00ed \u017eivot ment\u00e1ln\u011b posti\u017een\u00fdch. Pomohli k jejich za\u010dle\u0148ov\u00e1n\u00ed do spole\u010dnosti, proto\u017ee se jedn\u00e1 o lidi, kter\u00e9 kdy\u017e pozn\u00e1te, zjist\u00edte, \u017ee z nich m\u016f\u017eete m\u00edt mnohdy i ty nejv\u011brn\u011bj\u0161\u00ed p\u0159\u00e1tele.<\/p>\n<p>Patronem akce je Jaroslav Sv\u011bcen\u00fd, kter\u00fd letos podpo\u0159\u00ed Cihlu koncertem. Ten se bude konat v pond\u011bl\u00ed dvac\u00e1t\u00e9ho kv\u011btna od 19:30 v Novom\u011bstsk\u00e9 radnici v Praze. Sou\u010d\u00e1st\u00ed koncertu bude i autogrami\u00e1da nov\u00e9ho CD Jaroslava Sv\u011bcen\u00e9ho, je\u017e se jmenuje Ve znamen\u00ed tanga a je cel\u00e9 v rytmech latinsko americk\u00e9 hudby.<\/p>\n<p>Ji\u0159\u00ed Marek<br \/>\ninvArena<\/p>\n","protected":false},"excerpt":{"rendered":"<div class=\"mh-excerpt\"><p>Od v\u010derej\u0161ka si m\u016f\u017eete zakoupit symbolickou cihli\u010dku. Stoj\u00ed sto pades\u00e1t korun a zakoupen\u00edm cihly p\u0159isp\u011bjete na samostatn\u011bj\u0161\u00ed \u017eivot ment\u00e1ln\u011b posti\u017een\u00fdch lid\u00ed. Patronem cel\u00e9 akce je <a class=\"mh-excerpt-more\" href=\"https:\/\/www.invarena.cz\/?p=5075\" title=\"Za\u010dala charitativn\u00ed akce Cihla. Podporuje ji houslista Sv\u011bcen\u00fd\">[&#8230;]<\/a><\/p>\n<\/div>","protected":false},"author":3,"featured_media":5083,"comment_status":"open","ping_status":"open","sticky":false,"template":"","format":"standard","meta":{"footnotes":""},"categories":[7],"tags":[],"class_list":["post-5075","post","type-post","status-publish","format-standard","has-post-thumbnail","hentry","category-spolecnost"],"_links":{"self":[{"href":"https:\/\/www.invarena.cz\/index.php?rest_route=\/wp\/v2\/posts\/5075","targetHints":{"allow":["GET"]}}],"collection":[{"href":"https:\/\/www.invarena.cz\/index.php?rest_route=\/wp\/v2\/posts"}],"about":[{"href":"https:\/\/www.invarena.cz\/index.php?rest_route=\/wp\/v2\/types\/post"}],"author":[{"embeddable":true,"href":"https:\/\/www.invarena.cz\/index.php?rest_route=\/wp\/v2\/users\/3"}],"replies":[{"embeddable":true,"href":"https:\/\/www.invarena.cz\/index.php?rest_route=%2Fwp%2Fv2%2Fcomments&post=5075"}],"version-history":[{"count":0,"href":"https:\/\/www.invarena.cz\/index.php?rest_route=\/wp\/v2\/posts\/5075\/revisions"}],"wp:featuredmedia":[{"embeddable":true,"href":"https:\/\/www.invarena.cz\/index.php?rest_route=\/wp\/v2\/media\/5083"}],"wp:attachment":[{"href":"https:\/\/www.invarena.cz\/index.php?rest_route=%2Fwp%2Fv2%2Fmedia&parent=5075"}],"wp:term":[{"taxonomy":"category","embeddable":true,"href":"https:\/\/www.invarena.cz\/index.php?rest_route=%2Fwp%2Fv2%2Fcategories&post=5075"},{"taxonomy":"post_tag","embeddable":true,"href":"https:\/\/www.invarena.cz\/index.php?rest_route=%2Fwp%2Fv2%2Ftags&post=5075"}],"curies":[{"name":"wp","href":"https:\/\/api.w.org\/{rel}","templated":true}]}}