{"id":50756,"date":"2024-07-20T18:58:53","date_gmt":"2024-07-20T16:58:53","guid":{"rendered":"https:\/\/www.invarena.cz\/?p=50756"},"modified":"2024-07-20T18:58:53","modified_gmt":"2024-07-20T16:58:53","slug":"bara-prisla-o-krasu-a-malem-take-o-zivot-sleduji-ji-tisice-lidi-i-eva-pavlova","status":"publish","type":"post","link":"https:\/\/www.invarena.cz\/?p=50756","title":{"rendered":"B\u00e1ra p\u0159i\u0161la o kr\u00e1su a m\u00e1lem tak\u00e9 o \u017eivot. Sleduj\u00ed ji tis\u00edce lid\u00ed i Eva Pavlov\u00e1"},"content":{"rendered":"\n<p>Barbora Ma\u0165ov\u010d\u00edkov\u00e1 je inspirac\u00ed pro mnoho lid\u00ed, kte\u0159\u00ed bojuj\u00ed s v\u00e1\u017enou nemoc\u00ed \u010di se ocitli v jinak t\u00ed\u017eiv\u00e9 \u017eivotn\u00ed situaci. B\u00e1\u0159ino odhodl\u00e1n\u00ed nevzdat se a u\u017e\u00edvat si \u017eivota i s fat\u00e1ln\u00ed diagn\u00f3zou n\u00e1doru na mozku inspiruje ostatn\u00ed k pozitivn\u00edmu my\u0161len\u00ed. Jej\u00ed v\u00fdjime\u010dnost okouzlila i prvn\u00ed d\u00e1mu \u010cesk\u00e9 republiky. Eva Pavlov\u00e1 p\u0159ijala B\u00e1ru Ma\u0165ov\u010d\u00edkovou na Pra\u017esk\u00e9m hrad\u011b, kde ji ocenila za state\u010dn\u00fd boj s rakovinou. Prvn\u00ed d\u00e1ma ocenila tak\u00e9 B\u00e1\u0159inu rodinu za jedine\u010dn\u00fd p\u0159\u00edstup a podporu B\u00e1ry.<\/p>\n\n\n\n<p>Na za\u010d\u00e1tku bylo jedno velk\u00e9 p\u0159\u00e1n\u00ed. Barbora Ma\u0165ov\u010d\u00edkov\u00e1, kter\u00e1 u\u017e n\u011bkolik let bojuje se zhoubn\u00fdm n\u00e1dorem na mozku, by v\u0161ak a\u017e do ned\u00e1vna nev\u011b\u0159ila, \u017ee se j\u00ed sen stanout tv\u00e1\u0159\u00ed v tv\u00e1\u0159 n\u011bkomu tak v\u00fdznamn\u00e9mu jako je prvn\u00ed d\u00e1ma Eva Pavlov\u00e1, n\u011bkdy spln\u00ed. Veronika Crha Z\u00e1horsk\u00e1, zakladatelka charitativn\u00edho projektu pro hendikepovan\u00e9 d\u011bti Korunka pom\u00e1h\u00e1, v\u0161ak toto p\u0159\u00e1n\u00ed p\u0159etavila do podoby vz\u00e1cn\u00e9ho a nezapomenuteln\u00e9ho setk\u00e1n\u00ed.<\/p>\n\n\n\n<p>B\u00e1ra str\u00e1vila v doprovodu sv\u00e9 maminky Jany Ma\u0165ov\u010d\u00edkov\u00e9 u Evy Pavlov\u00e9 dv\u011b hodiny. Setk\u00e1n\u00ed prov\u00e1zela velmi siln\u00e1 emotivn\u00ed atmosf\u00e9ra a v\u0161ichni si odnesli z\u00e1\u017eitek, na kter\u00fd do smrti nezapomenou.<\/p>\n\n\n\n<p>\u201eUpekly jsme dort podle na\u0161eho rodinn\u00e9ho receptu. Barunka dostala odznak \u010cesk\u00e9ho lva a kr\u00e1snou kytici, za co\u017e moc d\u011bkujeme. Jsou to pro n\u00e1s chv\u00edle, na kter\u00e9 d\u00edky vl\u00eddnosti prvn\u00ed d\u00e1my nikdy nezapomeneme,\u201c \u0159\u00edk\u00e1 B\u00e1\u0159ina maminka Jana Ma\u0165ov\u010d\u00edkov\u00e1.<\/p>\n\n\n\n<p>Jak\u00e1 byla n\u00e1v\u0161t\u011bva u Evy Pavlov\u00e9<\/p>\n\n\n\n<p>N\u00e1v\u0161t\u011bva u prvn\u00ed d\u00e1my p\u0159itom byla pro B\u00e1ru do posledn\u00ed chv\u00edle p\u0159ekvapen\u00edm. O setk\u00e1n\u00ed, kter\u00e9 domlouvala Veronika Crha Z\u00e1horsk\u00e1, Jana Ma\u0165ov\u010d\u00edkov\u00e1 sv\u00e9 dce\u0159i nic ne\u0159ekla. Pov\u011bd\u011bla j\u00ed jen to, \u017ee jedou spole\u010dn\u011b na v\u00fdlet. \u017de je c\u00edlem Pra\u017esk\u00fd hrad, na kter\u00e9m je p\u0159ijme Eva Pavlov\u00e1, z\u016fstalo B\u00e1\u0159e utajeno. Autem mohli p\u0159ijet a\u017e tam, kam p\u0159ij\u00ed\u017ed\u011bj\u00ed jen v\u00fdznamn\u00e9 st\u00e1tn\u00ed n\u00e1v\u0161t\u011bvy.<\/p>\n\n\n\n<p>\u201eBarunka v\u017edy \u0159\u00edkala, \u017ee by jednou cht\u011bla sv\u016fj p\u0159\u00edb\u011bh p\u0159evypr\u00e1v\u011bt n\u011bkomu, kdo je hodn\u011b zn\u00e1m\u00fd a m\u00e1 vliv. S pan\u00ed Evou Pavlovou si pov\u00eddaly o v\u0161em mo\u017en\u00e9m, nejen o nemoci. Bylo to p\u0159irozen\u00e9, p\u0159\u00edjemn\u00e9 a emotivn\u00ed posezen\u00ed ve velmi p\u0159\u00e1telsk\u00e9m prost\u0159ed\u00ed. M\u00edsto domluven\u00e9 hodiny jsme odch\u00e1zely a\u017e po dvou,\u201c vzpom\u00edn\u00e1 na ned\u00e1vn\u00e9 setk\u00e1n\u00ed Veronika Crha Z\u00e1horsk\u00e1.<\/p>\n\n\n\n<p>O B\u00e1\u0159e se pr\u00fd Eva Pavlov\u00e1 dozv\u011bd\u011bla u\u017e d\u0159\u00edve, a to od sv\u00e9 dcery, kter\u00e1 jej\u00ed p\u0159\u00edb\u011bh dlouhodob\u011b sleduje na Instagramu.<\/p>\n\n\n\n<p>\u201eOsobn\u011b si mysl\u00edm, \u017ee kdyby Barunka nem\u011bla takovou rodinu, jakou m\u00e1, nikdy by nem\u011bla tolik s\u00edly a energie na boj s tak v\u00e1\u017enou nemoc\u00ed. Jejich rodina je v\u00fdjime\u010dn\u00e1 a ka\u017ed\u00fd, kdo ji potk\u00e1, si ji mus\u00ed zamilovat. O tom hovo\u0159ila i Eva Pavlov\u00e1, kter\u00e1 byla velmi empatick\u00e1. D\u00e1vala n\u00e1m v\u0161em hodn\u011b najevo, \u017ee si v\u00e1\u017e\u00ed nejen toho, jak Barunka ke sv\u00e9 nemoci p\u0159istupuje, ale hlavn\u011b, jakou podporu m\u00e1 pr\u00e1v\u011b ve sv\u00e9 rodin\u011b,\u201c pokra\u010duje zakladatelka charitativn\u00edho projektu Korunka pom\u00e1h\u00e1.<\/p>\n\n\n\n<p>Na setk\u00e1n\u00ed s prvn\u00ed d\u00e1mou p\u0159ivezla B\u00e1\u0159ina maminka dort. Nen\u00ed divu, mlad\u00e1 d\u00edvka by se toti\u017e v budoucnu r\u00e1da stala cukr\u00e1\u0159kou. Eva Pavlov\u00e1 B\u00e1\u0159e na opl\u00e1tku v\u011bnovala pozlacen\u00fd odznak \u010cesk\u00e9ho lva. Ten p\u0159\u00edtomn\u00e9 d\u00e1my vn\u00edmaly jako vyznamen\u00e1n\u00ed za B\u00e1\u0159inu bojovnost a odvahu.<\/p>\n\n\n\n<p>\u201eBarunka je v\u00fdjime\u010dn\u00e1 bytost. V\u017edy byla. U\u017e p\u0159ed t\u00edm, ne\u017e p\u0159i\u0161la nemoc. V\u0161echny kolem sebe obohacuje, d\u011bl\u00e1 n\u00e1s lep\u0161\u00edmi a u\u010d\u00ed n\u00e1s, o \u010dem ten \u017eivot vlastn\u011b je. Ukazuje n\u00e1m, jak \u017e\u00edt naplno a jak si v\u00e1\u017eit drobnost\u00ed,\u201c dopl\u0148uje Veronika Crha Z\u00e1horsk\u00e1.<\/p>\n\n\n\n<p>Na konci setk\u00e1n\u00ed se B\u00e1ra s prvn\u00ed d\u00e1mou srde\u010dn\u011b a dlouze objaly. Teprve pot\u00e9 se rozlou\u010dily.<\/p>\n\n\n\n<p>Vrac\u00ed se j\u00ed kr\u00e1sa, n\u00e1dor se zmen\u0161uje<\/p>\n\n\n\n<p>Kdo B\u00e1ru Ma\u0165ov\u010d\u00edkovou sleduje, ten si nemohl nev\u0161imnout jej\u00ed v\u00fdrazn\u00e9 prom\u011bny. V posledn\u00edm roce j\u00ed za\u010daly op\u011bt r\u016fst vlasy, zmizely otoky a za\u010dal se j\u00ed vracet nejen p\u016fvab, ale p\u0159edev\u0161\u00edm \u00fasm\u011bv ve tv\u00e1\u0159i. Je\u0161t\u011b do ned\u00e1vna si v\u0161ak nikdo netroufal odhadovat, jak se bude B\u00e1\u0159in stav nad\u00e1le vyv\u00edjet.<\/p>\n\n\n\n<p>\u201eJe n\u00e1s v\u00edc, kdo nev\u00ed, jak na tom jsme. Na kontrolu jde Barunka p\u0159\u00ed\u0161t\u00ed t\u00fdden po roce. Kdy\u017e byla p\u0159ed rokem na kontrole, necht\u011bli ji l\u00e9ka\u0159i pustit z nemocnice v\u016fbec dom\u016f. Barunka ale odm\u00edtla hospitalizaci s t\u00edm, \u017ee jestli m\u00e1 um\u0159\u00edt, tak chce b\u00fdt doma,\u201c uvedla ned\u00e1vno Jana Ma\u0165ov\u010d\u00edkov\u00e1.<\/p>\n\n\n\n<p>Pak se ale na B\u00e1\u0159in\u00fdch soci\u00e1ln\u00edch s\u00edt\u00edch objevila skv\u011bl\u00e1 zpr\u00e1va. P\u0159i\u0161el s n\u00ed Daniel Fiala, kter\u00fd se zab\u00fdv\u00e1 \u010d\u00ednskou medic\u00ednou a B\u00e1\u0159e dod\u00e1v\u00e1 p\u0159\u00edrodn\u00ed dopl\u0148ky ve form\u011b hub nalo\u017een\u00fdch v medu.<\/p>\n\n\n\n<p>\u201eM\u00e1m pro V\u00e1s \u00fa\u017easnou zpr\u00e1vu! Barunka je na tom l\u00e9pe. V\u00fdsledky uk\u00e1zaly, \u017ee se n\u00e1dor zmen\u0161il. A v\u00edte pro\u010d? Proto\u017ee je neskute\u010dn\u00e1 bojovnice a m\u00e1 vedle sebe skv\u011blou rodinu,\u201c sd\u00edlel aktualitu se v\u0161emi, kte\u0159\u00ed B\u00e1\u0159in p\u0159\u00edb\u011bh sleduj\u00ed.<\/p>\n\n\n\n<p>Nejen on, ale i mnoho dal\u0161\u00edch lid\u00ed v\u011b\u0159\u00ed, \u017ee je to pr\u00e1v\u011b B\u00e1\u0159ino vnit\u0159n\u00ed nastaven\u00ed a odhodl\u00e1n\u00ed, kter\u00e9 j\u00ed umo\u017e\u0148uj\u00ed s nadhledem \u010delit v\u00e1\u017en\u00e9 diagn\u00f3ze.<\/p>\n\n\n\n<p>\u201eJe to hrozn\u011b jednoduch\u00e9, bu\u010f \u010dlov\u011bk bojuje, nebo se z toho zhrout\u00ed. To je pak konec v\u0161eho. My jsme se doma rozhodli, \u017ee si to ud\u011bl\u00e1me hezk\u00e9, tak to m\u00e1me hezk\u00e9. Jsme ale r\u00e1di, \u017ee se toho za posledn\u00ed rok moc nezm\u011bnilo. Jak Barunka, tak my, jsme p\u0159edev\u0161\u00edm r\u00e1di, \u017ee \u017eije,\u201c \u0159ekla pro Den\u00edk p\u0159ed p\u00e1r t\u00fddny B\u00e1\u0159ina maminka Jana Ma\u0165ov\u010d\u00edkov\u00e1.<\/p>\n\n\n\n<p>Knihu dopsala, sn\u00ed o cukr\u00e1rn\u011b<\/p>\n\n\n\n<p>Barunka i nad\u00e1le pokra\u010duje v rehabilitac\u00edch v prost\u011bjovsk\u00e9 nemocnici a v\u0161ichni z n\u00ed maj\u00ed radost. Po vysazen\u00ed kortikoid\u016f bere l\u00e9ky proti projev\u016fm epilepsie a u\u017e\u00edv\u00e1 dopl\u0148ky stravy na podporu imunitn\u00edho syst\u00e9mu. Rovn\u011b\u017e doch\u00e1z\u00ed na logopedii. Nav\u00edc dopsala s pomoc\u00ed maminky svou knihu o tom, \u017ee \u010dlov\u011bk nem\u00e1 nic vzd\u00e1vat.<\/p>\n\n\n\n<p>\u201eKn\u00ed\u017eka je dopsan\u00e1, moment\u00e1ln\u011b je na korektu\u0159e a v\u011b\u0159\u00edme, \u017ee se v\u0161e povede a kniha si najde sv\u00e9 \u010dten\u00e1\u0159e. Jedn\u00edm z Barun\u010din\u00fdch sn\u016f v\u0161ak st\u00e1le je m\u00edt vlastn\u00ed cukr\u00e1rnu,\u201c \u0159\u00edk\u00e1 B\u00e1\u0159ina maminka s t\u00edm, \u017ee pokud se k\u0159est knihy uskute\u010dn\u00ed v Praze, p\u0159isl\u00edbila svou \u00fa\u010dast i prvn\u00ed d\u00e1ma Eva Pavlov\u00e1. Pr\u00fd se r\u00e1da stane jednou z kmoter.<\/p>\n\n\n\n<p>Hlavn\u00ed motto knihy B\u00e1ry Ma\u0165ov\u010d\u00edkov\u00e9 zn\u00ed: \u201eNic se nem\u00e1 vzd\u00e1vat, za \u017e\u00e1dn\u00fdch okolnost\u00ed. V\u017edy je pot\u0159eba se radovat z \u010dehokoliv, co n\u00e1m aktu\u00e1ln\u011b m\u016f\u017ee d\u011blat radost.\u201c<\/p>\n\n\n\n<p>P\u0159epsala l\u00e9ka\u0159\u016fm tabulky<\/p>\n\n\n\n<p>Podle l\u00e9ka\u0159sk\u00fdch statistik tu dnes 28let\u00e1 B\u00e1ra Ma\u0165ov\u010d\u00edkov\u00e1 u\u017e d\u00e1vno nem\u011bla b\u00fdt.<\/p>\n\n\n\n<p>P\u0159ed propuknut\u00edm onemocn\u011bn\u00ed byla aktivn\u00ed mladou d\u00edvkou. N\u00e1hle v\u0161ak dostala epileptick\u00fd z\u00e1chvat, kter\u00fd odhalil zhoubn\u00fd n\u00e1dor na mozku.<\/p>\n\n\n\n<p>Rakovina ji n\u00e1sledn\u011b zm\u011bnila k nepozn\u00e1n\u00ed. Podstoupila chemoterapii, oza\u0159ov\u00e1n\u00ed, l\u00e9\u010dbu kortikoidy, ale nic nepomohlo.<\/p>\n\n\n\n<p>L\u00e9ka\u0159i B\u00e1\u0159e \u0159ekli, \u017ee u\u017e j\u00ed nedok\u00e1\u017eou pomoci. Ona se v\u0161ak vzep\u0159ela sv\u00e9mu osudu. Ji\u017e p\u00e1t\u00fdm rokem d\u00edky sv\u00e9 neutuchaj\u00edc\u00ed \u017eivotn\u00ed energii nemoci vzdoruje. Te\u010f to nav\u00edc vypad\u00e1, \u017ee se n\u00e1dor za\u010dal zmen\u0161ovat.<\/p>\n\n\n\n<p>Kate\u0159ina N\u011bmcov\u00e1<\/p>\n\n\n\n<p>Pra\u017esk\u00fd den\u00edk<\/p>\n\n\n\n<p><a href=\"https:\/\/prazsky.denik.cz\" target=\"_blank\" rel=\"noreferrer noopener\">https:\/\/prazsky.denik.cz<\/a><\/p>\n","protected":false},"excerpt":{"rendered":"<div class=\"mh-excerpt\"><p>Barbora Ma\u0165ov\u010d\u00edkov\u00e1 je inspirac\u00ed pro mnoho lid\u00ed, kte\u0159\u00ed bojuj\u00ed s v\u00e1\u017enou nemoc\u00ed \u010di se ocitli v jinak t\u00ed\u017eiv\u00e9 \u017eivotn\u00ed situaci. B\u00e1\u0159ino odhodl\u00e1n\u00ed nevzdat se a <a class=\"mh-excerpt-more\" href=\"https:\/\/www.invarena.cz\/?p=50756\" title=\"B\u00e1ra p\u0159i\u0161la o kr\u00e1su a m\u00e1lem tak\u00e9 o \u017eivot. Sleduj\u00ed ji tis\u00edce lid\u00ed i Eva Pavlov\u00e1\">[&#8230;]<\/a><\/p>\n<\/div>","protected":false},"author":1,"featured_media":14569,"comment_status":"open","ping_status":"closed","sticky":false,"template":"","format":"standard","meta":{"footnotes":""},"categories":[9],"tags":[],"class_list":["post-50756","post","type-post","status-publish","format-standard","has-post-thumbnail","hentry","category-zpravy"],"_links":{"self":[{"href":"https:\/\/www.invarena.cz\/index.php?rest_route=\/wp\/v2\/posts\/50756","targetHints":{"allow":["GET"]}}],"collection":[{"href":"https:\/\/www.invarena.cz\/index.php?rest_route=\/wp\/v2\/posts"}],"about":[{"href":"https:\/\/www.invarena.cz\/index.php?rest_route=\/wp\/v2\/types\/post"}],"author":[{"embeddable":true,"href":"https:\/\/www.invarena.cz\/index.php?rest_route=\/wp\/v2\/users\/1"}],"replies":[{"embeddable":true,"href":"https:\/\/www.invarena.cz\/index.php?rest_route=%2Fwp%2Fv2%2Fcomments&post=50756"}],"version-history":[{"count":0,"href":"https:\/\/www.invarena.cz\/index.php?rest_route=\/wp\/v2\/posts\/50756\/revisions"}],"wp:featuredmedia":[{"embeddable":true,"href":"https:\/\/www.invarena.cz\/index.php?rest_route=\/wp\/v2\/media\/14569"}],"wp:attachment":[{"href":"https:\/\/www.invarena.cz\/index.php?rest_route=%2Fwp%2Fv2%2Fmedia&parent=50756"}],"wp:term":[{"taxonomy":"category","embeddable":true,"href":"https:\/\/www.invarena.cz\/index.php?rest_route=%2Fwp%2Fv2%2Fcategories&post=50756"},{"taxonomy":"post_tag","embeddable":true,"href":"https:\/\/www.invarena.cz\/index.php?rest_route=%2Fwp%2Fv2%2Ftags&post=50756"}],"curies":[{"name":"wp","href":"https:\/\/api.w.org\/{rel}","templated":true}]}}