{"id":50762,"date":"2024-07-20T19:06:45","date_gmt":"2024-07-20T17:06:45","guid":{"rendered":"https:\/\/www.invarena.cz\/?p=50762"},"modified":"2024-07-20T19:06:46","modified_gmt":"2024-07-20T17:06:46","slug":"italie-nebo-zlaty-hattrick-v-olomouci-dusan-scambura-i-letos-sbira-medaile","status":"publish","type":"post","link":"https:\/\/www.invarena.cz\/?p=50762","title":{"rendered":"It\u00e1lie nebo zlat\u00fd hattrick v Olomouci, Du\u0161an \u0160\u010dambura i letos sb\u00edr\u00e1 medaile"},"content":{"rendered":"\n<p>Rovn\u011b\u017e tento rok d\u00e1v\u00e1 o sob\u011b \u0159\u00e1dn\u011b v\u011bd\u011bt \u0161umpersk\u00fd handicapovan\u00fd sportovec Du\u0161an \u0160\u010dambura, kter\u00fd ji\u017e \u0159adu let \u00fasp\u011b\u0161n\u011b reprezentuje v atletice nejenom svoje m\u011bsto, ale i celou \u010ceskou republiku.<\/p>\n\n\n\n<p>Loni byly jedn\u00edm z jeho vrchol\u016f Sportovn\u00ed hry v Thajsku, leto\u0161n\u00ed sez\u00f3nu pot\u00e9 odstartoval v italsk\u00e9m Jesolu, kde z\u00edskal zlatou medaili v hodu o\u0161t\u011bpem a st\u0159\u00edbro pak bral v hodu diskem.<\/p>\n\n\n\n<p>Na dom\u00e1c\u00ed sc\u00e9n\u011b se pozd\u011bji p\u0159edstavil p\u0159i Velk\u00e9 cen\u011b Pardubic a ani odsud neodjel s pr\u00e1zdnou, op\u011bt p\u0159ivezl hned t\u0159i cenn\u00e9 kovy.<\/p>\n\n\n\n<p>\u201eTady jsem z\u00edskal zlato v o\u0161t\u011bpu d\u00edky v\u00fdkonu 20,18 metr\u016f a st\u0159\u00edbro v kouli vrhem 7,80 metr\u016f. A disk, kter\u00fd dolet\u011bl na hranici 25,59 metr\u016f, mi tak\u00e9 vynesl druh\u00e9 m\u00edsto,\u201c pochlubil se svou bilanc\u00ed z v\u00fdchodu \u010cech Du\u0161an \u0160\u010dambura, jen\u017e pozd\u011bji zam\u00ed\u0159il za \u201eexotikou\u201c.<\/p>\n\n\n\n<p>P\u0159i z\u00e1vodech v Maroku ve m\u011bst\u011b Marake\u0161 sko\u010dil ve slou\u010den\u00e9 kategorii na celkov\u00e9m \u010dtvrt\u00e9m m\u00edst\u011b v discipl\u00edn\u00e1ch o\u0161t\u011bp a disk.<\/p>\n\n\n\n<p>Dal\u0161\u00ed kl\u00e1n\u00ed absolvoval \u0161umpersk\u00fd z\u00e1vodn\u00edk v Ostrav\u011b na Mistrovstv\u00ed \u010cesk\u00e9 republiky, tuzemsk\u00fd \u0161ampion\u00e1t nepostr\u00e1dal ani mezin\u00e1rodn\u00ed \u00fa\u010dast.<\/p>\n\n\n\n<p>Zde vybojoval zlato v hodu o\u0161t\u011bpem, st\u0159\u00edbro urval v kouli a disku, v sou\u010dtu i s konkurenc\u00ed zahrani\u010dn\u00edch \u00fa\u010dastn\u00edk\u016f.<\/p>\n\n\n\n<p>Krom\u011b nejr\u016fzn\u011bj\u0161\u00edch atletick\u00fdch m\u00edtink\u016f odstartoval Du\u0161an \u0160\u010dambura v tomto roce tak\u00e9 \u010deskou atletickou ligu.<\/p>\n\n\n\n<p>\u00davodn\u00ed podnik v Nov\u00e9m M\u011bst\u011b nad Metuj\u00ed pro n\u011bho m\u011bl n\u00e1dech st\u0159\u00edbra, kdy\u017e druh\u00e9 m\u00edsto z\u00edskal v kouli a o\u0161t\u011bpu.<\/p>\n\n\n\n<p>Zat\u00edm posledn\u00ed kl\u00e1n\u00ed na dom\u00e1c\u00ed sc\u00e9n\u011b skon\u010dilo pro \u0161umpersk\u00e9ho voz\u00ed\u010dk\u00e1\u0159e trojn\u00e1sobnou zlatou radost\u00ed, kdy\u017e na ned\u00e1vn\u00e9m Czech Open 2024 v Olomouci dominoval s o\u0161t\u011bpem, koul\u00ed i diskem.<\/p>\n\n\n\n<p>\u201eJsem r\u00e1d, \u017ee se mn\u011b takto zada\u0159ilo zrovna p\u0159ed vlastn\u00edm publikem,\u201c konstatoval po akci na Han\u00e9 Du\u0161an \u0160\u010dambura, jen\u017e z\u00e1vod\u00ed v barv\u00e1ch AC Olomouc.<\/p>\n\n\n\n<p>\u201eI kdy\u017e na druhou stranu s v\u00fdsledky jednotliv\u00fdch discipl\u00edn spokojen\u00fd moc nejsem, moje v\u00fdkony mohly b\u00fdt lep\u0161\u00ed, ale i tak to nakonec sta\u010dilo na prvenstv\u00ed,\u201c pousm\u00e1l se z\u00e1v\u011brem popul\u00e1rn\u00ed \u0161umpersk\u00fd sportovec.<\/p>\n\n\n\n<p>Miroslav Pergl<\/p>\n\n\n\n<p>\u0160umpersk\u00fd den\u00edk<\/p>\n\n\n\n<p><a href=\"https:\/\/sumpersky.denik.cz\" target=\"_blank\" rel=\"noreferrer noopener\">https:\/\/sumpersky.denik.cz<\/a><\/p>\n","protected":false},"excerpt":{"rendered":"<div class=\"mh-excerpt\"><p>Rovn\u011b\u017e tento rok d\u00e1v\u00e1 o sob\u011b \u0159\u00e1dn\u011b v\u011bd\u011bt \u0161umpersk\u00fd handicapovan\u00fd sportovec Du\u0161an \u0160\u010dambura, kter\u00fd ji\u017e \u0159adu let \u00fasp\u011b\u0161n\u011b reprezentuje v atletice nejenom svoje m\u011bsto, ale <a class=\"mh-excerpt-more\" href=\"https:\/\/www.invarena.cz\/?p=50762\" title=\"It\u00e1lie nebo zlat\u00fd hattrick v Olomouci, Du\u0161an \u0160\u010dambura i letos sb\u00edr\u00e1 medaile\">[&#8230;]<\/a><\/p>\n<\/div>","protected":false},"author":1,"featured_media":3695,"comment_status":"open","ping_status":"closed","sticky":false,"template":"","format":"standard","meta":{"footnotes":""},"categories":[9],"tags":[],"class_list":["post-50762","post","type-post","status-publish","format-standard","has-post-thumbnail","hentry","category-zpravy"],"_links":{"self":[{"href":"https:\/\/www.invarena.cz\/index.php?rest_route=\/wp\/v2\/posts\/50762","targetHints":{"allow":["GET"]}}],"collection":[{"href":"https:\/\/www.invarena.cz\/index.php?rest_route=\/wp\/v2\/posts"}],"about":[{"href":"https:\/\/www.invarena.cz\/index.php?rest_route=\/wp\/v2\/types\/post"}],"author":[{"embeddable":true,"href":"https:\/\/www.invarena.cz\/index.php?rest_route=\/wp\/v2\/users\/1"}],"replies":[{"embeddable":true,"href":"https:\/\/www.invarena.cz\/index.php?rest_route=%2Fwp%2Fv2%2Fcomments&post=50762"}],"version-history":[{"count":0,"href":"https:\/\/www.invarena.cz\/index.php?rest_route=\/wp\/v2\/posts\/50762\/revisions"}],"wp:featuredmedia":[{"embeddable":true,"href":"https:\/\/www.invarena.cz\/index.php?rest_route=\/wp\/v2\/media\/3695"}],"wp:attachment":[{"href":"https:\/\/www.invarena.cz\/index.php?rest_route=%2Fwp%2Fv2%2Fmedia&parent=50762"}],"wp:term":[{"taxonomy":"category","embeddable":true,"href":"https:\/\/www.invarena.cz\/index.php?rest_route=%2Fwp%2Fv2%2Fcategories&post=50762"},{"taxonomy":"post_tag","embeddable":true,"href":"https:\/\/www.invarena.cz\/index.php?rest_route=%2Fwp%2Fv2%2Ftags&post=50762"}],"curies":[{"name":"wp","href":"https:\/\/api.w.org\/{rel}","templated":true}]}}