{"id":50765,"date":"2024-07-20T19:17:48","date_gmt":"2024-07-20T17:17:48","guid":{"rendered":"https:\/\/www.invarena.cz\/?p=50765"},"modified":"2024-07-20T19:17:49","modified_gmt":"2024-07-20T17:17:49","slug":"strojvudce-prezil-srazku-vlaku-u-perninku-leci-se-vsak-jiz-ctvrtym-rokem","status":"publish","type":"post","link":"https:\/\/www.invarena.cz\/?p=50765","title":{"rendered":"Strojv\u016fdce p\u0159e\u017eil sr\u00e1\u017eku vlak\u016f u Perninku. L\u00e9\u010d\u00ed se v\u0161ak ji\u017e \u010dtvrt\u00fdm rokem"},"content":{"rendered":"\n<p>Jizvy ve tv\u00e1\u0159i i na t\u011ble budou dnes osmat\u0159icetilet\u00e9mu Milanu \u010capkovi u\u017e asi nav\u017edy p\u0159ipom\u00ednat, \u017ee 7. \u010dervence 2020 p\u0159e\u017eil sr\u00e1\u017eku dvou vlak\u016f u Perninku na Karlovarsku. P\u0159i t\u00e9 tehdy zem\u0159eli dva lid\u00ed a 24 dal\u0161\u00edch se zranilo. Jedn\u00edm z t\u011b\u017ece zran\u011bn\u00fdch byl i tehdej\u0161\u00ed strojv\u016fdce \u010capek, kter\u00fd se dodnes l\u00e9\u010d\u00ed. Na osudovou sr\u00e1\u017eku si v\u0161ak nepamatuje.<\/p>\n\n\n\n<p>\u201eVzpom\u00edn\u00e1m si jen, jak jsem p\u0159eb\u00edral motorovou jednotku ve stanici Karlovy Vary a potom a\u017e na nemocnici, kdy\u017e m\u011b za\u010dali prob\u00edrat z um\u011bl\u00e9ho sp\u00e1nku,\u201c \u0159\u00edk\u00e1 Milan \u010capek, kter\u00fd ve Fakultn\u00ed nemocnici Plze\u0148 podstoupil kompletn\u00ed rekonstrukci obli\u010deje, operace nohou i rukou a \u0159adu dal\u0161\u00edch l\u00e9ka\u0159sk\u00fdch v\u00fdkon\u016f.<\/p>\n\n\n\n<p>\u201eM\u011bl jsem rozbit\u00fd obli\u010dej, zlomen\u00e9 oba kotn\u00edky, prav\u00e9 z\u00e1p\u011bst\u00ed a pravou pa\u017ei, p\u00e1t\u00e9 a \u0161est\u00e9 \u017eebro, prop\u00edchnut\u00e9 ob\u011b pl\u00edce, zp\u0159etrhan\u00e9 vazy v koleni, poran\u011bnou kr\u010dn\u00ed tepnou a krv\u00e1cen\u00ed do mozku. V nemocnici v Plzni mi zachr\u00e1nili \u017eivot, byl jsem tam spokojen\u00fd. Jezd\u00edm do Plzn\u011b po\u0159\u00e1d na kontroly, nebo za l\u00e9\u010dbou, v\u011bt\u0161inou jezd\u00edm s mamkou, s\u00e1m jezd\u00edm m\u00e1lokdy. Jsem chod\u00edc\u00ed \u017eelez\u00e1\u0159stv\u00ed, kolik m\u00e1m v sob\u011b r\u016fzn\u00e9ho materi\u00e1lu,\u201c sm\u011bje se mu\u017e.<\/p>\n\n\n\n<p>Ned\u00e1vno se vr\u00e1til z kliniky ve Vysok\u00e9m nad Jizerou, kter\u00e1 se specializuje na operace ruky a plastickou chirurgii. Tu mu doporu\u010dili v Plzni. Lev\u00e9 z\u00e1p\u011bst\u00ed m\u011bl toti\u017e rovn\u011b\u017e zlomen\u00e9, ale p\u0159i\u0161lo se na to a\u017e s del\u0161\u00edm \u010dasov\u00fdm odstupem. Ruka m\u011bla sn\u00ed\u017eenou pohyblivost, bolela a vytvo\u0159il se na n\u00ed pakloub.<\/p>\n\n\n\n<p>\u010capek se a\u017e pozd\u011bji dozv\u011bd\u011bl, \u017ee p\u0159i n\u00e1razu p\u0159i osudn\u00e9 nehod\u011b couvla cel\u00e1 motorov\u00e1 jednotka \u201eReg\u00edna\u201c o n\u011bkolik metr\u016f zp\u011bt. \u201ePodle informac\u00ed od dobrovoln\u00fdch hasi\u010d\u016f jsem z\u016fstal sed\u011bt na sedadle strojvedouc\u00edho, co\u017e mi asi zachr\u00e1nilo \u017eivot, i kdy\u017e prorazilo p\u0159ep\u00e1\u017eku mezi kabinou strojvedouc\u00edho a prostorem pro cestuj\u00edc\u00ed. V z\u00e1znamu rychlom\u011bru m\u00e1 b\u00fdt zaps\u00e1no, \u017ee jsem zat\u00e1hl p\u00e1ku rychlobrzdy a za\u0161l\u00e1pl ped\u00e1l houka\u010dky,\u201c dod\u00e1v\u00e1.<\/p>\n\n\n\n<p>T\u011b\u017ek\u00e9 chv\u00edle<\/p>\n\n\n\n<p>T\u011b\u017ek\u00e9 chv\u00edle za\u017e\u00edvala i jeho tehdej\u0161\u00ed p\u0159\u00edtelkyn\u011b a nyn\u011bj\u0161\u00ed man\u017eelka Alice.<\/p>\n\n\n\n<p>\u201eByl tak natekl\u00fd, \u017ee si ani n\u00e1\u0161 zn\u00e1m\u00fd, kter\u00fd ho vid\u011bl, jak ho vyn\u00e1\u0161ej\u00ed z vlaku, nebyl jist\u00fd, \u017ee je to on. Ale zavolal mi, \u017ee asi ano a \u017ee snad \u017eije. Okam\u017eit\u011b jsem za\u010dala obvol\u00e1vat Milanovy kolegy, zda o n\u011bm n\u011bco nev\u011bd\u00ed. Nev\u011bd\u011bli, pouze \u0159ekli, \u017ee tuto sm\u011bnu opravdu m\u011bl. Nasedla jsem do auta a zkusila zajet do karlovarsk\u00e9 nemocnice, tam je\u0161t\u011b nebyl \u017e\u00e1dn\u00fd zran\u011bn\u00fd. N\u00e1sledn\u011b jsem tedy vyrazila na m\u00edsto nehody do Perninku. A\u017e kolem sedm\u00e9 hodiny ve\u010der mi na m\u00edst\u011b koroner sd\u011blil, \u017ee pravd\u011bpodobn\u011b byl transportov\u00e1n do Plzn\u011b,\u201c vypr\u00e1v\u00ed \u017eena.<\/p>\n\n\n\n<p>\u201eKdy\u017e jsem i s rodi\u010di dorazila do Fakultn\u00ed nemocnice v Plzni, je\u0161t\u011b jej operovali. Za t\u0159i dny pak operovali ruce a nohy a o p\u00e1r dn\u00ed pozd\u011bji, kdy\u017e trochu splaskly otoky, obli\u010dej. Pak ho cht\u011bli poslat na dol\u00e9\u010den\u00ed do karlovarsk\u00e9 nemocnice, ale nakonec po p\u0159\u00edmluv\u011b z na\u0161eho krajsk\u00e9ho \u00fa\u0159adu putoval z Lochot\u00edna na odd\u011blen\u00ed dlouhodob\u00e9 intenzivn\u00ed o\u0161et\u0159ovatelsk\u00e9 p\u00e9\u010de DIOP do borsk\u00e9 \u010d\u00e1sti fakultn\u00ed nemocnice. Jezdila jsem za n\u00edm ka\u017ed\u00fd den i kdy\u017e byl v um\u011bl\u00e9m sp\u00e1nku, zhruba za t\u00fdden u\u017e ho za\u010dali prob\u00edrat a j\u00e1 najednou p\u0159i\u0161la na pokoj a Milan sed\u011bl na posteli a usm\u00edval se od ucha k uchu,\u201c vzpom\u00edn\u00e1.<\/p>\n\n\n\n<p>Vzali se zhruba rok po \u017eelezni\u010dn\u00ed nehod\u011b a u\u017e dva roky se raduj\u00ed z dcerky Ani\u010dky.<\/p>\n\n\n\n<p>A jej\u00ed tat\u00ednek, kter\u00fd je v invalidn\u00edm d\u016fchodu a pro pr\u00e1ci strojvedouc\u00edho u\u017e je vzhledem ke zdravotn\u00edmu stavu nezp\u016fsobil\u00fd, pl\u00e1nuje dal\u0161\u00ed budoucnost. \u201eJsem vystudovan\u00fd elektroenergetik a b\u00fdval\u00fd projektant silnoproud\u00fdch rozvod\u016f, a tak za\u010d\u00edn\u00e1m s elektroprojektov\u00e1n\u00edm. Cht\u011bl bych, aby n\u00e1s to u\u017eivilo,\u201c \u0159\u00edk\u00e1 mu\u017e, kter\u00fd se sna\u017e\u00ed v\u011bnovat i d\u0159\u00edv\u011bj\u0161\u00edmu velk\u00e9mu kon\u00ed\u010dku &#8211; sportu.<\/p>\n\n\n\n<p>\u201eJezdil jsem na koni, kole, ly\u017eoval. M\u011bl jsem dobrou kondici a to mi pomohlo p\u0159i l\u00e9\u010db\u011b a n\u00e1sledn\u00e9 rehabilitaci. Te\u010f za\u010d\u00edn\u00e1m op\u011bt lehce jezdit na koni. Beru to jako hiporehabilitaci, ale jezd\u00edm hodn\u011b opatrn\u011b. P\u0159i p\u011b\u0161\u00ed ch\u016fzi se hlavn\u011b u\u010d\u00edm padat, proto\u017ee operovan\u00e9 nohy u\u017e neslou\u017e\u00ed jako d\u0159\u00edv,\u201c usm\u00edv\u00e1 se Milan \u010capek a p\u0159ipom\u00edn\u00e1, \u017ee je vd\u011b\u010dn\u00fd nejen l\u00e9ka\u0159\u016fm, ale i rodin\u011b a mnoha kamar\u00e1d\u016fm, kte\u0159\u00ed mu v t\u011b\u017ek\u00fdch chv\u00edl\u00ed pom\u00e1hali a st\u00e1le pom\u00e1haj\u00ed.<\/p>\n\n\n\n<p>\u201eV\u0161em zdravotn\u00edk\u016fm, rodin\u011b, sv\u00e9 skv\u011bl\u00e9 man\u017eelce Alici, mamince, tat\u00ednkovi a p\u0159\u00e1tel\u016fm chci moc pod\u011bkovat. Jsou skv\u011bl\u00ed,\u201c uzav\u00edr\u00e1 Milan \u010capek.<\/p>\n\n\n\n<p>Komplikovan\u00e9 operace<\/p>\n\n\n\n<p>Podle p\u0159ednosty Stomatologick\u00e9 kliniky FN Plze\u0148 Luk\u00e1\u0161e Hauera utrp\u011bl Milan \u010capek t\u0159\u00ed\u0161tiv\u00e9 zlomeniny obli\u010dejov\u00fdch kost\u00ed v\u010detn\u011b v\u00edce\u010detn\u00e9 fraktury doln\u00ed \u010delisti s posti\u017een\u00edm obou kloubn\u00edch v\u00fdb\u011b\u017ek\u016f.<\/p>\n\n\n\n<p>\u201eU t\u011bchto z\u00e1va\u017en\u00fdch \u00faraz\u016f se chirurgick\u00e9 o\u0161et\u0159en\u00ed obli\u010dejov\u00e9ho skeletu \u010dasto prov\u00e1d\u00ed s odstupem, proto\u017ee jsou tyto stavy akutn\u011b spojeny s rozs\u00e1hl\u00fdmi otoky. Ty nejen\u017ee st\u00edraj\u00ed charakteristick\u00e9 rysy v obli\u010deji, ale v\u00fdrazn\u011b znesnad\u0148uj\u00ed i opera\u010dn\u00ed p\u0159\u00edstup,\u201c popisuje p\u0159ednosta a dod\u00e1v\u00e1, \u017ee c\u00edlem je rekonstruovat obli\u010dej do p\u016fvodn\u00ed podoby srovn\u00e1n\u00edm \u00falomk\u016f kost\u00ed a jejich zafixov\u00e1n\u00edm pomoc\u00ed dlah a \u0161roub\u016f.<\/p>\n\n\n\n<p>\u201eJde n\u00e1m nejen o estetiku, tak\u017ee \u0159ezy vedeme v dutin\u011b \u00fastn\u00ed, p\u0159es o\u010dn\u00ed spojivku nebo z mal\u00fdch p\u0159\u00edstup\u016f z ko\u017en\u00edch vr\u00e1sek, ale d\u016fle\u017eit\u00e9 je tak\u00e9 obnoven\u00ed funkce. Mus\u00edme se samoz\u0159ejm\u011b vyvarovat po\u0161kozen\u00ed \u0159ady d\u016fle\u017eit\u00fdch struktur v obli\u010deji, nap\u0159\u00edklad nerv\u016f. Snahou je, aby pacient pot\u00e9 mohl norm\u00e1ln\u011b h\u00fdbat doln\u00ed \u010delist\u00ed a m\u011bl postaven\u00ed zub\u016f, ale tak\u00e9 o\u010dn\u00edch bulb\u016f, jako p\u0159ed \u00farazem. Jsou zde vysok\u00e9 n\u00e1roky na p\u0159esnost repozice. Jen tak je zaji\u0161t\u011bno, \u017ee nemocn\u00fd bude vypadat p\u0159irozen\u011b a bude vid\u011bt, j\u00edst, mluvit a d\u00fdchat jako d\u0159\u00edve. Jedn\u00e1 se v\u011bt\u0161inou o n\u011bkolikahodinov\u00e9 operace s vyu\u017eit\u00edm des\u00edtek titanov\u00fdch dlah a \u0161roub\u016f, \u010dasto s nutnost\u00ed chirurgick\u00e9ho zaji\u0161t\u011bn\u00ed d\u00fdchac\u00edch cest tracheostomi\u00ed,\u201c \u0159\u00edk\u00e1.<\/p>\n\n\n\n<p>Hojen\u00ed a rehabilitace se pohybuje v \u0159\u00e1du m\u011bs\u00edc\u016f. V\u00fdjimkou nejsou ani sekund\u00e1rn\u00ed plastick\u00e9 \u00fapravy m\u011bkk\u00fdch tk\u00e1n\u00ed nebo n\u00e1sledn\u00e1 ortodontick\u00e1 korekce skusu pomoc\u00ed rovn\u00e1tek, kter\u00e9 v sou\u010dasn\u00e9 dob\u011b Milan \u010capek st\u00e1le nos\u00ed.<\/p>\n\n\n\n<p>P\u0159ednosta Kliniky ortopedie a traumatologie pohybov\u00e9ho \u00fastroj\u00ed FN Plze\u0148 Ji\u0159\u00ed Mat\u011bjka \u0159\u00edk\u00e1, \u017ee \u010capkova operace pat\u0159ila k nejn\u00e1ro\u010dn\u011bj\u0161\u00edm \u00fakol\u016fm kliniky.<\/p>\n\n\n\n<p>\u201eJsme velmi pot\u011b\u0161eni, \u017ee spole\u010dn\u00fd pacient multioborov\u00e9 p\u00e9\u010de ve FN je po t\u011b\u017ek\u00e9m \u00farazu t\u00e9m\u011b\u0159 v po\u0159\u00e1dku. Pacient dodnes doch\u00e1z\u00ed na kontroly na na\u0161i kliniku a p\u0159i kontrole RTG postaven\u00ed v\u0161ech zlomenin lze konstatovat, \u017ee z ortopedick\u00e9ho hlediska je v\u00fdsledek co nejlep\u0161\u00ed mo\u017en\u00fd,\u201c uv\u00e1d\u00ed p\u0159ednosta.<\/p>\n\n\n\n<p>Dod\u00e1v\u00e1, \u017ee pacient byl p\u0159ev\u00e1\u017en\u011b hospitalizov\u00e1n na KARIM, ale i na klinice Ortopedie a traumatologie pohybov\u00e9ho \u00fastroj\u00ed a na dal\u0161\u00edch odd\u011blen\u00edch. \u201eByl operov\u00e1n stomatochirurgy, l\u00e9\u010den chirurgy. P\u00e9\u010de o n\u011bj pat\u0159ila k jedn\u00edm z nejn\u00e1ro\u010dn\u011bj\u0161\u00edch \u00fakol\u016f zejm\u00e9na l\u00e9ka\u0159\u016f KARIM, kte\u0159\u00ed toto velmi t\u011b\u017ek\u00e9 polytrauma perfektn\u011b zvl\u00e1dli a pacienta s pomoc\u00ed v\u0161ech ostatn\u00edch z\u00fa\u010dastn\u011bn\u00fdch vr\u00e1tili do \u017eivota,\u201c uzav\u00edr\u00e1 p\u0159ednosta.<\/p>\n\n\n\n<p>Alena Nov\u00e1<\/p>\n\n\n\n<p>Den\u00edk.cz<\/p>\n\n\n\n<p><a href=\"https:\/\/www.denik.cz\" target=\"_blank\" rel=\"noreferrer noopener\">https:\/\/www.denik.cz<\/a><\/p>\n","protected":false},"excerpt":{"rendered":"<div class=\"mh-excerpt\"><p>Jizvy ve tv\u00e1\u0159i i na t\u011ble budou dnes osmat\u0159icetilet\u00e9mu Milanu \u010capkovi u\u017e asi nav\u017edy p\u0159ipom\u00ednat, \u017ee 7. \u010dervence 2020 p\u0159e\u017eil sr\u00e1\u017eku dvou vlak\u016f u Perninku <a class=\"mh-excerpt-more\" href=\"https:\/\/www.invarena.cz\/?p=50765\" title=\"Strojv\u016fdce p\u0159e\u017eil sr\u00e1\u017eku vlak\u016f u Perninku. L\u00e9\u010d\u00ed se v\u0161ak ji\u017e \u010dtvrt\u00fdm rokem\">[&#8230;]<\/a><\/p>\n<\/div>","protected":false},"author":1,"featured_media":31640,"comment_status":"open","ping_status":"closed","sticky":false,"template":"","format":"standard","meta":{"footnotes":""},"categories":[9],"tags":[],"class_list":["post-50765","post","type-post","status-publish","format-standard","has-post-thumbnail","hentry","category-zpravy"],"_links":{"self":[{"href":"https:\/\/www.invarena.cz\/index.php?rest_route=\/wp\/v2\/posts\/50765","targetHints":{"allow":["GET"]}}],"collection":[{"href":"https:\/\/www.invarena.cz\/index.php?rest_route=\/wp\/v2\/posts"}],"about":[{"href":"https:\/\/www.invarena.cz\/index.php?rest_route=\/wp\/v2\/types\/post"}],"author":[{"embeddable":true,"href":"https:\/\/www.invarena.cz\/index.php?rest_route=\/wp\/v2\/users\/1"}],"replies":[{"embeddable":true,"href":"https:\/\/www.invarena.cz\/index.php?rest_route=%2Fwp%2Fv2%2Fcomments&post=50765"}],"version-history":[{"count":0,"href":"https:\/\/www.invarena.cz\/index.php?rest_route=\/wp\/v2\/posts\/50765\/revisions"}],"wp:featuredmedia":[{"embeddable":true,"href":"https:\/\/www.invarena.cz\/index.php?rest_route=\/wp\/v2\/media\/31640"}],"wp:attachment":[{"href":"https:\/\/www.invarena.cz\/index.php?rest_route=%2Fwp%2Fv2%2Fmedia&parent=50765"}],"wp:term":[{"taxonomy":"category","embeddable":true,"href":"https:\/\/www.invarena.cz\/index.php?rest_route=%2Fwp%2Fv2%2Fcategories&post=50765"},{"taxonomy":"post_tag","embeddable":true,"href":"https:\/\/www.invarena.cz\/index.php?rest_route=%2Fwp%2Fv2%2Ftags&post=50765"}],"curies":[{"name":"wp","href":"https:\/\/api.w.org\/{rel}","templated":true}]}}